{"id":739978,"date":"2026-08-31T08:59:18","date_gmt":"2026-08-31T08:59:18","guid":{"rendered":"https:\/\/www.europesays.com\/es\/739978\/"},"modified":"2026-08-31T08:59:18","modified_gmt":"2026-08-31T08:59:18","slug":"por-que-no-hay-vuelta-a-espana-hoy-lunes-31-de-agosto-y-cuando-empieza-la-proxima-etapa","status":"publish","type":"post","link":"https:\/\/www.europesays.com\/es\/739978\/","title":{"rendered":"\u00bfPor qu\u00e9 no hay Vuelta a Espa\u00f1a hoy, lunes 31 de agosto, y cu\u00e1ndo empieza la pr\u00f3xima etapa"},"content":{"rendered":"<p class=\"ft-text\"><a class=\"ft-link ft-link--decoration\" href=\"https:\/\/www.sport.es\/es\/videos\/ciclismo\/la-vuelta\/20260830\/enric-lleva-novena-etapa-vuelta\/133784063.shtml\" rel=\"nofollow noopener\" target=\"_blank\">La victoria de Enric Mas en el Alto de Aitana puso el broche a la primera semana de competici\u00f3n de la Vuelta a Espa\u00f1a<\/a>. Despu\u00e9s de unas \u00faltimas jornadas convulsas tras el abandono de Tadej Pogacar y la apertura de la carrera por el codiciado maillot rojo, el pelot\u00f3n se prepara para afrontar una fase decisiva de la carrera, en la que las cuatro clasificaciones comenzar\u00e1n a inclinarse hacia sus principales contendientes.<\/p>\n<p class=\"ft-text\"><strong>Disputadas ya las 9 primeras etapas, algunos ciclistas avanzan en firme hacia la consecuci\u00f3n de sus respectivos objetivos<\/strong>. Oscar Onley lidera la clasificaci\u00f3n de j\u00f3venes por delante de los dos contendientes del Decathlon, Leo Bisiaux y Matthew Riccitiello, con la \u00fanica diferencia de que el de INEOS s\u00ed que tiene aspiraciones en la general. Wout van Aert es el l\u00edder a los puntos la amenaza de Mads Pedersen y Santiago Buitrago luce el maillot de monta\u00f1a ante el empuje de un Enric Mas que lidera la general.<\/p>\n<p class=\"ft-text\">Todas estas batallas tendr\u00e1n continuidad con el pistoletazo de salida <strong>la etapa 10, una etapa sinuosa en la que los equipos de velocistas deber\u00e1n controlar la carrera para evitar que la previsible fuga se extienda hasta la meta<\/strong>. Sin embargo, estas tendr\u00e1n que esperar, ya que este lunes 31 de agosto el pelot\u00f3n se toma un tan merecido como necesario descanso.<\/p>\n<p><img decoding=\"async\" src=\"https:\/\/www.europesays.com\/es\/wp-content\/uploads\/2026\/08\/14661f08-b4a0-4ccc-9559-44852b6cdd8f_alta-libre-aspect-ratio_default_0_x600y225.jpg\" width=\"1200\" height=\"675\" alt=\"El perfil de la etapa 10 de la Vuelta a Espa\u00f1a 2026\" class=\"ft-helper-img-rd\" loading=\"lazy\" fetchpriority=\"auto\"\/><\/p>\n<p class=\"ft-helper-fontColor-quaternary ft-helper-fontSize-body-S ft-helper-spacer-t-xxs\">El perfil de la etapa 10 de la Vuelta a Espa\u00f1a 2026  \/ La Vuelta<\/p>\n<p>\u00bfPor qu\u00e9 no hay etapa de la Vuelta a Espa\u00f1a 2026 hoy?<\/p>\n<p class=\"ft-text\">La Vuelta a Espa\u00f1a 2026, igual que las 81 ediciones anteriores, est\u00e1 dividido en 21 etapas. <strong>Estas llevan al pelot\u00f3n a trav\u00e9s de diveros rincones del territorio espa\u00f1ol-y este a\u00f1o parte de M\u00f3naco, Francia y Andorra- que, en mayor o menos medida, suponen un desgaste para los corredores<\/strong>, por lo que la competici\u00f3n reserva una serie de jornadas de descanso.<\/p>\n<p class=\"ft-text\"><strong>La primera &#8216;pausa&#8217; de La Vuelta llega este lunes 31 de agosto <\/strong>con el objetivo de que el pelot\u00f3n pueda recuperar fuerzas tras 9 jornadas tan exigentes como accidentada, mientras que el segundo y \u00faltimo descanso estar\u00e1 previsto para el pr\u00f3ximo lunes 7 de septiembre.<\/p>\n<p><img decoding=\"async\" src=\"https:\/\/www.europesays.com\/es\/wp-content\/uploads\/2026\/08\/67eaba37-2890-4b8f-b411-7ea3a7ed92df_alta-libre-aspect-ratio_default_0_x1000y444.jpg\" width=\"1200\" height=\"800\" alt=\"La etapa 8 de la Vuelta a Espa\u00f1a, en im\u00e1genes.\" class=\"ft-helper-img-rd\" loading=\"lazy\" fetchpriority=\"auto\"\/><\/p>\n<p class=\"ft-helper-fontColor-quaternary ft-helper-fontSize-body-S ft-helper-spacer-t-xxs\">El pelot\u00f3n, durante una etapa de la Vuelta a Espa\u00f1a  \/ Javier Lizon \/ EFE<\/p>\n<p>\u00bfCu\u00e1ndo empieza la pr\u00f3xima etapa de la Vuelta a Espa\u00f1a 2026?<\/p>\n<p class=\"ft-text\">La pr\u00f3xima etapa de la Vuelta a Espa\u00f1a 2026, con inicio en <strong>Alcaraz <\/strong>y final en <strong>Elche de la Sierra<\/strong>, se disputar\u00e1 este martes 1 de septiembre a partir de las 12:45 horas (CEST). <\/p>\n<p class=\"ft-text\">La etapa 10 de la ronda espa\u00f1ola contar\u00e1 con un recorrido de <strong>184,7 kil\u00f3metros y tres puertos puntuables<\/strong>, ambos de tercera categor\u00eda. <\/p>\n","protected":false},"excerpt":{"rendered":"La victoria de Enric Mas en el Alto de Aitana puso el broche a la primera semana de&hellip;\n","protected":false},"author":2,"featured_media":739979,"comment_status":"","ping_status":"","sticky":false,"template":"","format":"standard","meta":{"footnotes":""},"categories":[273],"tags":[22655,296,313,312,168,25,24,314,315,1051,3850,23,167,1357],"class_list":["post-739978","post","type-post","status-publish","format-standard","has-post-thumbnail","category-ciclismo","tag-22655","tag-agosto","tag-ciclismo","tag-cycling","tag-deportes","tag-es","tag-espana","tag-etapa","tag-hoy","tag-lunes","tag-proxima","tag-spain","tag-sports","tag-vuelta"],"share_on_mastodon":{"url":"https:\/\/pubeurope.com\/@es\/117189305092669892","error":""},"_links":{"self":[{"href":"https:\/\/www.europesays.com\/es\/wp-json\/wp\/v2\/posts\/739978","targetHints":{"allow":["GET"]}}],"collection":[{"href":"https:\/\/www.europesays.com\/es\/wp-json\/wp\/v2\/posts"}],"about":[{"href":"https:\/\/www.europesays.com\/es\/wp-json\/wp\/v2\/types\/post"}],"author":[{"embeddable":true,"href":"https:\/\/www.europesays.com\/es\/wp-json\/wp\/v2\/users\/2"}],"replies":[{"embeddable":true,"href":"https:\/\/www.europesays.com\/es\/wp-json\/wp\/v2\/comments?post=739978"}],"version-history":[{"count":0,"href":"https:\/\/www.europesays.com\/es\/wp-json\/wp\/v2\/posts\/739978\/revisions"}],"wp:featuredmedia":[{"embeddable":true,"href":"https:\/\/www.europesays.com\/es\/wp-json\/wp\/v2\/media\/739979"}],"wp:attachment":[{"href":"https:\/\/www.europesays.com\/es\/wp-json\/wp\/v2\/media?parent=739978"}],"wp:term":[{"taxonomy":"category","embeddable":true,"href":"https:\/\/www.europesays.com\/es\/wp-json\/wp\/v2\/categories?post=739978"},{"taxonomy":"post_tag","embeddable":true,"href":"https:\/\/www.europesays.com\/es\/wp-json\/wp\/v2\/tags?post=739978"}],"curies":[{"name":"wp","href":"https:\/\/api.w.org\/{rel}","templated":true}]}}