{"id":739984,"date":"2026-08-31T09:05:20","date_gmt":"2026-08-31T09:05:20","guid":{"rendered":"https:\/\/www.europesays.com\/es\/739984\/"},"modified":"2026-08-31T09:05:20","modified_gmt":"2026-08-31T09:05:20","slug":"nueve-galerias-acercaran-al-unisono-la-diversidad-del-arte-contemporaneo-la-voz-de-galicia","status":"publish","type":"post","link":"https:\/\/www.europesays.com\/es\/739984\/","title":{"rendered":"Nueve galer\u00edas acercar\u00e1n al un\u00edsono la diversidad del arte contempor\u00e1neo &#8211; La Voz de Galicia"},"content":{"rendered":"<ol>\n<li><a href=\"https:\/\/news.google.com\/rss\/articles\/CBMi3AFBVV95cUxNSGlJWFQ0NlF1WS15bWhBZ2hlNzZQWU95dW1WZWZNckpVUjgyX2xMLTY5SGZrM2F3amNBOXBxZkNieXUxbXBwS1ppdXNqYWdreXMwUHhYZm1obHNvWlhlZEZ3Vlk2aDJSQzM5c1drSnhRNlR5RTE3X3pRYmFGNFhTeUIzSUlTM0gzN0xNSFNsQ0JvY2NWTjJCTUZLN21hMHRKd1VfQ2QtcWJPcWRkWGtTQ2J4RW9BMnlfWUs5eWhkSjVJRDh4T09Kc3FDaUZOZE9TSG9OU3lNSU4xUkRR?oc=5\" target=\"_blank\" rel=\"nofollow noopener\">Nueve galer\u00edas acercar\u00e1n al un\u00edsono la diversidad del arte contempor\u00e1neo<\/a>&nbsp;&nbsp;La Voz de Galicia<\/li>\n<li><a href=\"https:\/\/news.google.com\/rss\/articles\/CBMizwFBVV95cUxNT2lVSndrcjJRaWotWjFqUUlfcjZyREJVNndOMWUtTklrVkFYSmc4Uk5FZVFsNDdRQ2xvc1NJamdVRFd4b2N2d2FCREprV0tnRkROZmUxYUxYd3pPTzVfWllteEkzam5kMTlWN1ZIelRxY09UR0RWUnoweVRjT05ybFdVWkRSS20zNzh4LTlBcFNVMVNSbWlDWC1LZUt0dzJrRHNqaUlMMExqdTJ3ZzRDVGJ2aUp6UU0wS1ZDVkhWYk9BMllSajVxaHotSGNqS2_SAdQBQVVfeXFMTXkwNmsweXRzX3BXRm5XamdvM1d5cDNXX2NuTV9EYldTX3ZReDlRMXRWdkg4a21LQkpTT0hSX3dqNjVzQ2xqT2NFSjBkdnJrRXZFbGxsX0pMNHZqVlQ2RkVtZjhpN0UxbVctT3ZvMGRyNVp4SU5xZzB3UEVJYnNVVldkUl8xZHhfSk41eDRZc1pJamNpZWRaeEFfNDFoLTdwQ1o0VjRUbFRhUnlZMVFfSEtiYU1TSmZWLUF1SVlQZUxvelpkcnJRX2dWbnkwRkJvUDBFaXM?oc=5\" target=\"_blank\" rel=\"nofollow noopener\">A Coru\u00f1a se convierte en capital del arte gallego con el nacimiento de Coru\u00f1a Arte Aberta<\/a>&nbsp;&nbsp;El Espa\u00f1ol<\/li>\n<li><a href=\"https:\/\/news.google.com\/rss\/articles\/CBMihAJBVV95cUxQcGhfVmZTWEdIeHNhNkVYQ0ZGVnUyWk1aOXB5N0ZZT2RJaTRaQmo4RzRiUEEzWC15UzQ1ZVZHeGlSbHBtV0VwcXMyOUhZbkE3MmdwcHg0V0JqZms2NDFTejU2X3NFemVqVXRMUHJMVW90dFlKRjBjMHY2RXE2WkRGcnA0dTktS09CeFRuYzNLRWVIdXdCb2djVmVsVFRlLXhET3o4MVNQY2lfY2JCSVNQeUxCaHNaWlVTdU53ZV84aU84RTJvcWFtbkI5OF9iZEJRZ24tMWR6Q0ozcXRnc0NRMzdKWFZBSmxwR1ZWYzBpbjlHUDdzZFFrcFJMUWVRRDNvUmh0eQ?oc=5\" target=\"_blank\" rel=\"nofollow noopener\">Nace CAbe (Coru\u00f1a Arte Aberta), una iniciativa para articular y visibilizar el arte contempor\u00e1neo hecho en Galicia<\/a>&nbsp;&nbsp;El Ideal Gallego<\/li>\n<li><a href=\"https:\/\/news.google.com\/rss\/articles\/CBMi2AFBVV95cUxQOEFLU1pkRGNGM1BFUlJrelBMR2g1Y1poWTNmNzRxLU5aMVEzQmtlWnltRW9vVjE0QnJoRm9YQ09ZWHZqZGFVZmxISFNaUGNhQ3ZfRjdLYnpDc3dibXFnY1NQRzdJRzU1c0d5WW52NmNCU3FNbGM0SFhYYkRLLUlVQ2RHOFkxRTZIM3NCTVgtWlBUUDBUTFFqVXEyd3hjOXljUmZLWlVvMWpZYUxYSmplSHdNR1l4MW1COGV5blk5blp4OE1WS0ZwTXI1ZG1BMTZ2QUFKWTYyNVo?oc=5\" target=\"_blank\" rel=\"nofollow noopener\">Nace Coru\u00f1a Arte Aberta (CAbe), escaparate del arte contempor\u00e1neo gallego del 17 al 20 de septiembre<\/a>&nbsp;&nbsp;Diario de Santiago<\/li>\n<\/ol>\n","protected":false},"excerpt":{"rendered":"Nueve galer\u00edas acercar\u00e1n al un\u00edsono la diversidad del arte contempor\u00e1neo&nbsp;&nbsp;La Voz de Galicia A Coru\u00f1a se convierte en&hellip;\n","protected":false},"author":2,"featured_media":739985,"comment_status":"","ping_status":"","sticky":false,"template":"","format":"standard","meta":{"footnotes":""},"categories":[173],"tags":[229,233,231,230,232,234,146,147,25,1246,24,503,23],"class_list":["post-739984","post","type-post","status-publish","format-standard","has-post-thumbnail","category-arte-y-diseno","tag-arte","tag-arte-y-diseno","tag-arts","tag-arts-and-design","tag-design","tag-diseno","tag-entertainment","tag-entretenimiento","tag-es","tag-escultura","tag-espana","tag-pintura","tag-spain"],"share_on_mastodon":{"url":"https:\/\/pubeurope.com\/@es\/117189327330962395","error":""},"_links":{"self":[{"href":"https:\/\/www.europesays.com\/es\/wp-json\/wp\/v2\/posts\/739984","targetHints":{"allow":["GET"]}}],"collection":[{"href":"https:\/\/www.europesays.com\/es\/wp-json\/wp\/v2\/posts"}],"about":[{"href":"https:\/\/www.europesays.com\/es\/wp-json\/wp\/v2\/types\/post"}],"author":[{"embeddable":true,"href":"https:\/\/www.europesays.com\/es\/wp-json\/wp\/v2\/users\/2"}],"replies":[{"embeddable":true,"href":"https:\/\/www.europesays.com\/es\/wp-json\/wp\/v2\/comments?post=739984"}],"version-history":[{"count":0,"href":"https:\/\/www.europesays.com\/es\/wp-json\/wp\/v2\/posts\/739984\/revisions"}],"wp:featuredmedia":[{"embeddable":true,"href":"https:\/\/www.europesays.com\/es\/wp-json\/wp\/v2\/media\/739985"}],"wp:attachment":[{"href":"https:\/\/www.europesays.com\/es\/wp-json\/wp\/v2\/media?parent=739984"}],"wp:term":[{"taxonomy":"category","embeddable":true,"href":"https:\/\/www.europesays.com\/es\/wp-json\/wp\/v2\/categories?post=739984"},{"taxonomy":"post_tag","embeddable":true,"href":"https:\/\/www.europesays.com\/es\/wp-json\/wp\/v2\/tags?post=739984"}],"curies":[{"name":"wp","href":"https:\/\/api.w.org\/{rel}","templated":true}]}}