{"id":739986,"date":"2026-08-31T09:07:21","date_gmt":"2026-08-31T09:07:21","guid":{"rendered":"https:\/\/www.europesays.com\/es\/739986\/"},"modified":"2026-08-31T09:07:21","modified_gmt":"2026-08-31T09:07:21","slug":"ana-rosa-quintana-franganillo-e-iker-jimenez-eligen-ceuta-para-abrir-la-temporada-de-tv","status":"publish","type":"post","link":"https:\/\/www.europesays.com\/es\/739986\/","title":{"rendered":"Ana Rosa Quintana, Franganillo e Iker Jim\u00e9nez eligen Ceuta para abrir la temporada de TV"},"content":{"rendered":"<p class=\"c-paragraph\">Mientras<b> Pedro S\u00e1nchez <\/b>inaugura este lunes el nuevo curso pol\u00edtico concediendo una entrevista a <a href=\"https:\/\/www.heraldo.es\/noticias\/nacional\/2026\/05\/28\/aimar-bretos-se-pondra-frente-hoy-x-hoy-cadena-ser-sustituyendo-angels-barcelo-2024355.html\" title=\"Aimar Bretos se pondr\u00e1 al frente del Hoy por Hoy de la Cadena Ser sustituyendo a Angels Barcel\u00f3\" rel=\"nofollow noopener\" target=\"_blank\">Aimar Bretos<\/a> en el estreno del periodista vasco al frente del Hoy por hoy en la Cadena SER, lo cual puede contribuir a rebajar la tensi\u00f3n entre el Gobierno y Prisa, al presidente tambi\u00e9n podr\u00edan pitarle los o\u00eddos en televisi\u00f3n. A la misma hora, <b>Ana Rosa Quintana <\/b>y<b> Susanna Griso<\/b> regresar\u00e1n de sus vacaciones desde Ceuta, donde Mediaset y Atresmedia han decidido situar el arranque de sus respectivas temporadas matinales. La jornada continuar\u00e1 por la noche con<b> Carlos Franganillo e Iker Jim\u00e9nez,<\/b> tambi\u00e9n desplazados hasta la ciudad aut\u00f3noma.<\/p>\n","protected":false},"excerpt":{"rendered":"Mientras Pedro S\u00e1nchez inaugura este lunes el nuevo curso pol\u00edtico concediendo una entrevista a Aimar Bretos en el&hellip;\n","protected":false},"author":2,"featured_media":739987,"comment_status":"","ping_status":"","sticky":false,"template":"","format":"standard","meta":{"footnotes":""},"categories":[171],"tags":[683,146,147,25,24,81185,12929,27011,2465,23,214],"class_list":["post-739986","post","type-post","status-publish","format-standard","has-post-thumbnail","category-tv","tag-ana","tag-entertainment","tag-entretenimiento","tag-es","tag-espana","tag-franganillo","tag-iker","tag-quintana","tag-rosa","tag-spain","tag-tv"],"share_on_mastodon":{"url":"https:\/\/pubeurope.com\/@es\/117189335253797819","error":""},"_links":{"self":[{"href":"https:\/\/www.europesays.com\/es\/wp-json\/wp\/v2\/posts\/739986","targetHints":{"allow":["GET"]}}],"collection":[{"href":"https:\/\/www.europesays.com\/es\/wp-json\/wp\/v2\/posts"}],"about":[{"href":"https:\/\/www.europesays.com\/es\/wp-json\/wp\/v2\/types\/post"}],"author":[{"embeddable":true,"href":"https:\/\/www.europesays.com\/es\/wp-json\/wp\/v2\/users\/2"}],"replies":[{"embeddable":true,"href":"https:\/\/www.europesays.com\/es\/wp-json\/wp\/v2\/comments?post=739986"}],"version-history":[{"count":0,"href":"https:\/\/www.europesays.com\/es\/wp-json\/wp\/v2\/posts\/739986\/revisions"}],"wp:featuredmedia":[{"embeddable":true,"href":"https:\/\/www.europesays.com\/es\/wp-json\/wp\/v2\/media\/739987"}],"wp:attachment":[{"href":"https:\/\/www.europesays.com\/es\/wp-json\/wp\/v2\/media?parent=739986"}],"wp:term":[{"taxonomy":"category","embeddable":true,"href":"https:\/\/www.europesays.com\/es\/wp-json\/wp\/v2\/categories?post=739986"},{"taxonomy":"post_tag","embeddable":true,"href":"https:\/\/www.europesays.com\/es\/wp-json\/wp\/v2\/tags?post=739986"}],"curies":[{"name":"wp","href":"https:\/\/api.w.org\/{rel}","templated":true}]}}