{"id":740016,"date":"2026-08-31T09:28:24","date_gmt":"2026-08-31T09:28:24","guid":{"rendered":"https:\/\/www.europesays.com\/es\/740016\/"},"modified":"2026-08-31T09:28:24","modified_gmt":"2026-08-31T09:28:24","slug":"un-candelero-de-gaudi-de-1898-cierra-el-trimestre-dedicado-al-metal-en-el-museo-de-los-caminos","status":"publish","type":"post","link":"https:\/\/www.europesays.com\/es\/740016\/","title":{"rendered":"Un candelero de Gaud\u00ed de 1898 cierra el trimestre dedicado al metal en el Museo de los Caminos"},"content":{"rendered":"<p>El <strong>Museo de los Caminos del Palacio de Gaud\u00ed<\/strong> presenta durante septiembre un<strong> candelero de mesa dise\u00f1ado por Antonio Gaud\u00ed en 1898<\/strong> y procedente de la cripta de la<strong> Sagrada Familia<\/strong>. La pieza, realizada en hierro forjado, es la \u00faltima de las obras cedidas temporalmente por la bas\u00edlica barcelonesa con motivo del A\u00f1o Gaud\u00ed 2026.<\/p>\n<p>El candelero, de cuatro pies y estructura helicoidal, se incorpora a la capilla del Palacio de Gaud\u00ed, donde permanecer\u00e1 hasta finales de a\u00f1o junto a los otros dos candeleros que protagonizaron las piezas del mes de julio y agosto. Con su llegada concluye un trimestre dedicado al metal, uno de los materiales fundamentales en la trayectoria del arquitecto catal\u00e1n.<\/p>\n<p>A diferencia de algunas de las creaciones m\u00e1s ornamentales de Gaud\u00ed, el candelero destaca por su sencillez. Su dise\u00f1o responde a una funci\u00f3n concreta dentro del mobiliario lit\u00fargico de la cripta de la Sagrada Familia, pero al mismo tiempo refleja la atenci\u00f3n que el arquitecto prestaba a los objetos destinados al culto.<\/p>\n<p>La pieza est\u00e1 fechada en los<strong> primeros a\u00f1os del trabajo de Gaud\u00ed en la Sagrada Familia<\/strong>, cuando el arquitecto concibi\u00f3 no solo el edificio, sino tambi\u00e9n numerosos elementos vinculados a su uso religioso. Para Gaud\u00ed, arquitectura, mobiliario y objetos lit\u00fargicos deb\u00edan responder a una misma concepci\u00f3n est\u00e9tica y funcional.<\/p>\n<p>El inter\u00e9s del arquitecto por el metal estaba adem\u00e1s relacionado con sus propios or\u00edgenes. Hijo y nieto de caldereros, Gaud\u00ed creci\u00f3 familiarizado con el trabajo artesanal en el taller de su familia en Riudoms (Tarragona), una experiencia que contribuy\u00f3 a su conocimiento de los materiales y a su posterior defensa de los oficios artesanales.<\/p>\n<p>A lo largo de su carrera, <strong>el hierro y el bronce estuvieron presentes<\/strong> tanto en soluciones estructurales como en elementos decorativos, mobiliario y objetos lit\u00fargicos. Gaud\u00ed explor\u00f3 sus posibilidades mediante distintas t\u00e9cnicas y recurri\u00f3 con frecuencia a las formas de la naturaleza como fuente de inspiraci\u00f3n para sus dise\u00f1os.<\/p>\n<p>El candelero de septiembre completa el recorrido iniciado con el ejemplar de hierro forjado presentado en julio y continuado en agosto con un candelero de tres pies de bronce fundido. Las tres piezas, procedentes de la cripta de la Sagrada Familia, permiten observar distintas formas de trabajar el metal y de aplicarlo a objetos destinados al culto.<\/p>\n<p>La exhibici\u00f3n conjunta de los tres candeleros en la capilla del Palacio de Gaud\u00ed se prolongar\u00e1 hasta finales de 2026. La muestra forma parte del programa especial del <strong>A\u00f1o Gaud\u00ed<\/strong>, que este a\u00f1o est\u00e1 dedicado al arquitecto Antonio Gaud\u00ed con motivo del centenario de su fallecimiento.<\/p>\n<p>                    <a href=\"#\" rel=\"nofollow\" onclick=\"window.print(); return false;\" title=\"Printer Friendly, PDF &amp; Email\"><br \/>\n                    <img decoding=\"async\" src=\"https:\/\/www.europesays.com\/es\/wp-content\/uploads\/2026\/08\/1788168503_298_printfriendly-icon-md.png\" alt=\"Print Friendly, PDF &amp; Email\" class=\"pf-button-img\" style=\"width: 16px;height: 16px;\"\/><br \/>\n                    <\/a><\/p>\n<p>\n\tRelacionado\n<\/p>\n<p>                        <a class=\"share-bluesky\" href=\"https:\/\/bsky.app\/intent\/compose?text=https%3A%2F%2Fwww.astorgadigital.com%2Fun-candelero-de-gaudi-de-1898-cierra-el-trimestre-dedicado-al-metal-en-el-museo-de-los-caminos%2F\" target=\"_blank\" rel=\"noopener noreferrer nofollow\"><br \/>\n    <img decoding=\"async\" src=\"https:\/\/www.astorgadigital.com\/wp-content\/themes\/ebd-theme\/img\/iconos\/bluesky-blanco.svg\"\/><br \/>\n<\/a><\/p>\n","protected":false},"excerpt":{"rendered":"El Museo de los Caminos del Palacio de Gaud\u00ed presenta durante septiembre un candelero de mesa dise\u00f1ado por&hellip;\n","protected":false},"author":2,"featured_media":740017,"comment_status":"","ping_status":"","sticky":false,"template":"","format":"standard","meta":{"footnotes":""},"categories":[173],"tags":[229,233,231,230,61316,232,234,146,147,25,24,131351,131352,23],"class_list":["post-740016","post","type-post","status-publish","format-standard","has-post-thumbnail","category-arte-y-diseno","tag-arte","tag-arte-y-diseno","tag-arts","tag-arts-and-design","tag-au00f1o-gaudu00ed-2026","tag-design","tag-diseno","tag-entertainment","tag-entretenimiento","tag-es","tag-espana","tag-museo-de-los-caminos","tag-palacio-de-gaudu00ed","tag-spain"],"share_on_mastodon":{"url":"https:\/\/pubeurope.com\/@es\/117189419458518184","error":""},"_links":{"self":[{"href":"https:\/\/www.europesays.com\/es\/wp-json\/wp\/v2\/posts\/740016","targetHints":{"allow":["GET"]}}],"collection":[{"href":"https:\/\/www.europesays.com\/es\/wp-json\/wp\/v2\/posts"}],"about":[{"href":"https:\/\/www.europesays.com\/es\/wp-json\/wp\/v2\/types\/post"}],"author":[{"embeddable":true,"href":"https:\/\/www.europesays.com\/es\/wp-json\/wp\/v2\/users\/2"}],"replies":[{"embeddable":true,"href":"https:\/\/www.europesays.com\/es\/wp-json\/wp\/v2\/comments?post=740016"}],"version-history":[{"count":0,"href":"https:\/\/www.europesays.com\/es\/wp-json\/wp\/v2\/posts\/740016\/revisions"}],"wp:featuredmedia":[{"embeddable":true,"href":"https:\/\/www.europesays.com\/es\/wp-json\/wp\/v2\/media\/740017"}],"wp:attachment":[{"href":"https:\/\/www.europesays.com\/es\/wp-json\/wp\/v2\/media?parent=740016"}],"wp:term":[{"taxonomy":"category","embeddable":true,"href":"https:\/\/www.europesays.com\/es\/wp-json\/wp\/v2\/categories?post=740016"},{"taxonomy":"post_tag","embeddable":true,"href":"https:\/\/www.europesays.com\/es\/wp-json\/wp\/v2\/tags?post=740016"}],"curies":[{"name":"wp","href":"https:\/\/api.w.org\/{rel}","templated":true}]}}