{"id":740050,"date":"2026-08-31T09:56:09","date_gmt":"2026-08-31T09:56:09","guid":{"rendered":"https:\/\/www.europesays.com\/es\/740050\/"},"modified":"2026-08-31T09:56:09","modified_gmt":"2026-08-31T09:56:09","slug":"ridley-scott-se-estrella-en-taquilla-con-la-constelacion-del-perro","status":"publish","type":"post","link":"https:\/\/www.europesays.com\/es\/740050\/","title":{"rendered":"Ridley Scott se estrella en taquilla con \u00abLa constelaci\u00f3n del perro\u00bb"},"content":{"rendered":"<p>Ni siquiera el nombre de <a title=\"Ridley Scott\" href=\"https:\/\/www.larazon.es\/tags\/ridley-scott-1\" target=\"_blank\" rel=\"nofollow noopener\">Ridley Scott<\/a> parece suficiente para llenar las salas.<b> <a title=\"&quot;La constelaci\u00f3n del perro&quot;\" href=\"https:\/\/www.larazon.es\/cultura\/cine\/constelacion-perro-canto-cisne-ridley-scott_202608266a8c46e47b9bc81c9ed74949.html\" target=\"_blank\" rel=\"nofollow noopener\">\u00abLa constelaci\u00f3n del perro\u00bb<\/a>,<\/b> su nueva incursi\u00f3n en la ciencia ficci\u00f3n, <b>ha sufrido un importante pinchazo en su primer fin de semana en los cines estadounidenses: apenas 8 millones de d\u00f3lares<\/b>, pese a haberse estrenado en 3.330 salas. La pel\u00edcula qued\u00f3 relegada al quinto puesto de la taquilla, muy por detr\u00e1s de \u00abSpider-Man: Brand New Day\u00bb y del inesperado \u00e9xito de \u00abCoyote contra Acme\u00bb.<\/p>\n<p>El dato resulta especialmente preocupante teniendo en cuenta la<b> inversi\u00f3n realizada <\/b>por 20th Century Studios. Aunque las estimaciones sobre el presupuesto var\u00edan, la cifra manejada por The Numbers asciende a <b>110 millones de d\u00f3lares.<\/b> Con solo 8 millones en el mercado norteamericano y otros 11,3 millones en el internacional, la pel\u00edcula <b>suma de momento 19,3 millones de d\u00f3lares en todo el mundo<\/b>, una cantidad muy alejada de lo necesario para recuperar su inversi\u00f3n en salas.<\/p>\n<p>El fracaso<b> adquiere mayor dimensi\u00f3n al compararlo con la trayectoria reciente de Scott<\/b>. \u00abLa constelaci\u00f3n del perro\u00bb protagoniza uno de sus peores estrenos en Estados Unidos desde el a\u00f1o 2000. Solo \u00abUn buen a\u00f1o\u00bb (3,7 millones), \u00abEl \u00faltimo duelo\u00bb (4,7 millones), \u00abTodo el dinero del mundo\u00bb (5,6 millones) y \u00abEl consejero\u00bb (7,8 millones) tuvieron un debut inferior.<\/p>\n<p>Y eso ocurre<b> mientras \u00abLa Odisea\u00bb, dirigida por Nolan, contin\u00faa funcionando con enorme fuerza en la taquilla mundial, donde ya supera los 1.500 millones de d\u00f3lares. <\/b>El contraste no puede ser mayor: el mismo director que domina las listas con su epopeya de Nolan ve ahora c\u00f3mo su proyecto m\u00e1s modesto se hunde apenas llegar a los cines.<\/p>\n<p>Protagonizada por Jacob Elordi y Josh Brolin,<a title=\" &quot;La constelaci\u00f3n del perro&quot;\" href=\"https:\/\/www.larazon.es\/cultura\/cine\/critica-constelacion-perro-apocalipsis-flacido_202608266a8e35edae2f3735da13c260.html\" target=\"_blank\" rel=\"nofollow noopener\"> \u00abLa constelaci\u00f3n del perro\u00bb<\/a> adapta la novela posapocal\u00edptica de Peter Heller. En Espa\u00f1a lleg\u00f3 a los cines el pasado 26 de agosto.<\/p>\n","protected":false},"excerpt":{"rendered":"Ni siquiera el nombre de Ridley Scott parece suficiente para llenar las salas. \u00abLa constelaci\u00f3n del perro\u00bb, su&hellip;\n","protected":false},"author":2,"featured_media":740051,"comment_status":"","ping_status":"","sticky":false,"template":"","format":"standard","meta":{"footnotes":""},"categories":[169],"tags":[177,209,146,147,25,24,176,175,21470,23,4314],"class_list":["post-740050","post","type-post","status-publish","format-standard","has-post-thumbnail","category-cine","tag-cine","tag-cultura","tag-entertainment","tag-entretenimiento","tag-es","tag-espana","tag-film","tag-movies","tag-ridley-scott","tag-spain","tag-taquilla"],"share_on_mastodon":{"url":"https:\/\/pubeurope.com\/@es\/117189528209475121","error":""},"_links":{"self":[{"href":"https:\/\/www.europesays.com\/es\/wp-json\/wp\/v2\/posts\/740050","targetHints":{"allow":["GET"]}}],"collection":[{"href":"https:\/\/www.europesays.com\/es\/wp-json\/wp\/v2\/posts"}],"about":[{"href":"https:\/\/www.europesays.com\/es\/wp-json\/wp\/v2\/types\/post"}],"author":[{"embeddable":true,"href":"https:\/\/www.europesays.com\/es\/wp-json\/wp\/v2\/users\/2"}],"replies":[{"embeddable":true,"href":"https:\/\/www.europesays.com\/es\/wp-json\/wp\/v2\/comments?post=740050"}],"version-history":[{"count":0,"href":"https:\/\/www.europesays.com\/es\/wp-json\/wp\/v2\/posts\/740050\/revisions"}],"wp:featuredmedia":[{"embeddable":true,"href":"https:\/\/www.europesays.com\/es\/wp-json\/wp\/v2\/media\/740051"}],"wp:attachment":[{"href":"https:\/\/www.europesays.com\/es\/wp-json\/wp\/v2\/media?parent=740050"}],"wp:term":[{"taxonomy":"category","embeddable":true,"href":"https:\/\/www.europesays.com\/es\/wp-json\/wp\/v2\/categories?post=740050"},{"taxonomy":"post_tag","embeddable":true,"href":"https:\/\/www.europesays.com\/es\/wp-json\/wp\/v2\/tags?post=740050"}],"curies":[{"name":"wp","href":"https:\/\/api.w.org\/{rel}","templated":true}]}}