{"id":740076,"date":"2026-08-31T10:17:21","date_gmt":"2026-08-31T10:17:21","guid":{"rendered":"https:\/\/www.europesays.com\/es\/740076\/"},"modified":"2026-08-31T10:17:21","modified_gmt":"2026-08-31T10:17:21","slug":"elsa-urquijo-la-arquitecta-estrella-de-amancio-ortega-aumenta-los-beneficios-de-sus-dos-grandes-sociedades","status":"publish","type":"post","link":"https:\/\/www.europesays.com\/es\/740076\/","title":{"rendered":"Elsa Urquijo, la arquitecta estrella de Amancio Ortega, aumenta los beneficios de sus dos grandes sociedades"},"content":{"rendered":"<p class=\"wp-block-paragraph\">No forma parte del imperio<strong><a href=\"https:\/\/www.economiadigital.es\/galicia\/empresas\/momento-inditex-supera-grandes-lujo-bolsa-disipa-amenaza-shein-temu.html\" data-type=\"post\" data-id=\"266816\" rel=\"nofollow noopener\" target=\"_blank\"> Inditex<\/a><\/strong>, pero es uno de los nombres destacados del particular ecosistema de la multinacional de Arteixo y de la familia de <strong>Amancio Ortega<\/strong>. A lo largo de los a\u00f1os, la arquitecta <strong><a href=\"https:\/\/www.economiadigital.es\/galicia\/empresas\/elsa-urquijo-la-arquitecta-de-amancio-ortega-se-hace-empresaria_599765_102.html\" data-type=\"post\" data-id=\"11595\" rel=\"nofollow noopener\" target=\"_blank\">Elsa Urquijo<\/a><\/strong> ha firmado el dise\u00f1o de muchas de las tiendas de referencia de la matriz de Zara, as\u00ed como edificios ligados al \u00e1mbito de la sanidad y la asistencia social financiados por la <strong>Fundaci\u00f3n Amancio Ortega<\/strong>. Todo esto, adem\u00e1s de los grandes escenarios en el coru\u00f1\u00e9s muelle de bater\u00eda en donde tienen lugar las exposiciones de la entidad sin \u00e1nimo de lucro de <strong>Marta Ortega<\/strong>. Los negocios de la empresaria coru\u00f1esa se articulan principalmente alrededor de dos sociedades que el a\u00f1o pasaron vieron c\u00f3mo sus beneficios se incrementaban.<\/p>\n<p class=\"wp-block-paragraph\">Urquijo cuenta con dos sociedades, <strong>Elsa Urquijo Arquitectos <\/strong>y el estudio de decoraci\u00f3n <strong>Elan Cour<\/strong>, participada al 90% por la primera.<\/p>\n<p>Los n\u00fameros del negocio coru\u00f1\u00e9s<\/p>\n<p class=\"wp-block-paragraph\">Elan Cour es la sociedad de mayor envergadura de las dos. El pasado ejercicio lo finaliz\u00f3, seg\u00fan las cuentas consultadas por Econom\u00eda Digital Galicia a trav\u00e9s de a plataforma\u00a0<a href=\"https:\/\/v3.insightview.es\/authentication\/login\" target=\"_blank\" rel=\"noreferrer noopener nofollow\">InsightView<\/a>, con unos activos de algo m\u00e1s de tres millones de euros, viendo c\u00f3mo su patrimonio neto pas\u00f3 de 2,7 a 3,1 millones.<\/p>\n<p class=\"wp-block-paragraph\">La cifra de negocio de la sociedad se minor\u00f3 un 20% de los 5,5 a los 4,4 millones de euros, aunque con menores gastos en aprovisionamientos, el resultado de explotaci\u00f3n de la sociedad se increment\u00f3 de los 358.000 a casi 500.000 euros.<\/p>\n<p class=\"wp-block-paragraph\">Tambi\u00e9n se increment\u00f3 el beneficio neto, un notable 45%, de 255.000 a cerca de 370.000 euros.<\/p>\n<p class=\"wp-block-paragraph\">La sociedad dominante de Elan Cour, con cerca de una decena de empleados, es <strong>Elsa Urquijo Arquitectos<\/strong>, con una plantilla que ronda las 20 personas.<\/p>\n<p class=\"wp-block-paragraph\">El activo de la sociedad se increment\u00f3 en 2025 de los 2,8 a los tres millones de euros, con un patrimonio neto de 2,7 millones. La cifra de negocio de la firma tambi\u00e9n se increment\u00f3 de 1,9 a 2,15 millones, con unos gastos de personal de algo m\u00e1s de 900.000 euros. <strong>El beneficio neto tambi\u00e9n avanz\u00f3 ligeramente, de los 156.000 a los 164.000 euros.<\/strong><\/p>\n<p>Sobre Amancio Ortega<\/p>\n<p class=\"wp-block-paragraph\">No existen muchas declaraciones p\u00fablicas de Urquijo, y menos sobre su relaci\u00f3n con Amancio Ortega. Hace unos meses, en una entrevista concedida a Architectural Digest Espa\u00f1a explic\u00f3 c\u00f3mo lleg\u00f3 a trabajar para el fundador de Zara. \u00a0<\/p>\n<p class=\"wp-block-paragraph\">\u201cA finales de los 90 trabajaba para la firma Adolfo Dom\u00ednguez, ellos tuvieron que hablarle sobre mi\u201d, explica la arquitecta al tiempo que destaca\u00a0 que desde el principio tuvieron \u201cmucha afinidad\u201d.\u00a0<strong>\u201cEs una persona que sabe escuchar\u201d, expuso.<\/strong><\/p>\n","protected":false},"excerpt":{"rendered":"No forma parte del imperio Inditex, pero es uno de los nombres destacados del particular ecosistema de la&hellip;\n","protected":false},"author":2,"featured_media":740077,"comment_status":"","ping_status":"","sticky":false,"template":"","format":"standard","meta":{"footnotes":""},"categories":[173],"tags":[18247,229,233,231,230,232,234,146,147,25,24,3906,23],"class_list":["post-740076","post","type-post","status-publish","format-standard","has-post-thumbnail","category-arte-y-diseno","tag-amancio-ortega","tag-arte","tag-arte-y-diseno","tag-arts","tag-arts-and-design","tag-design","tag-diseno","tag-entertainment","tag-entretenimiento","tag-es","tag-espana","tag-inditex","tag-spain"],"share_on_mastodon":{"url":"","error":""},"_links":{"self":[{"href":"https:\/\/www.europesays.com\/es\/wp-json\/wp\/v2\/posts\/740076","targetHints":{"allow":["GET"]}}],"collection":[{"href":"https:\/\/www.europesays.com\/es\/wp-json\/wp\/v2\/posts"}],"about":[{"href":"https:\/\/www.europesays.com\/es\/wp-json\/wp\/v2\/types\/post"}],"author":[{"embeddable":true,"href":"https:\/\/www.europesays.com\/es\/wp-json\/wp\/v2\/users\/2"}],"replies":[{"embeddable":true,"href":"https:\/\/www.europesays.com\/es\/wp-json\/wp\/v2\/comments?post=740076"}],"version-history":[{"count":0,"href":"https:\/\/www.europesays.com\/es\/wp-json\/wp\/v2\/posts\/740076\/revisions"}],"wp:featuredmedia":[{"embeddable":true,"href":"https:\/\/www.europesays.com\/es\/wp-json\/wp\/v2\/media\/740077"}],"wp:attachment":[{"href":"https:\/\/www.europesays.com\/es\/wp-json\/wp\/v2\/media?parent=740076"}],"wp:term":[{"taxonomy":"category","embeddable":true,"href":"https:\/\/www.europesays.com\/es\/wp-json\/wp\/v2\/categories?post=740076"},{"taxonomy":"post_tag","embeddable":true,"href":"https:\/\/www.europesays.com\/es\/wp-json\/wp\/v2\/tags?post=740076"}],"curies":[{"name":"wp","href":"https:\/\/api.w.org\/{rel}","templated":true}]}}