{"id":740086,"date":"2026-08-31T10:24:36","date_gmt":"2026-08-31T10:24:36","guid":{"rendered":"https:\/\/www.europesays.com\/es\/740086\/"},"modified":"2026-08-31T10:24:36","modified_gmt":"2026-08-31T10:24:36","slug":"naomi-watts-premio-donostia-en-el-festival-de-san-sebastian-2026-cine-estrenos-y-criticas","status":"publish","type":"post","link":"https:\/\/www.europesays.com\/es\/740086\/","title":{"rendered":"Naomi Watts, Premio Donostia en el Festival de San Sebasti\u00e1n 2026 | Cine: estrenos y cr\u00edticas"},"content":{"rendered":"<p class=\"\"><a href=\"https:\/\/elpais.com\/noticias\/naomi-watts\/\" target=\"_self\" rel=\"nofollow noopener\" title=\"https:\/\/elpais.com\/noticias\/naomi-watts\/\">La actriz brit\u00e1nica Naomi Watts <\/a>(57 a\u00f1os) recibir\u00e1 el Premio Donostia en reconocimiento a su trayectoria cinematogr\u00e1fica en la 74\u00aa edici\u00f3n del Festival de San Sebasti\u00e1n, que se celebrar\u00e1 del 18 al 26 de septiembre. La int\u00e9rprete recoger\u00e1 el galard\u00f3n el s\u00e1bado 19 de septiembre. Watts se suma as\u00ed al director alem\u00e1n Werner Herzog, cuyo Premio Donostia fue anunciado a comienzos de agosto. La actriz, adem\u00e1s, protagonizar\u00e1 una de las proyecciones destacadas del certamen: The Housewife, debut en la direcci\u00f3n del cineasta canadiense Ben Shirinian.<\/p>\n<p class=\"\">En su comunicado, el Festival de San Sebasti\u00e1n destaca la capacidad de Watts para combinar pel\u00edculas independientes con grandes producciones, tanto en cine como en televisi\u00f3n, y la define como \u201cuna de las actrices m\u00e1s talentosas y premiadas de su generaci\u00f3n\u201d. Nacida en Inglaterra, Watts desarroll\u00f3 buena parte de su carrera en Estados Unidos y alcanz\u00f3 el reconocimiento internacional con cintas como Mulholland Drive, de David Lynch. El Zinemaldia considera que su interpretaci\u00f3n en la pel\u00edcula se encuentra entre las mejores de la cinematograf\u00eda contempor\u00e1nea.<\/p>\n<p>Cine y televisi\u00f3n<\/p>\n<p class=\"\">A lo largo de su carrera, Watts ha recibido dos nominaciones al Oscar a la mejor actriz: la primera lleg\u00f3 por su trabajo en <a href=\"https:\/\/elpais.com\/cultura\/2016\/06\/07\/television\/1465330562_039075.html\" target=\"_self\" rel=\"nofollow noopener\" title=\"https:\/\/elpais.com\/cultura\/2016\/06\/07\/television\/1465330562_039075.html\">21 gramos (2003), de Alejandro Gonz\u00e1lez I\u00f1\u00e1rritu<\/a>, y la segunda <a href=\"https:\/\/elpais.com\/especiales\/2013\/premios-goya\/lo-imposible.html\" target=\"_blank\" rel=\"nofollow noopener\" title=\"https:\/\/elpais.com\/especiales\/2013\/premios-goya\/lo-imposible.html\">por Lo imposible (2012), dirigida por el espa\u00f1ol Juan Antonio Bayona<\/a>. La int\u00e9rprete tambi\u00e9n ha trabajado con cineastas como Peter Jackson, David Cronenberg, Clint Eastwood, Michael Haneke, Audrey Diwan, Noah Baumbach y Rodrigo Garc\u00eda. Precisamente junto a Garc\u00eda, Watts visit\u00f3 San Sebasti\u00e1n en 2009 para clausurar, fuera de concurso, la Secci\u00f3n Oficial con Mother &amp; Child.<\/p>\n<p class=\"\">Su carrera televisiva tambi\u00e9n ha sido reconocida por la industria estadounidense. La actriz obtuvo su primera nominaci\u00f3n <a href=\"https:\/\/elpais.com\/smoda\/moda\/2024-09-15\/la-alfombra-roja-de-los-emmy-en-imagenes.html\" target=\"_blank\" rel=\"nofollow noopener\" title=\"https:\/\/elpais.com\/smoda\/moda\/2024-09-15\/la-alfombra-roja-de-los-emmy-en-imagenes.html\">a los premios Emmy por su interpretaci\u00f3n de Babe Paley<\/a> en la serie de Ryan Murphy Feud: Capote vs. The Swans (2024). En esta ocasi\u00f3n The Housewife, la pel\u00edcula que acompa\u00f1ar\u00e1 la entrega del Premio Donostia, cuenta con un reparto encabezado por Watts junto a Tye Sheridan, Luke Evans, Michael Imperioli y Lena Olin. Ambientada en 1964 y basada en hechos reales, la cinta sigue a un joven periodista que descubre a un hombre que podr\u00eda haber sido un oficial nazi y que vive oculto en Nueva York. En su investigaci\u00f3n, el reportero termina entablando amistad con la carism\u00e1tica esposa del sospechoso.<\/p>\n<p class=\"\">Adem\u00e1s de glosar sus reconocimientos (Premio Montecito, Premio Desert Palm, Premio Estrella femenina del ma\u00f1ana&#8230;), el festival, en su nota de prensa, tambi\u00e9n se\u00f1ala que, fuera del mundo del espect\u00e1culo, Watts es una comprometida activista por la salud femenina.<\/p>\n","protected":false},"excerpt":{"rendered":"La actriz brit\u00e1nica Naomi Watts (57 a\u00f1os) recibir\u00e1 el Premio Donostia en reconocimiento a su trayectoria cinematogr\u00e1fica en&hellip;\n","protected":false},"author":2,"featured_media":740087,"comment_status":"","ping_status":"","sticky":false,"template":"","format":"standard","meta":{"footnotes":""},"categories":[91],"tags":[1015,177,209,146,147,25,24,9555,9560,60899,753,34251,6086,23],"class_list":["post-740086","post","type-post","status-publish","format-standard","has-post-thumbnail","category-entretenimiento","tag-actrices","tag-cine","tag-cultura","tag-entertainment","tag-entretenimiento","tag-es","tag-espana","tag-festival-san-sebastian","tag-festivales-cine","tag-naomi-watts","tag-peliculas","tag-premios-cine","tag-san-sebastian","tag-spain"],"share_on_mastodon":{"url":"https:\/\/pubeurope.com\/@es\/117189637657491871","error":""},"_links":{"self":[{"href":"https:\/\/www.europesays.com\/es\/wp-json\/wp\/v2\/posts\/740086","targetHints":{"allow":["GET"]}}],"collection":[{"href":"https:\/\/www.europesays.com\/es\/wp-json\/wp\/v2\/posts"}],"about":[{"href":"https:\/\/www.europesays.com\/es\/wp-json\/wp\/v2\/types\/post"}],"author":[{"embeddable":true,"href":"https:\/\/www.europesays.com\/es\/wp-json\/wp\/v2\/users\/2"}],"replies":[{"embeddable":true,"href":"https:\/\/www.europesays.com\/es\/wp-json\/wp\/v2\/comments?post=740086"}],"version-history":[{"count":0,"href":"https:\/\/www.europesays.com\/es\/wp-json\/wp\/v2\/posts\/740086\/revisions"}],"wp:featuredmedia":[{"embeddable":true,"href":"https:\/\/www.europesays.com\/es\/wp-json\/wp\/v2\/media\/740087"}],"wp:attachment":[{"href":"https:\/\/www.europesays.com\/es\/wp-json\/wp\/v2\/media?parent=740086"}],"wp:term":[{"taxonomy":"category","embeddable":true,"href":"https:\/\/www.europesays.com\/es\/wp-json\/wp\/v2\/categories?post=740086"},{"taxonomy":"post_tag","embeddable":true,"href":"https:\/\/www.europesays.com\/es\/wp-json\/wp\/v2\/tags?post=740086"}],"curies":[{"name":"wp","href":"https:\/\/api.w.org\/{rel}","templated":true}]}}