{"id":740104,"date":"2026-08-31T10:43:14","date_gmt":"2026-08-31T10:43:14","guid":{"rendered":"https:\/\/www.europesays.com\/es\/740104\/"},"modified":"2026-08-31T10:43:14","modified_gmt":"2026-08-31T10:43:14","slug":"salvados-regresa-el-6-de-septiembre-con-una-temporada-especial-por-su-mayoria-de-edad","status":"publish","type":"post","link":"https:\/\/www.europesays.com\/es\/740104\/","title":{"rendered":"&#8216;Salvados&#8217; regresa el 6 de septiembre con una temporada especial por su mayor\u00eda de edad"},"content":{"rendered":"<p>&#8216;Salvados&#8217; vuelve a laSexta con una temporada especialmente simb\u00f3lica. <strong>El programa regresar\u00e1 el pr\u00f3ximo domingo 6 de septiembre y celebrar\u00e1 sus 18 a\u00f1os en antena<\/strong>, alcanzando as\u00ed su mayor\u00eda de edad desde que comenz\u00f3 sus emisiones en 2008.<\/p>\n<p>Gonzo seguir\u00e1 al frente del espacio como presentador y director en una nueva etapa que mantendr\u00e1 las se\u00f1as de identidad del formato: <strong>historias con fuerte componente humano, entrevistas en profundidad y protagonistas situados en el centro de cada entrega<\/strong>.<\/p>\n<p>El programa regresa, adem\u00e1s, despu\u00e9s de cerrar su mejor temporada de los \u00faltimos cinco a\u00f1os. &#8216;Salvados&#8217; firm\u00f3 una media del <strong>6,5% de cuota de pantalla y cerca de 800.000 espectadores<\/strong>, con m\u00e1s de 2,2 millones de espectadores \u00fanicos cada domingo.<\/p>\n<p>Tambi\u00e9n destac\u00f3 en target comercial, donde alcanz\u00f3 un 7,5%, y se impuso a su principal competidor.<\/p>\n<p>Para abrir esta temporada de aniversario, &#8216;Salvados&#8217; ha preparado <strong>un programa doble dedicado a Rita Barber\u00e1<\/strong>, coincidiendo con que el pr\u00f3ximo mes de noviembre se cumplir\u00e1n diez a\u00f1os de su muerte.<\/p>\n<p>El espacio reconstruir\u00e1 las luces y las sombras de la que fuera alcaldesa de Val\u00e8ncia durante 24 a\u00f1os, repasando tanto su peso dentro del Partido Popular como algunos de los episodios que marcaron su larga trayectoria pol\u00edtica.<\/p>\n<p>Durante m\u00e1s de dos d\u00e9cadas al frente del Ayuntamiento, Barber\u00e1 se convirti\u00f3 en una de las figuras pol\u00edticas m\u00e1s reconocibles de Espa\u00f1a. Su etapa estuvo marcada por momentos de enorme exposici\u00f3n medi\u00e1tica, desde su estrecha relaci\u00f3n pol\u00edtica con Francisco Camps hasta episodios como el c\u00e9lebre discurso del \u201ccaloret\u201d.<\/p>\n<p>El especial tambi\u00e9n abordar\u00e1 los a\u00f1os m\u00e1s complicados del final de su carrera pol\u00edtica, cuando qued\u00f3 se\u00f1alada por distintas investigaciones judiciales y termin\u00f3 apartada dentro de su propio partido antes de fallecer en 2016 en un hotel de Madrid.<\/p>\n<p>Para construir ese retrato, Gonzo entrevistar\u00e1 a personas que conocieron a Barber\u00e1 desde posiciones muy diferentes: <strong>antiguos compa\u00f1eros de partido, adversarios pol\u00edticos, periodistas y representantes de la sociedad civil valenciana<\/strong>.<\/p>\n<p>Entre los testimonios estar\u00e1n el expresidente de la Generalitat Valenciana Francisco Camps, el exministro Jos\u00e9 Manuel Garc\u00eda-Margallo y Joan Rib\u00f3, que sucedi\u00f3 a Barber\u00e1 como alcalde de Val\u00e8ncia.<\/p>\n<p>Tambi\u00e9n participar\u00e1n Consuelo Reyna, exdirectora de &#8216;Las Provincias&#8217;, y Beatriz Garrote, de la Asociaci\u00f3n de V\u00edctimas del Metro 3 de Julio, entre otros nombres.<\/p>\n<p>La intenci\u00f3n del programa es construir <strong>un retrato poli\u00e9drico de Barber\u00e1<\/strong>, recuperando tanto su dimensi\u00f3n p\u00fablica como aquellos aspectos que ocurr\u00edan lejos de los focos y que ayudan a entender su figura pol\u00edtica y personal.<\/p>\n<p>Tras este estreno, &#8216;Salvados&#8217; continuar\u00e1 ofreciendo un programa diferente cada semana y combinar\u00e1 nuevamente asuntos pol\u00edticos con historias sociales y entrevistas a figuras relevantes.<\/p>\n<p>Una de las entregas estar\u00e1 dedicada a <strong>Joaqu\u00edn Reyes<\/strong>, al que Gonzo acompa\u00f1ar\u00e1 hasta su pueblo de veraneo en la costa murciana para descubrir una faceta m\u00e1s \u00edntima y alejada de su perfil como humorista.<\/p>\n<p>Otra tendr\u00e1 como protagonista a <strong>Miguel R\u00edos<\/strong>, cuya vida y trayectoria servir\u00e1n para recorrer varias d\u00e9cadas de la historia musical y cultural espa\u00f1ola.<\/p>\n<p>El espacio tambi\u00e9n abordar\u00e1 <strong>la situaci\u00f3n laboral de los deportistas de \u00e9lite<\/strong> a trav\u00e9s de Almudena Cid. La exgimnasta ser\u00e1 el punto de partida para analizar los problemas de quienes desarrollaron carreras deportivas muy cortas sin cotizar durante a\u00f1os y posteriormente quedaron desprotegidos al abandonar la competici\u00f3n.<\/p>\n<p>La nueva temporada mantendr\u00e1 adem\u00e1s la intenci\u00f3n de experimentar con la forma de contar cada historia. El equipo seguir\u00e1 adaptando la puesta en escena, el lenguaje audiovisual y la estructura de cada entrega al asunto abordado.<\/p>\n<p><strong>&#8216;Salvados&#8217; cumple as\u00ed 18 a\u00f1os manteniendo a Gonzo al frente y buscando renovar su manera de contar la actualidad<\/strong>, pero conservando una f\u00f3rmula basada en escuchar, preguntar y dar espacio a sus protagonistas.<\/p>\n<p>Su regreso se producir\u00e1 el domingo 6 de septiembre en laSexta, con Rita Barber\u00e1 como protagonista de una entrega doble que servir\u00e1 de punto de partida para esta temporada de mayor\u00eda de edad.<\/p>\n","protected":false},"excerpt":{"rendered":"&#8216;Salvados&#8217; vuelve a laSexta con una temporada especialmente simb\u00f3lica. El programa regresar\u00e1 el pr\u00f3ximo domingo 6 de septiembre&hellip;\n","protected":false},"author":2,"featured_media":740105,"comment_status":"","ping_status":"","sticky":false,"template":"","format":"standard","meta":{"footnotes":""},"categories":[171],"tags":[146,147,25,24,5622,2662,23,807,214],"class_list":["post-740104","post","type-post","status-publish","format-standard","has-post-thumbnail","category-tv","tag-entertainment","tag-entretenimiento","tag-es","tag-espana","tag-lasexta","tag-programas-de-television","tag-spain","tag-television","tag-tv"],"share_on_mastodon":{"url":"https:\/\/pubeurope.com\/@es\/117189712443591019","error":""},"_links":{"self":[{"href":"https:\/\/www.europesays.com\/es\/wp-json\/wp\/v2\/posts\/740104","targetHints":{"allow":["GET"]}}],"collection":[{"href":"https:\/\/www.europesays.com\/es\/wp-json\/wp\/v2\/posts"}],"about":[{"href":"https:\/\/www.europesays.com\/es\/wp-json\/wp\/v2\/types\/post"}],"author":[{"embeddable":true,"href":"https:\/\/www.europesays.com\/es\/wp-json\/wp\/v2\/users\/2"}],"replies":[{"embeddable":true,"href":"https:\/\/www.europesays.com\/es\/wp-json\/wp\/v2\/comments?post=740104"}],"version-history":[{"count":0,"href":"https:\/\/www.europesays.com\/es\/wp-json\/wp\/v2\/posts\/740104\/revisions"}],"wp:featuredmedia":[{"embeddable":true,"href":"https:\/\/www.europesays.com\/es\/wp-json\/wp\/v2\/media\/740105"}],"wp:attachment":[{"href":"https:\/\/www.europesays.com\/es\/wp-json\/wp\/v2\/media?parent=740104"}],"wp:term":[{"taxonomy":"category","embeddable":true,"href":"https:\/\/www.europesays.com\/es\/wp-json\/wp\/v2\/categories?post=740104"},{"taxonomy":"post_tag","embeddable":true,"href":"https:\/\/www.europesays.com\/es\/wp-json\/wp\/v2\/tags?post=740104"}],"curies":[{"name":"wp","href":"https:\/\/api.w.org\/{rel}","templated":true}]}}