{"id":740130,"date":"2026-08-31T11:03:13","date_gmt":"2026-08-31T11:03:13","guid":{"rendered":"https:\/\/www.europesays.com\/es\/740130\/"},"modified":"2026-08-31T11:03:13","modified_gmt":"2026-08-31T11:03:13","slug":"alejandra-rubio-y-carlo-costanzia-ya-son-padres-de-una-nina","status":"publish","type":"post","link":"https:\/\/www.europesays.com\/es\/740130\/","title":{"rendered":"Alejandra Rubio y Carlo Costanzia ya son padres de una ni\u00f1a"},"content":{"rendered":"<p style=\"\">Alejandra Rubio y Carlo Costanzia han dado la bienvenida a su segundo hijo en com\u00fan, una ni\u00f1a que llega para convertir en hermano mayor al  &#8230; peque\u00f1o Carlo, nacido en diciembre de 2024.<\/p>\n<p class=\"v-d-p\" style=\"\">La noticia fue adelantada por el programa &#8216;Fiesta&#8217;, que inform\u00f3 en directo del nacimiento a trav\u00e9s de fuentes cercanas al entorno de la pareja. Poco despu\u00e9s, otros medios se hicieron eco de la feliz noticia, que supone un nuevo motivo de alegr\u00eda para las familias Campos y Costanzia.<\/p>\n<p class=\"v-d-p\" style=\"\">Por el momento, Alejandra y Carlo han optado por mantener la discreci\u00f3n y no han desvelado p\u00fablicamente el nombre elegido para su hija. Tampoco han trascendido detalles sobre el parto, ya que la pareja ha tratado de preservar al m\u00e1ximo su intimidad durante estos primeros momentos como familia de cuatro.<\/p>\n<p class=\"v-d-p\" style=\"\">La llegada de la peque\u00f1a convierte de nuevo en abuelas a Terelu Campos y Mar Flores, que celebran adem\u00e1s la llegada de su primera nieta, que se lleva poco m\u00e1s de a\u00f1o y medio con su hermano, Carlo. <\/p>\n","protected":false},"excerpt":{"rendered":"Alejandra Rubio y Carlo Costanzia han dado la bienvenida a su segundo hijo en com\u00fan, una ni\u00f1a que&hellip;\n","protected":false},"author":2,"featured_media":740131,"comment_status":"","ping_status":"","sticky":false,"template":"","format":"standard","meta":{"footnotes":""},"categories":[174],"tags":[7934,35883,255,41186,146,147,25,24,256,1388,3621,14346,23],"class_list":["post-740130","post","type-post","status-publish","format-standard","has-post-thumbnail","category-famosos","tag-alejandra","tag-carlo","tag-celebrities","tag-costanzia","tag-entertainment","tag-entretenimiento","tag-es","tag-espana","tag-famosos","tag-nina","tag-padres","tag-rubio","tag-spain"],"share_on_mastodon":{"url":"https:\/\/pubeurope.com\/@es\/117189791248301648","error":""},"_links":{"self":[{"href":"https:\/\/www.europesays.com\/es\/wp-json\/wp\/v2\/posts\/740130","targetHints":{"allow":["GET"]}}],"collection":[{"href":"https:\/\/www.europesays.com\/es\/wp-json\/wp\/v2\/posts"}],"about":[{"href":"https:\/\/www.europesays.com\/es\/wp-json\/wp\/v2\/types\/post"}],"author":[{"embeddable":true,"href":"https:\/\/www.europesays.com\/es\/wp-json\/wp\/v2\/users\/2"}],"replies":[{"embeddable":true,"href":"https:\/\/www.europesays.com\/es\/wp-json\/wp\/v2\/comments?post=740130"}],"version-history":[{"count":0,"href":"https:\/\/www.europesays.com\/es\/wp-json\/wp\/v2\/posts\/740130\/revisions"}],"wp:featuredmedia":[{"embeddable":true,"href":"https:\/\/www.europesays.com\/es\/wp-json\/wp\/v2\/media\/740131"}],"wp:attachment":[{"href":"https:\/\/www.europesays.com\/es\/wp-json\/wp\/v2\/media?parent=740130"}],"wp:term":[{"taxonomy":"category","embeddable":true,"href":"https:\/\/www.europesays.com\/es\/wp-json\/wp\/v2\/categories?post=740130"},{"taxonomy":"post_tag","embeddable":true,"href":"https:\/\/www.europesays.com\/es\/wp-json\/wp\/v2\/tags?post=740130"}],"curies":[{"name":"wp","href":"https:\/\/api.w.org\/{rel}","templated":true}]}}