{"id":740134,"date":"2026-08-31T11:08:11","date_gmt":"2026-08-31T11:08:11","guid":{"rendered":"https:\/\/www.europesays.com\/es\/740134\/"},"modified":"2026-08-31T11:08:11","modified_gmt":"2026-08-31T11:08:11","slug":"arturo-perez-reverte-dicta-sentencia-sobre-esta-pelicula-de-91-minutos-que-es-numero-1-en-netflix-extraordinaria-2","status":"publish","type":"post","link":"https:\/\/www.europesays.com\/es\/740134\/","title":{"rendered":"Arturo P\u00e9rez-Reverte dicta sentencia sobre esta pel\u00edcula de 91 minutos que es n\u00famero 1 en Netflix: \u00abExtraordinaria\u00bb"},"content":{"rendered":"<p class=\"c-paragraph\"><a href=\"https:\/\/www.20minutos.es\/cinemania\/series\/miniserie-cinco-episodios-arturo-perez-reverte-netflix-fecha-estreno-septiembre-problema-final-jose-coronado_7011774_0.html\" rel=\"nofollow noopener\" target=\"_blank\">P\u00e9rez-Reverte no descansa<\/a>. A su intensa actividad como<a href=\"https:\/\/www.20minutos.es\/cinemania\/series\/perez-reverte-netflix-dragon-regreso-creador-narcotraficantes-82-episodios-dos-temporadas_7010650_0.html\" rel=\"nofollow noopener\" target=\"_blank\"> prol\u00edfico <\/a>escritor se une <b>su incansable labor como espectador de series y pel\u00edculas<\/b>. <a href=\"https:\/\/www.20minutos.es\/cinemania\/noticias\/arturo-perez-reverte-ya-ha-visto-odisea-un-tipo-con-cara-pirata-mediterraneo-cabroncete_7024180_0.html\" rel=\"nofollow noopener\" target=\"_blank\">Tras haberse posicionado <\/a>sobre la omnipresente Odisea de<b><a href=\"https:\/\/www.20minutos.es\/cinemania\/noticias\/antes-hollywood-christopher-nolan-debuto-con-una-pequena-gran-pelicula-69-minutos-disponible-streaming_6983343_0.html\" rel=\"nofollow noopener\" target=\"_blank\"> Christopher Nolan<\/a><\/b>, el cartagenero ha querido mostrar su elogiosa opini\u00f3n hacia una pel\u00edcula <b>estrenada en Netflix el pasado 21 de agosto<\/b> y que ya ostenta el primer puesto<b> en m\u00e1s de 70 pa\u00edses<\/b>, incluido Espa\u00f1a.<\/p>\n<p class=\"c-paragraph\">La cinta en cuesti\u00f3n es<b> La captura<\/b>, traducci\u00f3n del original y algo m\u00e1s directo\u00a0<b>Facing El Chapo<\/b>.\u00a0Como m\u00e1s de uno ya habr\u00e1 adivinado atando los dos cabos, la historia <b>se centra en la detenci\u00f3n del conocido narcotraficante\u00a0Joaqu\u00edn &#8216;El Chapo&#8217; Guzm\u00e1n<\/b>, l\u00edder del cartel de Sinaloa, que fue arrestado hace ya diez a\u00f1os.\u00a0<\/p>\n<p class=\"c-paragraph\">\u00abAnoche vi La captura, dirigida por Chava Cartas, y me pareci\u00f3 una pel\u00edcula extraordinaria. El gran cine mexicano sigue siendo muy grande\u00bb, se\u00f1al\u00f3<a href=\"https:\/\/www.20minutos.es\/cinemania\/noticias\/perez-reverte-tarantino-paula-ortiz-punto-comun_7026050_0.html\" rel=\"nofollow noopener\" target=\"_blank\"> P\u00e9rez-Reverte <\/a>en una publicaci\u00f3n que<b> acumula ya cerca de 180.000 visualizaciones.<\/b> El autor no se equivoca al recomendar este intenso thriller criminal, que <b>en apenas 91 minutos consigue transmitir la incertidumbre<\/b> que vivieron los dos polic\u00edas responsables de su detenci\u00f3n mientras esperaban la llegada de refuerzos.\u00a0<\/p>\n<p class=\"c-paragraph\">La trama est\u00e1 narrada desde el punto de vista de los dos polic\u00edas que llevaron a cabo la captura, que tuvieron que <b>debatirse entre cumplir con su deber o acabar sucumbiendo a los chantajes y amenazas<\/b> del narco mientras llegaban sus compa\u00f1eros. Finalmente, la historia tuvo un feliz desenlace, <b>y dio por concluida la conocida Operaci\u00f3n Cisne Negro<\/b>, llevada a cabo por\u00a0\u00a0las Fuerzas Especiales de la Armada de M\u00e9xico.<\/p>\n<p>Un largo recorrido en el crimen organizado<\/p>\n<p class=\"c-paragraph\">El Chapo es una figura que <b>comenz\u00f3 a abrirse camino en los a\u00f1os ochenta<\/b>. Cobr\u00f3 especial relevancia cuando consigui\u00f3<b> escapar de una prisi\u00f3n de m\u00e1xima seguridad en el a\u00f1os 2001<\/b>, tras haber permanecido ocho a\u00f1os encerrado. Volvi\u00f3 a prisi\u00f3n en 2014, pero de nuevo logr\u00f3 escapar de la manera m\u00e1s cinematogr\u00e1fica posible, a trav\u00e9s de un t\u00fanel que conectaba con su nueva mansi\u00f3n, todav\u00eda en construcci\u00f3n. La tranquilidad no le dur\u00f3 mucho esta vez y tan solo dos a\u00f1os despu\u00e9s fue detenido finalmente.<\/p>\n<p class=\"c-paragraph\">En el a\u00f1o 2019, cuando contaba con 62 a\u00f1os de edad, Joaqu\u00edn Guzm\u00e1n Loera <b>fue condenado a cadena perpetua por delitos de narcotr\u00e1fico<\/b>. A esto se a\u00f1adieron otros 30 por violencia con armas y 20 por lavado de activo. La identidad de los polic\u00edas se mantuvo en secreto por motivos de seguridad, y la propia ficci\u00f3n tambi\u00e9n se toma ciertas licencias hist\u00f3ricas a fin de potenciar el aspecto dram\u00e1tico.\u00a0<\/p>\n<p class=\"c-paragraph\">La captura est\u00e1 protagonizada por <b>Alfonso Herrera <\/b>(<a href=\"https:\/\/www.20minutos.es\/cinemania\/series\/donde-se-rodo-ozark-la-serie-de-netflix-protagonizada-por-jason-bateman-y-laura-linney-4991401\/\" rel=\"nofollow noopener\" target=\"_blank\">Ozark<\/a>), <b>No\u00e9 Hern\u00e1ndez<\/b> (<a href=\"https:\/\/www.20minutos.es\/cinemania\/series\/celda-211-serie-netflix-basada-pelicula-luis-tosar-5674123\/\" rel=\"nofollow noopener\" target=\"_blank\">Celda 2011<\/a>) y\u00a0<b>Hector Kotsifakis<\/b> (<a href=\"https:\/\/www.20minutos.es\/cinemania\/noticias\/pedro-paramo-serie-fecha-estreno-netflix-clasico-literatura-siglo-xx-5649362\/\" rel=\"nofollow noopener\" target=\"_blank\">Pedro P\u00e1ramo<\/a>) en la piel de El Chapo. Dirige <b>Chava Cartas<\/b>, cineasta que solo el pasado a\u00f1o estren\u00f3 cinco t\u00edtulos, dos de ellos con la plataforma roja.\u00a0<\/p>\n","protected":false},"excerpt":{"rendered":"P\u00e9rez-Reverte no descansa. A su intensa actividad como prol\u00edfico escritor se une su incansable labor como espectador de&hellip;\n","protected":false},"author":2,"featured_media":740135,"comment_status":"","ping_status":"","sticky":false,"template":"","format":"standard","meta":{"footnotes":""},"categories":[169],"tags":[20728,177,146,147,25,24,176,28201,175,152,62570,67548,23],"class_list":["post-740134","post","type-post","status-publish","format-standard","has-post-thumbnail","category-cine","tag-arturo-perez-reverte","tag-cine","tag-entertainment","tag-entretenimiento","tag-es","tag-espana","tag-film","tag-la-odisea","tag-movies","tag-netflix","tag-peliculas-de-netflix","tag-recomendaciones-de-cine","tag-spain"],"share_on_mastodon":{"url":"https:\/\/pubeurope.com\/@es\/117189810952190899","error":""},"_links":{"self":[{"href":"https:\/\/www.europesays.com\/es\/wp-json\/wp\/v2\/posts\/740134","targetHints":{"allow":["GET"]}}],"collection":[{"href":"https:\/\/www.europesays.com\/es\/wp-json\/wp\/v2\/posts"}],"about":[{"href":"https:\/\/www.europesays.com\/es\/wp-json\/wp\/v2\/types\/post"}],"author":[{"embeddable":true,"href":"https:\/\/www.europesays.com\/es\/wp-json\/wp\/v2\/users\/2"}],"replies":[{"embeddable":true,"href":"https:\/\/www.europesays.com\/es\/wp-json\/wp\/v2\/comments?post=740134"}],"version-history":[{"count":0,"href":"https:\/\/www.europesays.com\/es\/wp-json\/wp\/v2\/posts\/740134\/revisions"}],"wp:featuredmedia":[{"embeddable":true,"href":"https:\/\/www.europesays.com\/es\/wp-json\/wp\/v2\/media\/740135"}],"wp:attachment":[{"href":"https:\/\/www.europesays.com\/es\/wp-json\/wp\/v2\/media?parent=740134"}],"wp:term":[{"taxonomy":"category","embeddable":true,"href":"https:\/\/www.europesays.com\/es\/wp-json\/wp\/v2\/categories?post=740134"},{"taxonomy":"post_tag","embeddable":true,"href":"https:\/\/www.europesays.com\/es\/wp-json\/wp\/v2\/tags?post=740134"}],"curies":[{"name":"wp","href":"https:\/\/api.w.org\/{rel}","templated":true}]}}