{"id":740154,"date":"2026-08-31T11:22:12","date_gmt":"2026-08-31T11:22:12","guid":{"rendered":"https:\/\/www.europesays.com\/es\/740154\/"},"modified":"2026-08-31T11:22:12","modified_gmt":"2026-08-31T11:22:12","slug":"vuelta-a-espana-enric-mas-ante-la-ocasion-de-su-vida-en-una-nueva-vuelta-analisis-esciclismo","status":"publish","type":"post","link":"https:\/\/www.europesays.com\/es\/740154\/","title":{"rendered":"Vuelta a Espa\u00f1a: Enric Mas, ante la ocasi\u00f3n de su vida en una &#039;nueva&#039; Vuelta [An\u00e1lisis] &#8211; Esciclismo"},"content":{"rendered":"<ol>\n<li><a href=\"https:\/\/news.google.com\/rss\/articles\/CBMiakFVX3lxTE9RZFFldEVkSWhWWDRlRDdLTWt3b0E0YVZqN2U3c3Z4WnJOREd5Y1A0QkpyNjBZZ0EzbDJpOEhyVU53LV9reUNTTkIyamdqczFrbjdjeVhBNV9NRDhlVmxHRUgtSzNwTVc2V3c?oc=5\" target=\"_blank\" rel=\"nofollow noopener\">Vuelta a Espa\u00f1a: Enric Mas, ante la ocasi\u00f3n de su vida en una &#8216;nueva&#8217; Vuelta [An\u00e1lisis]<\/a>&nbsp;&nbsp;Esciclismo<\/li>\n<li><a href=\"https:\/\/news.google.com\/rss\/articles\/CBMiZ0FVX3lxTE9TUmo1eUpMZ2U5cS13QnpQMEViNW5CUmt1UzhHeERKR2hjWG92dnh5aXM1NnA4ZDdYR1BUdmdCcGw1N05JemxyT254YnBfU2laMFJCZEtQcVBkNVMxeHRhYnNrVmRxZms?oc=5\" target=\"_blank\" rel=\"nofollow noopener\">Mas ejerce de Pogacar<\/a>&nbsp;&nbsp;Diario AS<\/li>\n<li><a href=\"https:\/\/news.google.com\/rss\/articles\/CBMivwJBVV95cUxQY2VqWlFHZUxPTDlad3hjSzRrWHNXZGZaQWpTbWU4RERfSTV1S1lFblBJRXR1dzRaNzc4aE84SEtNNzFlV2FZUjdXSkp0YnUwWU9zSmhjakU0a2g4d2tmQTlBOU9PZjQ5VVV4Tk90a1FMYTh5VXFISERlYkJpdU9qUFFUamdpa2ZlazVXNi1ZUHhuS2ExZkRDWGNtRTlqVjFFbF92ei14NFQ3allBRkFQUVYzd01MOTVqM3lfLWNMYkVoOElYR2dZcEZxMkpYUFRjLVVLYVpkQ2REZy1LMFVwMVBaV2JGTVhpdEJBRXRtTWp5dTkyVjVJbVhOWUwyLTBIQksxTFdxdkNDRWwtRW5lUmVUdWhoMHVQYVF1RWlxYy1SWGxCNTdjR3dacEJHS2Uydl9Ba2JRcVMwb1d6MXhj0gHTAkFVX3lxTE55WE5vbTZab2pNM0owOGVWUS1WSlppUHU4LVlqb0tBTzRYUTY2SlFMbWRMN2dfTFpKU0ZrbW5Jcl9aN1FfaFk1X1VQb1Bpd1JQVU1JR0pVZ05fWUx4TFdDR0VsenliMjRLbnJnM2owUXNMQkd6R05KVVhFRkVEU1VYVWlDRkN3YmZaOGQwamF1QkZWcTJMZ2ZvcWxuZjJBazhsUkFaZEk3MGlLbDBwbFhqOGVTdnBxZEJTc1JnM3Y1S010OTNxalhpQUtvd1JWQzN6R0FvcnZ3bnluTGZNSTBSSzhuOEM4NEpNUjVyZ29zallkSXVob3otc19YZ01PY2RKblZfdU50ZWtORlZzbE5ERF9vQXFqSVY0VGI0cHNuWllMVzlCMWdjRW96R1lfTE1kWFlCQnZWSlNyTDFnMTdCZXZhZTdxbmU0aTJ2V2xMcVdBTQ?oc=5\" target=\"_blank\" rel=\"nofollow noopener\">El presidente de la Diputaci\u00f3n, Toni P\u00e9rez, entrega el trofeo del ganador a Enric Mas en Aitana, en una etapa que transcurri\u00f3 \u00edntegramente en la provincia<\/a>&nbsp;&nbsp;Cadena SER<\/li>\n<li><a href=\"https:\/\/news.google.com\/rss\/articles\/CBMixgFBVV95cUxQaUhTNkVobnB5VUxrd1daQ3p5LUxzWDN0SWx2NUlOcXBTOXg5U2FSM0UtZjlTVGx4dmFoR1g1YkI4ck0zQTFlUUg3RXZadFhRV2VWa21xNnU1U1QzLTUwaHNMOFdiODFqNnllX2hjc0tmSkxuQXRscmtodGRSUUU4OFE2aXloTzFLQll0RXpIaXlWQm91QzZ0dmRYd2I1WWw4eFEydEwzOTZVbUhtRE1USlMtdWtkZ3RHZWowbkkyemNXQ2tsZ0E?oc=5\" target=\"_blank\" rel=\"nofollow noopener\">Superestrella en Aitana: Enric Mas se lleva la etapa y fortalece su liderato en LaVuelta<\/a>&nbsp;&nbsp;MARCA<\/li>\n<li><a href=\"https:\/\/news.google.com\/rss\/articles\/CBMinAFBVV95cUxON2owLTdtYzQ1UkFuaWpTUjhrdklnSHRhcjgxVGx3TnJBdkJXTzBSTG1jV1VZYXlzc0tNOVNyU2ktLW9UMkdhUlJfcTVrYWo0dkJZalJ0Rllxcl9Rc2ZLUFl4dVpzSTBqd2prWW5SNW9KeTl5Sk1ZQ1laX05MUEtDX0dyeVgyeE12VEpCeDJDcW8zeExobmdjV3I4LXjSAaIBQVVfeXFMUEl1WGtqckw3MHEyVGh0NzEwbEhBcGZBWDczSFA0S0FBTkpOUVBJeWxrSlExN3VKUFVOSFpMdm5OTVZPYTIzMWdLdTR2VjVGUnJueUluVHhiRHoyaXdTRzlIcFJMYl82MElvNlFEbWpnREJqRXhESkxJUkR2dmN0LTZKWUZXdWE2UkoweDlpU2FJU2lBQWg1NjIzY1pRcnlZbnFR?oc=5\" target=\"_blank\" rel=\"nofollow noopener\">El grito liberador de Mas: primer triunfo desde el 2022 y m\u00e1s l\u00edder<\/a>&nbsp;&nbsp;La Vanguardia<\/li>\n<\/ol>\n","protected":false},"excerpt":{"rendered":"Vuelta a Espa\u00f1a: Enric Mas, ante la ocasi\u00f3n de su vida en una &#8216;nueva&#8217; Vuelta [An\u00e1lisis]&nbsp;&nbsp;Esciclismo Mas ejerce&hellip;\n","protected":false},"author":2,"featured_media":740155,"comment_status":"","ping_status":"","sticky":false,"template":"","format":"standard","meta":{"footnotes":""},"categories":[273],"tags":[10605,3519,31194,3196,5882,19757,52835,313,130257,554,312,7164,168,987,6143,4021,25,3871,131371,24,1489,2172,4351,3956,15447,5564,5549,11562,5137,131370,303,9,524,549,2978,23,167,548,1261,1357],"class_list":["post-740154","post","type-post","status-publish","format-standard","has-post-thumbnail","category-ciclismo","tag-a","tag-aitana","tag-alas","tag-alto","tag-ambicion","tag-ausente","tag-baluarte","tag-ciclismo","tag-comprobado","tag-cree","tag-cycling","tag-da","tag-deportes","tag-despues","tag-dijo","tag-enric","tag-es","tag-esloveno","tag-espan","tag-espana","tag-espanol","tag-especiales","tag-espera","tag-gran","tag-ilusiona","tag-lider","tag-maillot","tag-mallorquin","tag-maximo","tag-mostrada","tag-movistar","tag-news","tag-nuevo","tag-pogacar","tag-rojo","tag-spain","tag-sports","tag-tadej","tag-victoria","tag-vuelta"],"share_on_mastodon":{"url":"https:\/\/pubeurope.com\/@es\/117189866092233952","error":""},"_links":{"self":[{"href":"https:\/\/www.europesays.com\/es\/wp-json\/wp\/v2\/posts\/740154","targetHints":{"allow":["GET"]}}],"collection":[{"href":"https:\/\/www.europesays.com\/es\/wp-json\/wp\/v2\/posts"}],"about":[{"href":"https:\/\/www.europesays.com\/es\/wp-json\/wp\/v2\/types\/post"}],"author":[{"embeddable":true,"href":"https:\/\/www.europesays.com\/es\/wp-json\/wp\/v2\/users\/2"}],"replies":[{"embeddable":true,"href":"https:\/\/www.europesays.com\/es\/wp-json\/wp\/v2\/comments?post=740154"}],"version-history":[{"count":0,"href":"https:\/\/www.europesays.com\/es\/wp-json\/wp\/v2\/posts\/740154\/revisions"}],"wp:featuredmedia":[{"embeddable":true,"href":"https:\/\/www.europesays.com\/es\/wp-json\/wp\/v2\/media\/740155"}],"wp:attachment":[{"href":"https:\/\/www.europesays.com\/es\/wp-json\/wp\/v2\/media?parent=740154"}],"wp:term":[{"taxonomy":"category","embeddable":true,"href":"https:\/\/www.europesays.com\/es\/wp-json\/wp\/v2\/categories?post=740154"},{"taxonomy":"post_tag","embeddable":true,"href":"https:\/\/www.europesays.com\/es\/wp-json\/wp\/v2\/tags?post=740154"}],"curies":[{"name":"wp","href":"https:\/\/api.w.org\/{rel}","templated":true}]}}