{"id":740158,"date":"2026-08-31T11:25:10","date_gmt":"2026-08-31T11:25:10","guid":{"rendered":"https:\/\/www.europesays.com\/es\/740158\/"},"modified":"2026-08-31T11:25:10","modified_gmt":"2026-08-31T11:25:10","slug":"sangalli-esta-ya-a-un-paso-del-real-zaragoza-muy-cerca-de-dar-el-si","status":"publish","type":"post","link":"https:\/\/www.europesays.com\/es\/740158\/","title":{"rendered":"Sangalli est\u00e1 ya a un paso del Real Zaragoza, muy cerca de dar el s\u00ed"},"content":{"rendered":"<p class=\"ft-text ft-helper-closenews\"><strong>Marco Sangalli est\u00e1 ya muy cerca del <\/strong><a class=\"ft-link ft-link--decoration\" href=\"https:\/\/www.elperiodicodearagon.com\/real-zaragoza\/\" target=\"_blank\" rel=\"nofollow noopener\"><strong>Real Zaragoza<\/strong><\/a><strong>. El entorno del futbolista admite que su llegada se puede dar, que es factible, en las pr\u00f3ximas horas, aunque el lateral derecho vasco est\u00e1 sin equipo <\/strong>y puede llegar a partir del cierre del mercado, que tendr\u00e1 lugar este martes a las 23.59 horas. <strong>En todo caso, el Zaragoza y el jugador quieren dejar su futuro cerrado ya, este lunes incluso mejor que ma\u00f1ana martes<\/strong>. El defensa, en un inter\u00e9s adelantado por este diario, ya tiene la oferta zaragocista, que ser\u00eda por una temporada, <strong>y es verdad que a\u00fan apura alguna intenci\u00f3n de la categor\u00eda de plata, que no solo es el Burgos si traspasa a Lizancos, pero est\u00e1 ya casi decidido a jugar en Primera RFEF con el conjunto zaragocista.<\/strong><\/p>\n<p class=\"ft-text\">\u00ab\u00bfMercado? No espero m\u00e1s que un jugador. Estos d\u00edas he estado centrado en el partido. Viendo el partido de Vadillo, que ha sido espectacular, no vamos a encontrar a un extremo de mejores condiciones que Vadillo\u00bb, dijo Ibai el domingo tras la derrota ante el N\u00e1stic y con 48 horas dde mercado por delante.<strong> El viernes, en la previa del partido en Tarragona, delimit\u00f3 su petici\u00f3n en la recta final del mercado a \u00abun lateral derecho\u00bb.<\/strong><\/p>\n<p class=\"ft-text\">En el Racing, Marco Sangalli, donde acab\u00f3 contrato tras contribuir al ascenso a Primera Divisi\u00f3n,<strong> particip\u00f3 la pasada campa\u00f1a en 37 encuentros y fue titular en 15 de ellos<\/strong>. Anot\u00f3 cuatro tantos y se despidi\u00f3 por la puerta grande tras cuatro a\u00f1os en El Sardinero. El guipuzcoano, que son\u00f3 con fuerza a comienzos del verano para reforzar a equipos de Segunda como el Burgos, quer\u00eda jugar en la categor\u00eda de plata del f\u00fatbol nacional y as\u00ed se lo dijo en un principio al Zaragoza, pero ya a finales de la semana pasada empez\u00f3 a abrir una puerta que ahora contempla del todo. <strong>Sangalli acumula experiencia en Segunda, en la que cuenta con casi 400 encuentros distribuidos en sus etapas en Alav\u00e9s, Mirand\u00e9s, Alcorc\u00f3n, Oviedo o el propio conjunto c\u00e1ntabro, con el que se ha enfrentado al Zaragoza en las \u00faltimas temporadas.<\/strong><\/p>\n<p>Campeny, sin jugar en el Europa<\/p>\n<p class=\"ft-text\"><strong>El paso dado por Sangalli ha hecho que el Zaragoza aparque la opci\u00f3n de Arnau Campeny,<\/strong> que de momento sigue sin opciones de llegar por la posici\u00f3n del Europa de solicitar 80.000 euros por el lateral catal\u00e1n, al que le queda un a\u00f1o de contrato tras renovar hasta 2027 el pasado 31 de julio. <\/p>\n<p class=\"ft-text\"><strong>Campeny no jug\u00f3 ni un minuto en el Europa este domingo en la derrota en casa ante el Real Ja\u00e9n y el lateral, indiscutible en la permanencia del curso pasado en el conjunto catal\u00e1n, ha presionado para que el cuadro barcelon\u00e9s acceda a su traspaso <\/strong>haciendo valer el acuerdo verbal cuando renov\u00f3 de que se le facilitar\u00eda la salidas i llegaba una oferta mejor o de un equipo de superior nivel, que solo habr\u00eda que pagar una peque\u00f1a cantidad en ese caso.<strong> Sin embargo, el Europa no ha facilitado esa salida<\/strong> y desde finales de la semana pasada el lateral y central de ese equipo est\u00e1 en segundo plano para el Zaragoza, que en ning\u00fan caso va a abonar 80.000 euros por el jugador, ni la mitad de esa cifra. Si todo va normal, ser\u00e1 Sangalli el elegido en esta recta final del mercado, con un fichaje que apunta a cerrarse pronto.<\/p>\n<p data-close=\"closedContent\" class=\"subscribeHideForDisplay\">Suscr\u00edbete para seguir leyendo<\/p>\n","protected":false},"excerpt":{"rendered":"Marco Sangalli est\u00e1 ya muy cerca del Real Zaragoza. El entorno del futbolista admite que su llegada se&hellip;\n","protected":false},"author":2,"featured_media":740159,"comment_status":"","ping_status":"","sticky":false,"template":"","format":"standard","meta":{"footnotes":""},"categories":[268],"tags":[6985,3570,8310,168,25,24,280,282,4191,798,799,131372,281,23,167,491],"class_list":["post-740158","post","type-post","status-publish","format-standard","has-post-thumbnail","category-futbol","tag-caso","tag-cerca","tag-conjunto","tag-deportes","tag-es","tag-espana","tag-football","tag-futbol","tag-paso","tag-real","tag-real-zaragoza","tag-sangalli","tag-soccer","tag-spain","tag-sports","tag-zaragoza"],"share_on_mastodon":{"url":"https:\/\/pubeurope.com\/@es\/117189878049979122","error":""},"_links":{"self":[{"href":"https:\/\/www.europesays.com\/es\/wp-json\/wp\/v2\/posts\/740158","targetHints":{"allow":["GET"]}}],"collection":[{"href":"https:\/\/www.europesays.com\/es\/wp-json\/wp\/v2\/posts"}],"about":[{"href":"https:\/\/www.europesays.com\/es\/wp-json\/wp\/v2\/types\/post"}],"author":[{"embeddable":true,"href":"https:\/\/www.europesays.com\/es\/wp-json\/wp\/v2\/users\/2"}],"replies":[{"embeddable":true,"href":"https:\/\/www.europesays.com\/es\/wp-json\/wp\/v2\/comments?post=740158"}],"version-history":[{"count":0,"href":"https:\/\/www.europesays.com\/es\/wp-json\/wp\/v2\/posts\/740158\/revisions"}],"wp:featuredmedia":[{"embeddable":true,"href":"https:\/\/www.europesays.com\/es\/wp-json\/wp\/v2\/media\/740159"}],"wp:attachment":[{"href":"https:\/\/www.europesays.com\/es\/wp-json\/wp\/v2\/media?parent=740158"}],"wp:term":[{"taxonomy":"category","embeddable":true,"href":"https:\/\/www.europesays.com\/es\/wp-json\/wp\/v2\/categories?post=740158"},{"taxonomy":"post_tag","embeddable":true,"href":"https:\/\/www.europesays.com\/es\/wp-json\/wp\/v2\/tags?post=740158"}],"curies":[{"name":"wp","href":"https:\/\/api.w.org\/{rel}","templated":true}]}}