{"id":740160,"date":"2026-08-31T11:26:19","date_gmt":"2026-08-31T11:26:19","guid":{"rendered":"https:\/\/www.europesays.com\/es\/740160\/"},"modified":"2026-08-31T11:26:19","modified_gmt":"2026-08-31T11:26:19","slug":"lluvia-de-estrellas-en-la-boda-del-hermano-de-billie-ellish-finneas-de-hayley-y-justin-bieber-a-nina-dobrev-y-emma-chamberlai","status":"publish","type":"post","link":"https:\/\/www.europesays.com\/es\/740160\/","title":{"rendered":"Lluvia de estrellas en la boda del hermano de Billie Ellish, Finneas: de Hayley y Justin Bieber a Nina Dobrev y Emma Chamberlai"},"content":{"rendered":"<p class=\"c-paragraph\">El hermano de <a href=\"https:\/\/www.20minutos.es\/tags\/personas\/billie-eilish.html\" title=\"Billie Eilish\" rel=\"nofollow noopener\" target=\"_blank\">Billie Eilish<\/a>, una de sus manos derechas en la industria musical, ha decidido <b>darse el &#8216;s\u00ed, quiero&#8217; <\/b>junto a su pareja, Claudia Sulewski, en una ceremonia rodeada de celebrities. La actriz e influencer y el productor musical han celebrado su gran d\u00eda en una ceremonia en California.<\/p>\n<p class=\"c-paragraph\">Entre los rostros conocidos que han acudido al enlace hemos podido ver a la hermana del novio, la cantante Billie Eilish. La artista <b>ha oficiado la ceremonia<\/b> con su hit Birds of a Feather y ha guiado los votos de la pareja en un entorno rodeado de naturaleza.<\/p>\n<p class=\"c-paragraph\">La pareja ha decidido celebrar su gran d\u00eda en el San Ysidro Ranch, en Santa B\u00e1rbara, California. El enlace se ha celebrado en un escenario <b>rodeado de zonas verdes y naturaleza<\/b>, donde han sellado su historia de amor despu\u00e9s de m\u00e1s de ocho a\u00f1os juntos.<\/p>\n<p class=\"c-paragraph\">Entre los invitados, quienes m\u00e1s han llamado la atenci\u00f3n han sido una de las parejas del momento, <a href=\"https:\/\/www.20minutos.es\/tags\/personas\/justin-bieber.html\" title=\"Justin Bieber\" rel=\"nofollow noopener\" target=\"_blank\">Hailey y Justin Bieber<\/a>. Ambos han disfrutado de la ceremonia juntos. \u00c9l ha apostado por un esmoquin negro con una camisa blanca sencilla, mientras que ella ha elegido un vestido verde que ha enamorado a muchos de sus seguidores.<\/p>\n<p class=\"c-paragraph\">Otros de los invitados han sido Nina Dobrev, protagonista de la <b>serie Cr\u00f3nicas vamp\u00edricas<\/b>, y la creadora de contenido Emma Chamberlain. Asimismo, han acudido actores como Kristen Bell y Dax Shepard e influencers como Carter Gregory y Stassie Karanikolaou, \u00edntimos de la familia Kardashian.<\/p>\n<p class=\"c-paragraph\">La historia de amor de la pareja comenz\u00f3 en 2018, cuando se <b>conocieron a trav\u00e9s de una aplicaci\u00f3n de citas<\/b>. Poco despu\u00e9s de conocerse, Finneas escribi\u00f3 la canci\u00f3n Claudia, inspirada en ella. Sulewski tambi\u00e9n fue musa del tema Mona Lisa, Mona Lisa, publicado en 2022, y protagoniz\u00f3 su videoclip.<\/p>\n","protected":false},"excerpt":{"rendered":"El hermano de Billie Eilish, una de sus manos derechas en la industria musical, ha decidido darse el&hellip;\n","protected":false},"author":2,"featured_media":740161,"comment_status":"","ping_status":"","sticky":false,"template":"","format":"standard","meta":{"footnotes":""},"categories":[174],"tags":[79207,3158,255,146,147,25,24,782,256,37,1479,23],"class_list":["post-740160","post","type-post","status-publish","format-standard","has-post-thumbnail","category-famosos","tag-billie","tag-boda","tag-celebrities","tag-entertainment","tag-entretenimiento","tag-es","tag-espana","tag-estrellas","tag-famosos","tag-hermano","tag-lluvia","tag-spain"],"share_on_mastodon":{"url":"https:\/\/pubeurope.com\/@es\/117189881653856068","error":""},"_links":{"self":[{"href":"https:\/\/www.europesays.com\/es\/wp-json\/wp\/v2\/posts\/740160","targetHints":{"allow":["GET"]}}],"collection":[{"href":"https:\/\/www.europesays.com\/es\/wp-json\/wp\/v2\/posts"}],"about":[{"href":"https:\/\/www.europesays.com\/es\/wp-json\/wp\/v2\/types\/post"}],"author":[{"embeddable":true,"href":"https:\/\/www.europesays.com\/es\/wp-json\/wp\/v2\/users\/2"}],"replies":[{"embeddable":true,"href":"https:\/\/www.europesays.com\/es\/wp-json\/wp\/v2\/comments?post=740160"}],"version-history":[{"count":0,"href":"https:\/\/www.europesays.com\/es\/wp-json\/wp\/v2\/posts\/740160\/revisions"}],"wp:featuredmedia":[{"embeddable":true,"href":"https:\/\/www.europesays.com\/es\/wp-json\/wp\/v2\/media\/740161"}],"wp:attachment":[{"href":"https:\/\/www.europesays.com\/es\/wp-json\/wp\/v2\/media?parent=740160"}],"wp:term":[{"taxonomy":"category","embeddable":true,"href":"https:\/\/www.europesays.com\/es\/wp-json\/wp\/v2\/categories?post=740160"},{"taxonomy":"post_tag","embeddable":true,"href":"https:\/\/www.europesays.com\/es\/wp-json\/wp\/v2\/tags?post=740160"}],"curies":[{"name":"wp","href":"https:\/\/api.w.org\/{rel}","templated":true}]}}