{"id":740208,"date":"2026-08-31T12:04:14","date_gmt":"2026-08-31T12:04:14","guid":{"rendered":"https:\/\/www.europesays.com\/es\/740208\/"},"modified":"2026-08-31T12:04:14","modified_gmt":"2026-08-31T12:04:14","slug":"la-junta-de-gobierno-adjudica-el-expediente-de-adquisicion-de-un-camion-polivalente-para-el-servicio-de-limpieza","status":"publish","type":"post","link":"https:\/\/www.europesays.com\/es\/740208\/","title":{"rendered":"La Junta de Gobierno adjudica el expediente de adquisici\u00f3n de un cami\u00f3n polivalente para el Servicio de Limpieza"},"content":{"rendered":"<p>\tLa Junta de Gobierno adjudica el expediente de adquisici\u00f3n de un cami\u00f3n polivalente para el Servicio de Limpieza | Portal Web del Ayuntamiento de Valladolid<\/p>\n<p>\t&#13;<\/p>\n<p>\t&#13;<\/p>\n<p>\t\tFecha de la noticia<\/p>\n<p>31 de agosto de 2026<\/p>\n<p><img decoding=\"async\" class=\"side-image\" alt=\"\" src=\"https:\/\/www.europesays.com\/es\/wp-content\/uploads\/2026\/08\/1215330-20260831 JUNTA DE GOBIERNO 07.jpeg\"\/>Descripci\u00f3n<\/p>\n<p class=\"cmParagraph cmAlignjustify\">La Junta de Gobierno Local del Ayuntamiento de Valladolid ha aprobado hoy el contrato de suministro de un nuevo veh\u00edculo, para el Servicio de Limpieza, con caja basculante de al menos 24 m3 de capacidad, con gr\u00faa para el vaciado de contenedores mediante gancho y cadena, con esparcidor de sal desmontable de 6 m3 de capacidad y con cuchilla quitanieves frontal, hidr\u00e1ulica y desmontable.<\/p>\n<p class=\"cmParagraph cmAlignjustify\">Constar\u00e1 tambi\u00e9n de emisora y sistema de geolocalizaci\u00f3n y gesti\u00f3n de flotas.<\/p>\n<p class=\"cmParagraph cmAlignjustify\">Adem\u00e1s, el adjudicatario deber\u00e1 formar tanto al personal de taller del Servicio de Limpieza como a los conductores.<\/p>\n<p class=\"cmParagraph cmAlignjustify\">El plazo de entrega es de 12 meses desde la firma del contrato, con una garant\u00eda de dos a\u00f1os.<\/p>\n","protected":false},"excerpt":{"rendered":"La Junta de Gobierno adjudica el expediente de adquisici\u00f3n de un cami\u00f3n polivalente para el Servicio de Limpieza&hellip;\n","protected":false},"author":2,"featured_media":740209,"comment_status":"","ping_status":"","sticky":false,"template":"","format":"standard","meta":{"footnotes":""},"categories":[5],"tags":[4115,4109,249,1250,17,18,4107,4114,777,4110,25,24,13,14,260,11,19,20,4108,9,4112,10,15,16,4111,4116,4113,23,12,21,22,1607],"class_list":["post-740208","post","type-post","status-publish","format-standard","has-post-thumbnail","category-titulares","tag-agendas","tag-alcaldia","tag-ayudas","tag-ayuntamiento","tag-breaking-news","tag-breakingnews","tag-castilla","tag-centros","tag-ciudad","tag-corporacion","tag-es","tag-espana","tag-featured-news","tag-featurednews","tag-gente","tag-headlines","tag-latest-news","tag-latestnews","tag-leon","tag-news","tag-normativas","tag-noticias","tag-noticias-destacadas","tag-noticiasdestacadas","tag-presupuestos","tag-publicaciones","tag-servicios","tag-spain","tag-titulares","tag-ultimas-noticias","tag-ultimasnoticias","tag-valladolid"],"share_on_mastodon":{"url":"","error":"Validation failed: Text character limit of 500 exceeded"},"_links":{"self":[{"href":"https:\/\/www.europesays.com\/es\/wp-json\/wp\/v2\/posts\/740208","targetHints":{"allow":["GET"]}}],"collection":[{"href":"https:\/\/www.europesays.com\/es\/wp-json\/wp\/v2\/posts"}],"about":[{"href":"https:\/\/www.europesays.com\/es\/wp-json\/wp\/v2\/types\/post"}],"author":[{"embeddable":true,"href":"https:\/\/www.europesays.com\/es\/wp-json\/wp\/v2\/users\/2"}],"replies":[{"embeddable":true,"href":"https:\/\/www.europesays.com\/es\/wp-json\/wp\/v2\/comments?post=740208"}],"version-history":[{"count":0,"href":"https:\/\/www.europesays.com\/es\/wp-json\/wp\/v2\/posts\/740208\/revisions"}],"wp:featuredmedia":[{"embeddable":true,"href":"https:\/\/www.europesays.com\/es\/wp-json\/wp\/v2\/media\/740209"}],"wp:attachment":[{"href":"https:\/\/www.europesays.com\/es\/wp-json\/wp\/v2\/media?parent=740208"}],"wp:term":[{"taxonomy":"category","embeddable":true,"href":"https:\/\/www.europesays.com\/es\/wp-json\/wp\/v2\/categories?post=740208"},{"taxonomy":"post_tag","embeddable":true,"href":"https:\/\/www.europesays.com\/es\/wp-json\/wp\/v2\/tags?post=740208"}],"curies":[{"name":"wp","href":"https:\/\/api.w.org\/{rel}","templated":true}]}}