{"id":740210,"date":"2026-08-31T12:10:12","date_gmt":"2026-08-31T12:10:12","guid":{"rendered":"https:\/\/www.europesays.com\/es\/740210\/"},"modified":"2026-08-31T12:10:12","modified_gmt":"2026-08-31T12:10:12","slug":"safiullin-horario-y-donde-ver-el-debut-del-tenista-murciano-en-el-us-open-2026","status":"publish","type":"post","link":"https:\/\/www.europesays.com\/es\/740210\/","title":{"rendered":"Safiullin: horario y d\u00f3nde ver el debut del tenista murciano en el US Open 2026"},"content":{"rendered":"<p class=\"article-text\">\n        <a href=\"https:\/\/www.eldiario.es\/temas\/carlos-alcaraz\/\" data-mrf-recirculation=\"links-noticia\" class=\"link\" rel=\"nofollow noopener\" target=\"_blank\">Carlos Alcaraz<\/a> vuelve a sonre\u00edr y est\u00e1 listo para comenzar la defensa de su corona en el reci\u00e9n iniciado <strong>US Open<\/strong>. Atr\u00e1s quedan m\u00e1s de cien d\u00edas de espera, cuatro meses y medio de una dura <strong>lesi\u00f3n<\/strong> en su mu\u00f1eca derecha que le oblig\u00f3 a apartarse de la competici\u00f3n. El tenista espa\u00f1ol, que no juega un partido de individuales desde que se retir\u00f3 a mediados de abril en <strong>Barcelona<\/strong>, regresa con la m\u00e1xima ilusi\u00f3n al escenario donde ya ha triunfado en dos ocasiones. A sus 23 a\u00f1os, el joven de El Palmar inicia un reto enorme donde la inactividad y la falta de ritmo competitivo ser\u00e1n sus principales rivales a batir en el arranque de la competici\u00f3n.\n    <\/p>\n<p>    <a href=\"https:\/\/www.eldiario.es\/spin\/deportes\/nacida-moldavia-criada-catalunya-tenista-retira-demostrar-gran-personalidad-fuera-pista-pm_1_13198429.html\" data-mrf-recirculation=\"saber-mas\" data-dl-event=\"saber-mas\" rel=\"nofollow noopener\" target=\"_blank\"><\/p>\n<p class=\"know-more__title\">Nacida en Moldavia y criada en Catalunya, esta tenista se retira tras demostrar una gran personalidad dentro y fuera de la pista<\/p>\n<p>            <img decoding=\"async\" class=\"lazy\" loading=\"lazy\" data-src=\"https:\/\/static.eldiario.es\/clip\/9af22916-3793-4130-aa6e-3d7494e6f75b_16-9-aspect-ratio_default_0.jpg\" src=\"data:image\/svg+xml,%3Csvg xmlns=\" http:=\"\" viewbox=\"0 0 880 495\" alt=\"Nacida en Moldavia y criada en Catalunya, esta tenista se retira tras demostrar una gran personalidad dentro y fuera de la pista\"\/><\/p>\n<p>                        <\/a><\/p>\n<p class=\"article-text\">\n        Tras haberse perdido citas tan importantes este a\u00f1o como Roland Garros y Wimbledon debido a su convalecencia y haber sufrido un retroceso en el ranking del <a href=\"https:\/\/www.eldiario.es\/temas\/tenis\/\" data-mrf-recirculation=\"links-noticia\" class=\"link\" rel=\"nofollow noopener\" target=\"_blank\">tenis<\/a> mundial, el camino del murciano hacia este esperado debut ha incluido <strong>sesiones de preparaci\u00f3n<\/strong> muy intensas en las pistas r\u00e1pidas de Flushing Meadows. Alcaraz ya tuvo su primera toma de contacto oficial esta semana al disputar el <strong>dobles mixtos<\/strong> con la legendaria tenista <strong>Serena Williams<\/strong>, logrando una gran victoria en su debut frente a Lloyd Glasspool y Erin Routliffe, aunque posteriormente cayeron eliminados en la ronda de cuartos de final ante Cobolli y Bencic.\n    <\/p>\n<p class=\"article-text\">\n        Adem\u00e1s, <strong>Alcaraz<\/strong> ha completado entrenamientos de m\u00e1xima exigencia para medir el estado de su mu\u00f1eca derecha, destacando la pr\u00e1ctica compartida con <strong>Karen Khachanov<\/strong>, a quien logr\u00f3 vencer por un contundente 6-1 en el \u00faltimo set de su sesi\u00f3n m\u00e1s dura antes del debut individual, demostrando que su derecha vuelve a tener la potencia necesaria para competir al m\u00e1s alto nivel en este Grand Slam.\n    <\/p>\n<blockquote class=\"instagram-media\" data-instgrm-version=\"14\" data-instgrm-permalink=\"https:\/\/www.instagram.com\/p\/DcgT5cviiJ4\/\" data-instgrm-captioned=\"\"\/>\n<p class=\"article-text\">\n        Su <strong>rival<\/strong> en la primera ronda del cuadro individual ser\u00e1 el peligroso tenista ruso <strong>Roman Safiullin<\/strong>, que actualmente ocupa la posici\u00f3n n\u00famero 99 en el ranking mundial de la ATP. Safiullin, un <strong>veterano<\/strong> del circuito profesional que viene de alcanzar la cuarta ronda en Wimbledon dejando por el camino a grandes rivales como Andrey Rublev y Jo\u00e3o Fonseca antes de caer ante Novak Djokovic, es un contrincante muy inc\u00f3modo por su estilo plano de juego. El tenista ruso ya ha demostrado que se siente c\u00f3modo ante rivales de primer nivel en pistas r\u00e1pidas y llegar\u00e1 a la gran cita de <strong>Nueva York<\/strong> dispuesto a aprovechar cualquier duda f\u00edsica o falta de ritmo que pueda mostrar el espa\u00f1ol, e intentar\u00e1 obligar al jugador de El Palmar a rendir a su nivel m\u00e1s alto.\n    <\/p>\n<p class=\"article-text\">\n        El historial de <strong>enfrentamientos<\/strong> directos entre Carlos Alcaraz y Roman Safiullin muestra una igualdad con un <strong>empate a uno<\/strong>. El tenista ruso logr\u00f3 sorprender al jugador espa\u00f1ol en la segunda ronda del Masters 1.000 de Par\u00eds-Bercy en la temporada de 2023, donde se impuso por un 6-3 y 6-4. Sin embargo, el tenista murciano devolvi\u00f3 el golpe al a\u00f1o siguiente en los octavos de final de los Juegos Ol\u00edmpicos de Par\u00eds, equilibrando el registro de victorias entre ambos y demostrando su tremenda capacidad de adaptaci\u00f3n t\u00e1ctica en grandes citas. De este modo, el partido de esta primera ronda se presenta como un excelente term\u00f3metro para comprobar la respuesta f\u00edsica y mental del vigente campe\u00f3n del torneo neoyorquino, quien sabe perfectamente que no tendr\u00e1 margen de error para una entrada lenta ante este exigente rival.\n    <\/p>\n<p class=\"article-text\">\n        El <strong>sorteo<\/strong> del cuadro principal de este Grand Slam no le ha deparado un camino sencillo al tenista del Palmar en su objetivo de levantar el t\u00edtulo. Si Carlos Alcaraz consigue superar este primer y exigente obst\u00e1culo, se enfrentar\u00e1 en la segunda ronda al portugu\u00e9s <strong>Jaime Faria<\/strong>. M\u00e1s adelante, en su ruta hacia la gran final de Nueva York, podr\u00edan aparecer duros oponentes como el italiano <strong>Matteo Arnaldi<\/strong>, el estadounidense <strong>Ben Shelton<\/strong> o el franc\u00e9s <strong>Arthur Fils<\/strong>. No obstante, la gran cita del torneo que podr\u00eda haberse producido, semifinales ante <a href=\"https:\/\/www.eldiario.es\/spin\/deportes\/djokovic-despide-us-open-lagrimas-primera-ronda-pm_1_13476043.html\" data-mrf-recirculation=\"links-noticia\" class=\"link\" rel=\"nofollow noopener\" target=\"_blank\">Djokovic, ya no ser\u00e1 posible tras la derrota del serbio en su respectivo debut<\/a>. Alcaraz evitar\u00e1 hasta la hipot\u00e9tica final a hombres como el alem\u00e1n Alexander <strong>Zverev<\/strong>, el italiano Lorenzo <strong>Musetti<\/strong>, el tambi\u00e9n espa\u00f1ol <strong>Rafa J\u00f3dar<\/strong>, el jugador ruso Karen Khachanov, F\u00e9lix <strong>Auger-Aliassime<\/strong>, Flavio <strong>Cobolli<\/strong> o Jakub <strong>Mensik.<\/strong>\n    <\/p>\n<p class=\"article-text\">\n        El esperado <strong>debut<\/strong> individual de <a href=\"https:\/\/www.eldiario.es\/temas\/carlos-alcaraz\/\" data-mrf-recirculation=\"links-noticia\" class=\"link\" rel=\"nofollow noopener\" target=\"_blank\">Carlos Alcaraz<\/a> se disputar\u00e1 hoy lunes en el <strong>segundo turno de la sesi\u00f3n diurna<\/strong> de la pista central. El partido se celebrar\u00e1 en el emblem\u00e1tico Estadio Arthur Ashe justo despu\u00e9s de que finalice el duelo de individuales femenino entre la vigente campeona, la bielorrusa Aryna <strong>Sabalenka<\/strong>, y la joven colombiana Camila Osorio. De esta forma, se estima que el murciano saltar\u00e1 a la pista <strong>sobre las 19.30<\/strong> horas en la Espa\u00f1a peninsular. Debido a las previsiones de lluvia para esa jornada, es muy posible que el choque se dispute bajo el techo retr\u00e1ctil del estadio neoyorquino, lo que asegurar\u00e1 el espect\u00e1culo de este primer partido con total normalidad.\n    <\/p>\n<p>    24 partidos ganados<\/p>\n<p class=\"article-text\">\n        Los aficionados al tenis en Espa\u00f1a que deseen seguir en directo por <strong>televisi\u00f3n<\/strong> este emocionante partido de primera ronda podr\u00e1n hacerlo a trav\u00e9s de la plataforma Movistar Plus+, que retransmitir\u00e1 todo el torneo neoyorquino y emitir\u00e1 el debut del tenista espa\u00f1ol a trav\u00e9s de sus canales principales. Del mismo modo, el encuentro se podr\u00e1 seguir a trav\u00e9s del servicio internacional ATP Tennis TV o mediante otras plataformas que ofrecen emisiones en streaming.\n    <\/p>\n<p>    <a href=\"https:\/\/www.eldiario.es\/spin\/deportes\/djokovic-despide-us-open-lagrimas-primera-ronda-pm_1_13476043.html\" data-mrf-recirculation=\"saber-mas-abajo\" data-dl-event=\"saber-mas-abajo\" rel=\"nofollow noopener\" target=\"_blank\"><\/p>\n<p class=\"know-more__title\">Djokovic se despide del US Open entre l\u00e1grimas y en primera ronda\n<\/p>\n<p>            <img decoding=\"async\" class=\"lazy\" loading=\"lazy\" data-src=\"https:\/\/static.eldiario.es\/clip\/cf5a8888-3d1b-4e20-bdc0-e5e860684bda_16-9-aspect-ratio_default_0_x874y194.jpg\" src=\"data:image\/svg+xml,%3Csvg xmlns=\" http:=\"\" viewbox=\"0 0 880 495\" alt=\"Djokovic se despide del US Open entre l\u00e1grimas y en primera ronda\"\/><\/p>\n<p>                        <\/a><\/p>\n<p class=\"article-text\">\n        Este inicio de torneo representa un momento de suma trascendencia en la joven carrera de <strong>Carlos Alcaraz<\/strong>, que busca consagrarse por tercera vez en Nueva York. A sus 23 a\u00f1os, el tenista murciano posee un impresionante r\u00e9cord de <strong>24 victorias<\/strong> y tan solo <strong>3 derrotas <\/strong>en Flushing Meadows, tras sus triunfos en 2022 y 2025. Con la destacada ausencia de Jannik <strong>Sinner<\/strong> en esta edici\u00f3n y <a href=\"https:\/\/www.eldiario.es\/spin\/deportes\/djokovic-despide-us-open-lagrimas-primera-ronda-pm_1_13476043.html\" data-mrf-recirculation=\"links-noticia\" class=\"link\" rel=\"nofollow noopener\" target=\"_blank\">la temprana eliminaci\u00f3n de Djokovic<\/a>, el de El Palmar afronta una oportunidad de oro para recuperar el terreno perdido debido a su lesi\u00f3n. Defender su corona con \u00e9xito supondr\u00eda levantar su octavo t\u00edtulo de Grand Slam y el segundo major de la presente temporada, tras haber conquistado con gran brillantez el Abierto de Australia en el mes de enero.\n    <\/p>\n<p>                                        <script async src=\"\/\/www.instagram.com\/embed.js\"><\/script><\/p>\n","protected":false},"excerpt":{"rendered":"Carlos Alcaraz vuelve a sonre\u00edr y est\u00e1 listo para comenzar la defensa de su corona en el reci\u00e9n&hellip;\n","protected":false},"author":2,"featured_media":740211,"comment_status":"","ping_status":"","sticky":false,"template":"","format":"standard","meta":{"footnotes":""},"categories":[274],"tags":[3076,4736,5437,168,25,24,319,9226,5829,2678,131272,23,167,327,6811,326,1559,809],"class_list":["post-740210","post","type-post","status-publish","format-standard","has-post-thumbnail","category-tenis","tag-3076","tag-alcaraz","tag-debut","tag-deportes","tag-es","tag-espana","tag-horario","tag-murciano","tag-open","tag-pm","tag-safiullin","tag-spain","tag-sports","tag-tenis","tag-tenista","tag-tennis","tag-us","tag-ver"],"share_on_mastodon":{"url":"https:\/\/pubeurope.com\/@es\/117190054527611972","error":""},"_links":{"self":[{"href":"https:\/\/www.europesays.com\/es\/wp-json\/wp\/v2\/posts\/740210","targetHints":{"allow":["GET"]}}],"collection":[{"href":"https:\/\/www.europesays.com\/es\/wp-json\/wp\/v2\/posts"}],"about":[{"href":"https:\/\/www.europesays.com\/es\/wp-json\/wp\/v2\/types\/post"}],"author":[{"embeddable":true,"href":"https:\/\/www.europesays.com\/es\/wp-json\/wp\/v2\/users\/2"}],"replies":[{"embeddable":true,"href":"https:\/\/www.europesays.com\/es\/wp-json\/wp\/v2\/comments?post=740210"}],"version-history":[{"count":0,"href":"https:\/\/www.europesays.com\/es\/wp-json\/wp\/v2\/posts\/740210\/revisions"}],"wp:featuredmedia":[{"embeddable":true,"href":"https:\/\/www.europesays.com\/es\/wp-json\/wp\/v2\/media\/740211"}],"wp:attachment":[{"href":"https:\/\/www.europesays.com\/es\/wp-json\/wp\/v2\/media?parent=740210"}],"wp:term":[{"taxonomy":"category","embeddable":true,"href":"https:\/\/www.europesays.com\/es\/wp-json\/wp\/v2\/categories?post=740210"},{"taxonomy":"post_tag","embeddable":true,"href":"https:\/\/www.europesays.com\/es\/wp-json\/wp\/v2\/tags?post=740210"}],"curies":[{"name":"wp","href":"https:\/\/api.w.org\/{rel}","templated":true}]}}