{"id":740212,"date":"2026-08-31T12:13:16","date_gmt":"2026-08-31T12:13:16","guid":{"rendered":"https:\/\/www.europesays.com\/es\/740212\/"},"modified":"2026-08-31T12:13:16","modified_gmt":"2026-08-31T12:13:16","slug":"nerea-hermosa-descartada-a-ultima-hora-de-la-seleccion-de-baloncesto","status":"publish","type":"post","link":"https:\/\/www.europesays.com\/es\/740212\/","title":{"rendered":"Nerea Hermosa, descartada a \u00faltima hora de la selecci\u00f3n de baloncesto"},"content":{"rendered":"<p class=\"c-paragraph\">El seleccionador nacional femenino de baloncesto, Miguel M\u00e9ndez, facilit\u00f3 este lunes, despu\u00e9s del amistoso preparatorio jugado este domingo en Zaragoza ante China, el nombre de sus 12 elegidas para afrontar a partir de este viernes el Mundial de Alemania, con las cinco WNBA que le han faltado durante casi toda la concentraci\u00f3n y tras descartar a siete jugadoras. <b>Es baja a \u00faltima hora Nerea Hermosa, jugadora del Casademont Zaragoza. S\u00ed sigue en la n\u00f3mina Mariona Ortiz, tambi\u00e9n jugadora del Casademont Zaragoza<\/b>. Las citadas por M\u00e9ndez son Alba Torrens, Mar\u00eda Conde, Paula Ginzo, Maite Cazorla, Raquel Carrera, Mariona Ortiz, Helena Pueyo, Iyana Mart\u00edn, Awa Fam, Elena Buenavida, Megan Gustafson y Alicia Fl\u00f3rez, seg\u00fan confirm\u00f3 este lunes la Federaci\u00f3n Espa\u00f1ola de Baloncesto (FEB).\u00a0<\/p>\n<p class=\"c-paragraph\"><b>El gallego hizo una prelista de 21 jugadoras para preparar la cita<\/b>, con Fam, Carrera, Conde, Gustafson y Florez fuera por jugar en la WNBA, y finalmente descart\u00f3 a Andrea Vilar\u00f3, Irati Etxarri, Mar\u00eda Ara\u00fajo, Aina Ayuso, Lola Pendande, Nerea Hermosa y Marta Garc\u00eda. Antes, tras el primer amistoso ante Alemania de mediados de agosto, hab\u00edan dejado la concentraci\u00f3n Txell Alarc\u00f3n y Carolina Guerrero. Aina Ayuso, Mar\u00eda Ara\u00fajo, Irati Etxarri y Andrea Vilar\u00f3 estuvieron en la lista para el pasado Eurobasket. <\/p>\n<p class=\"c-paragraph\">\u00abHemos pasado un d\u00eda tenso como el de hacer el equipo definitivo que nos representar\u00e1 en el Mundial. Ha sido especialmente dif\u00edcil por el nivel de todas las jugadoras que han estado aqu\u00ed y aunque la gente se lo pueda imaginar <b>yo creo que no se imagina las vueltas que le hemos dado<\/b>\u00ab, se\u00f1al\u00f3 el seleccionador en declaraciones en la web de la FEB. <\/p>\n<p class=\"c-paragraph\">El t\u00e9cnico recalc\u00f3 que, \u00abdentro de las posibles estructuras de equipo\u00bb, hab\u00edan elegido \u00abla que mejor\u00bb considera que les va a \u00abrepresentar en un Mundial\u00bb. \u00ab<b>Muy agradecido a todas las jugadoras por el compromiso que han mostrado, especialmente este a\u00f1o, que es nuevo para todos<\/b>. Hemos intentado hacerlo de la mejor manera posible y ha estado muy bien gracias, sobre todo, a su talante y profesionalidad\u00bb, sentenci\u00f3. <\/p>\n<p class=\"c-paragraph\">En la convocatoria para el Mundial, en el que Espa\u00f1a debuta este viernes ante Alemania,<b> est\u00e1n ocho jugadoras que fueron subcampeonas de Europa el a\u00f1o pasado<\/b>. Capitaneadas por la veterana Alba Torrens, repiten Paula Ginzo, Raquel Carrera, Mariona Ortiz, Helena Pueyo, Iyana Mart\u00edn, Awa Fam y Elena Buenavida. La gran novedad ser\u00e1 Alicia Fl\u00f3rez, dos veces internacional y que jugar\u00e1 su primer gran torneo con la selecci\u00f3n. <\/p>\n","protected":false},"excerpt":{"rendered":"El seleccionador nacional femenino de baloncesto, Miguel M\u00e9ndez, facilit\u00f3 este lunes, despu\u00e9s del amistoso preparatorio jugado este domingo&hellip;\n","protected":false},"author":2,"featured_media":740213,"comment_status":"","ping_status":"","sticky":false,"template":"","format":"standard","meta":{"footnotes":""},"categories":[269],"tags":[299,298,168,131374,25,24,31665,1458,1509,23,167,1885],"class_list":["post-740212","post","type-post","status-publish","format-standard","has-post-thumbnail","category-baloncesto","tag-baloncesto","tag-basketball","tag-deportes","tag-descartada","tag-es","tag-espana","tag-hermosa","tag-hora","tag-nerea","tag-spain","tag-sports","tag-ultima"],"share_on_mastodon":{"url":"https:\/\/pubeurope.com\/@es\/117190066761955438","error":""},"_links":{"self":[{"href":"https:\/\/www.europesays.com\/es\/wp-json\/wp\/v2\/posts\/740212","targetHints":{"allow":["GET"]}}],"collection":[{"href":"https:\/\/www.europesays.com\/es\/wp-json\/wp\/v2\/posts"}],"about":[{"href":"https:\/\/www.europesays.com\/es\/wp-json\/wp\/v2\/types\/post"}],"author":[{"embeddable":true,"href":"https:\/\/www.europesays.com\/es\/wp-json\/wp\/v2\/users\/2"}],"replies":[{"embeddable":true,"href":"https:\/\/www.europesays.com\/es\/wp-json\/wp\/v2\/comments?post=740212"}],"version-history":[{"count":0,"href":"https:\/\/www.europesays.com\/es\/wp-json\/wp\/v2\/posts\/740212\/revisions"}],"wp:featuredmedia":[{"embeddable":true,"href":"https:\/\/www.europesays.com\/es\/wp-json\/wp\/v2\/media\/740213"}],"wp:attachment":[{"href":"https:\/\/www.europesays.com\/es\/wp-json\/wp\/v2\/media?parent=740212"}],"wp:term":[{"taxonomy":"category","embeddable":true,"href":"https:\/\/www.europesays.com\/es\/wp-json\/wp\/v2\/categories?post=740212"},{"taxonomy":"post_tag","embeddable":true,"href":"https:\/\/www.europesays.com\/es\/wp-json\/wp\/v2\/tags?post=740212"}],"curies":[{"name":"wp","href":"https:\/\/api.w.org\/{rel}","templated":true}]}}