{"id":740214,"date":"2026-08-31T12:14:13","date_gmt":"2026-08-31T12:14:13","guid":{"rendered":"https:\/\/www.europesays.com\/es\/740214\/"},"modified":"2026-08-31T12:14:13","modified_gmt":"2026-08-31T12:14:13","slug":"el-barca-ficha-a-mirza-catovic-para-el-filial","status":"publish","type":"post","link":"https:\/\/www.europesays.com\/es\/740214\/","title":{"rendered":"El Bar\u00e7a ficha a Mirza Catovic para el filial"},"content":{"rendered":"<p class=\"ft-text\"><strong>El Bar\u00e7a Atl\u00e8tic ha cerrado la incorporaci\u00f3n de Mirza Catovic, centrocampista del Stuttgart que llega al filial azulgrana en calidad de cedido<\/strong>, seg\u00fan avanz\u00f3 el programa Qu\u00e8 t&#8217;hi jugues! de la Cadena SER. El acuerdo incluye una opci\u00f3n de compra que podr\u00eda ejecutarse en funci\u00f3n de una serie de objetivos deportivos establecidos durante su etapa en Barcelona. El filial, por tanto, sigue reforz\u00e1ndose <a class=\"ft-link ft-link--decoration\" href=\"https:\/\/www.sport.es\/es\/noticias\/barca\/barca-cierra-fichaje-mikael-baza-133798927\" rel=\"nofollow noopener\" target=\"_blank\">despu\u00e9s de cerrar el acuerdo con el Hamburgo por Mikael Baza, central alem\u00e1n de solo 16 a\u00f1os.<\/a><\/p>\n<p class=\"ft-text\"><strong>Catovic, de 18 a\u00f1os, es un centrocampista que destaca por su capacidad para jugar entre l\u00edneas<\/strong>, su criterio con el bal\u00f3n y su proyecci\u00f3n. El futbolista alem\u00e1n llega al Bar\u00e7a con el objetivo de dar un paso adelante en su formaci\u00f3n y seguir creciendo en un nuevo contexto competitivo con el filial azulgrana.<\/p>\n<p class=\"ft-text\">El jugador se incorporar\u00e1 a la plantilla del Bar\u00e7a Atl\u00e8tic, que contin\u00faa reforz\u00e1ndose con talento joven y futbolistas con margen de crecimiento. <strong>En el caso de Catovic, el club azulgrana tambi\u00e9n se asegura la posibilidad de prolongar su vinculaci\u00f3n m\u00e1s all\u00e1 de esta temporada<\/strong>, ya que el acuerdo con el Stuttgart contempla una opci\u00f3n de compra condicionada al cumplimiento de determinados objetivos deportivos. Seg\u00fan el especialista en mercado Fabrizio Romano, <strong>la opci\u00f3n de compra ser\u00eda de 3,5 millones de euros<\/strong>.<\/p>\n<p>Una apuesta por el talento joven<\/p>\n<p class=\"ft-text\">Con esta incorporaci\u00f3n,<strong> el Bar\u00e7a Atl\u00e8tic se refuerza con un futbolista procedente del Stuttgart, uno de los clubes de referencia en la formaci\u00f3n de j\u00f3venes talentos en el f\u00fatbol alem\u00e1n. <\/strong>Catovic ha completado buena parte de su formaci\u00f3n en el conjunto alem\u00e1n y ahora afronta un nuevo reto en el f\u00fatbol catal\u00e1n para continuar con su evoluci\u00f3n.<\/p>\n<p class=\"ft-text\"><strong>Su llegada responde a la voluntad del Bar\u00e7a Atl\u00e8tic de combinar jugadores formados en La Masia con j\u00f3venes talentos procedentes de otros mercados<\/strong>. El club conf\u00eda en que Catovic pueda adaptarse r\u00e1pidamente al estilo de juego azulgrana y convertirse progresivamente en una pieza importante para el filial.<\/p>\n<p class=\"ft-text\">Catovic llega inicialmente por una temporada en calidad de cedido,<strong> aunque con la puerta abierta a continuar vistiendo de azulgrana m\u00e1s all\u00e1 de este curso si cumple los objetivos pactados entre el Bar\u00e7a y el Stuttgart.<\/strong><\/p>\n","protected":false},"excerpt":{"rendered":"El Bar\u00e7a Atl\u00e8tic ha cerrado la incorporaci\u00f3n de Mirza Catovic, centrocampista del Stuttgart que llega al filial azulgrana&hellip;\n","protected":false},"author":2,"featured_media":740215,"comment_status":"","ping_status":"","sticky":false,"template":"","format":"standard","meta":{"footnotes":""},"categories":[268],"tags":[2296,131376,168,25,24,881,1750,6077,280,282,131375,281,23,167],"class_list":["post-740214","post","type-post","status-publish","format-standard","has-post-thumbnail","category-futbol","tag-barca","tag-catovic","tag-deportes","tag-es","tag-espana","tag-fc-barcelona","tag-ficha","tag-filial","tag-football","tag-futbol","tag-mirza","tag-soccer","tag-spain","tag-sports"],"share_on_mastodon":{"url":"https:\/\/pubeurope.com\/@es\/117190070962933751","error":""},"_links":{"self":[{"href":"https:\/\/www.europesays.com\/es\/wp-json\/wp\/v2\/posts\/740214","targetHints":{"allow":["GET"]}}],"collection":[{"href":"https:\/\/www.europesays.com\/es\/wp-json\/wp\/v2\/posts"}],"about":[{"href":"https:\/\/www.europesays.com\/es\/wp-json\/wp\/v2\/types\/post"}],"author":[{"embeddable":true,"href":"https:\/\/www.europesays.com\/es\/wp-json\/wp\/v2\/users\/2"}],"replies":[{"embeddable":true,"href":"https:\/\/www.europesays.com\/es\/wp-json\/wp\/v2\/comments?post=740214"}],"version-history":[{"count":0,"href":"https:\/\/www.europesays.com\/es\/wp-json\/wp\/v2\/posts\/740214\/revisions"}],"wp:featuredmedia":[{"embeddable":true,"href":"https:\/\/www.europesays.com\/es\/wp-json\/wp\/v2\/media\/740215"}],"wp:attachment":[{"href":"https:\/\/www.europesays.com\/es\/wp-json\/wp\/v2\/media?parent=740214"}],"wp:term":[{"taxonomy":"category","embeddable":true,"href":"https:\/\/www.europesays.com\/es\/wp-json\/wp\/v2\/categories?post=740214"},{"taxonomy":"post_tag","embeddable":true,"href":"https:\/\/www.europesays.com\/es\/wp-json\/wp\/v2\/tags?post=740214"}],"curies":[{"name":"wp","href":"https:\/\/api.w.org\/{rel}","templated":true}]}}