{"id":740218,"date":"2026-08-31T12:18:20","date_gmt":"2026-08-31T12:18:20","guid":{"rendered":"https:\/\/www.europesays.com\/es\/740218\/"},"modified":"2026-08-31T12:18:20","modified_gmt":"2026-08-31T12:18:20","slug":"hbo-max-comenzo-el-rodaje-de-mataviejitas-su-nueva-serie-mexicana-original","status":"publish","type":"post","link":"https:\/\/www.europesays.com\/es\/740218\/","title":{"rendered":"HBO Max comenz\u00f3 el rodaje de Mataviejitas, su nueva serie mexicana original"},"content":{"rendered":"<p><img alt=\"serie la mataviejitas\" class=\"global-image\" decoding=\"async\" fetchpriority=\"high\" height=\"1080\" loading=\"eager\" src=\"https:\/\/www.europesays.com\/es\/wp-content\/uploads\/2026\/08\/KATVHKJDM5D7BOQNKS37UIRVY4.jpg\" width=\"1920\"\/>Mayra Hermosillo y M\u00f3nica Jim\u00e9nez protagonizan Mataviejitas, la nueva serie mexicana original de HBO. (Cortes\u00eda)<\/p>\n<p>31 Ago, 2026 05:40 a. m. EST<\/p>\n<p class=\"paragraph\" data-paragraph-number=\"1\"><b>HBO Max confirm\u00f3 el inicio del rodaje de la serie mexicana original de HBO <\/b><b>Mataviejitas<\/b>, una ficci\u00f3n inspirada en uno de los casos criminales que m\u00e1s impacto tuvo en la memoria p\u00fablica de M\u00e9xico. La producci\u00f3n, a cargo de <b>EXILE Content<\/b>, estar\u00e1 encabezada por <b>Mayra Hermosillo<\/b> y <b>M\u00f3nica Jim\u00e9nez<\/b>, con direcci\u00f3n de <b>Humberto Hinojosa<\/b> y codirecci\u00f3n de <b>J.M. Cravioto<\/b>.<\/p>\n<p class=\"paragraph\" data-paragraph-number=\"2\">El proyecto se presenta como un thriller psicol\u00f3gico y policial ambientado en la <b>Ciudad de M\u00e9xico<\/b> de los a\u00f1os 2000, con una trama que toma como punto de partida el caso de <b>Juana Barraza<\/b>, cuyo nombre qued\u00f3 asociado a una serie de cr\u00edmenes contra mujeres mayores. La serie buscar\u00e1 reconstruir ese universo urbano desde una perspectiva de ficci\u00f3n, con foco en la tensi\u00f3n narrativa, el clima de peligro y el recorrido emocional de sus personajes.<\/p>\n<p><img alt=\"Mujer sentada con un vendaje en el brazo derecho en un recinto donde se proyecta la imagen de un rostro en la pared\" class=\"global-image\" decoding=\"async\" fetchpriority=\"low\" height=\"1600\" loading=\"lazy\" src=\"https:\/\/www.europesays.com\/es\/wp-content\/uploads\/2026\/08\/LRP6WPRPRFHP5C4VAHI32OMM64.JPG\" width=\"2400\"\/>HBO Max confirm\u00f3 el inicio del rodaje de Mataviejitas, inspirada en un caso real de alto impacto en M\u00e9xico. (HBO Max)<\/p>\n<p class=\"paragraph\" data-paragraph-number=\"3\">Seg\u00fan inform\u00f3 <b>HBO Max<\/b> la serie propone una mirada cinematogr\u00e1fica sobre una historia que forma parte de la memoria colectiva mexicana. La plataforma indic\u00f3 que el relato pondr\u00e1 en escena una ciudad atravesada por el miedo, las contradicciones sociales y las fallas de un contexto urbano marcado por la violencia y la desconfianza.<\/p>\n<p class=\"paragraph\" data-paragraph-number=\"4\">En el centro del elenco estar\u00e1n <b>Mayra Hermosillo<\/b>, en el papel de Ver\u00f3nica Guill\u00e9n, y <b>M\u00f3nica Jim\u00e9nez<\/b>, quien interpretar\u00e1 a Juana. A ellas se suman <b>Osvaldo S\u00e1nchez<\/b> como Ignacio Estrada, <b>Natalia Soli\u00e1n<\/b> como In\u00e9s Garay, <b>Pablo Cruz Guerrero<\/b> como Rodrigo, <b>Carmen Beato<\/b> como Olivia, <b>Raffaella M\u00e9ndez<\/b> como Sabina y <b>Gerardo Trejoluna<\/b> como Fernando Camacho. El reparto incluye adem\u00e1s a <b>Antonio de la Vega<\/b>, <b>Dolores Heredia<\/b>, <b>Mauricio Isaac<\/b>, <b>Francisco Rubio<\/b> y <b>Sergio Bonilla<\/b>, junto con un elenco extendido de figuras del cine y la televisi\u00f3n mexicana.<\/p>\n<p><img alt=\"Una c\u00e1mara de cine apunta hacia dos mujeres que caminan por un camino empedrado entre \u00e1rboles\" class=\"global-image\" decoding=\"async\" fetchpriority=\"low\" height=\"1600\" loading=\"lazy\" src=\"https:\/\/www.europesays.com\/es\/wp-content\/uploads\/2026\/08\/QIFFWBOFLRAFTB7DM57DR4PEYQ.JPG\" width=\"2400\"\/>La serie buscar\u00e1 llevar a la ficci\u00f3n una historia que qued\u00f3 instalada en la memoria colectiva mexicana. (HBO Max)<\/p>\n<p class=\"paragraph\" data-paragraph-number=\"5\">La direcci\u00f3n y la propuesta creativa estar\u00e1n a cargo de <b>Humberto Hinojosa<\/b>, realizador conocido por t\u00edtulos como Luis Miguel: La Serie, Las viudas de los jueves y La cabeza de Joaqu\u00edn Murrieta. La codirecci\u00f3n recaer\u00e1 en <b>Jos\u00e9 Manuel Cravioto<\/b>, acreditado como <b>J.M. Cravioto<\/b>, con trabajos previos en Mexican Gangster, Diablero y El Chapo. En el equipo t\u00e9cnico tambi\u00e9n figuran <b>Ximena Amann<\/b> en direcci\u00f3n de fotograf\u00eda, <b>Sergio Barrej\u00f3n<\/b> en guion, <b>Mar\u00eda Paz Gonz\u00e1lez<\/b> en dise\u00f1o de producci\u00f3n, <b>Lupita Peckinpah<\/b> en vestuario, <b>Adam Zoller Duplan<\/b> en maquillaje, <b>Mercedes Gironella<\/b> en casting y <b>Sam Baixauli<\/b> en edici\u00f3n.<\/p>\n<p class=\"paragraph\" data-paragraph-number=\"6\">Hinojosa sostuvo que el caso de Juana Barraza se convirti\u00f3 con el tiempo en parte de la memoria de un pa\u00eds y record\u00f3 que le toc\u00f3 vivir aquella cobertura en una etapa particular de su vida. El director se\u00f1al\u00f3 que llevar ese material a una serie de ficci\u00f3n, junto al productor <b>Arturo Sampson<\/b> y en alianza con <b>HBO<\/b>, represent\u00f3 una oportunidad dif\u00edcil de dejar pasar.<\/p>\n<p><img alt=\"Una camar\u00f3grafa opera un equipo de filmaci\u00f3n frente a una mujer vestida de negro que permanece junto a un escritorio con carpetas\" class=\"global-image\" decoding=\"async\" fetchpriority=\"low\" height=\"1600\" loading=\"lazy\" src=\"https:\/\/www.europesays.com\/es\/wp-content\/uploads\/2026\/08\/GKUM3Q3ZJFDR5A2R2XYHZG4QCA.JPG\" width=\"2400\"\/>Con Mataviejitas, HBO Max refuerza su estrategia de producir contenidos originales con identidad local. (HBO Max)<\/p>\n<p class=\"paragraph\" data-paragraph-number=\"7\">Desde la producci\u00f3n ejecutiva, Sampson destac\u00f3 el trabajo del elenco y del equipo creativo. El productor afirm\u00f3 que la serie re\u00fane a int\u00e9rpretes y t\u00e9cnicos de primer nivel y se\u00f1al\u00f3 que la combinaci\u00f3n entre direcci\u00f3n, fotograf\u00eda, escritura y dise\u00f1o apunta a construir una propuesta con una identidad est\u00e9tica definida. <b>\u201cEstamos convencidos de que esta producci\u00f3n, por su enorme calidad creativa, est\u00e9tica y t\u00e9cnica, sorprender\u00e1 a la audiencia y conectar\u00e1 especialmente con quienes aman el thriller, el policiaco y el true crime\u201d<\/b>, expres\u00f3.<\/p>\n<p class=\"paragraph\" data-paragraph-number=\"8\">La apuesta forma parte de la estrategia de <b>HBO Max<\/b> para reforzar su cat\u00e1logo de producciones originales hechas en <b>Latinoam\u00e9rica<\/b>. La compa\u00f1\u00eda remarc\u00f3 que busca impulsar historias locales con proyecci\u00f3n internacional, desarrolladas con equipos de la regi\u00f3n y con tem\u00e1ticas ligadas a contextos culturales reconocibles para sus audiencias.<\/p>\n<p><img alt=\"Juana Barraza, La Mataviejitas\" class=\"global-image\" decoding=\"async\" fetchpriority=\"low\" height=\"1305\" loading=\"lazy\" src=\"https:\/\/www.europesays.com\/es\/wp-content\/uploads\/2026\/08\/VHDPOUVWDFFLXDULRZTOUQJVTU.jpg\" width=\"1920\"\/>MEXICO, DF 25 ENERO 2006.-&#13;<br \/>\nFue presentada a  Juana Barraza, alias \u00abLa Mataviejitas\u00bb que fue detenida por elementos de la Secretaria de Seguridad Publica, en la colonia Moctezuma primera secci\u00f3n en la delegaci\u00f3n Venustiano Carranza.&#13;<br \/>\nFOTO: Leonardo Casas\/CUARTOSCURO.COM<\/p>\n<p class=\"paragraph\" data-paragraph-number=\"9\">El caso que inspira la serie ya tuvo otras aproximaciones documentales y period\u00edsticas en los \u00faltimos a\u00f1os, aunque esta nueva producci\u00f3n buscar\u00e1 un tratamiento de ficci\u00f3n en seis episodios, con \u00e9nfasis en el suspenso y en la construcci\u00f3n de personajes. En ese marco, <b>Mataviejitas<\/b> se suma a la tendencia de las plataformas por revisar episodios criminales de alto impacto social a trav\u00e9s del lenguaje del drama televisivo.<\/p>\n<p class=\"paragraph\" data-paragraph-number=\"10\">Por el momento, <b>HBO Max<\/b> no inform\u00f3 una fecha de estreno. La serie se encuentra en plena etapa de filmaci\u00f3n y forma parte del nuevo paquete de contenidos originales con identidad local que la plataforma prev\u00e9 lanzar para audiencias de la regi\u00f3n y del mercado internacional.<\/p>\n","protected":false},"excerpt":{"rendered":"Mayra Hermosillo y M\u00f3nica Jim\u00e9nez protagonizan Mataviejitas, la nueva serie mexicana original de HBO. (Cortes\u00eda) 31 Ago, 2026&hellip;\n","protected":false},"author":2,"featured_media":740219,"comment_status":"","ping_status":"","sticky":false,"template":"","format":"standard","meta":{"footnotes":""},"categories":[171],"tags":[146,147,25,24,2461,44741,23,214,131377],"class_list":["post-740218","post","type-post","status-publish","format-standard","has-post-thumbnail","category-tv","tag-entertainment","tag-entretenimiento","tag-es","tag-espana","tag-mujer","tag-proyeccion","tag-spain","tag-tv","tag-vendaje"],"share_on_mastodon":{"url":"https:\/\/pubeurope.com\/@es\/117190087645001569","error":""},"_links":{"self":[{"href":"https:\/\/www.europesays.com\/es\/wp-json\/wp\/v2\/posts\/740218","targetHints":{"allow":["GET"]}}],"collection":[{"href":"https:\/\/www.europesays.com\/es\/wp-json\/wp\/v2\/posts"}],"about":[{"href":"https:\/\/www.europesays.com\/es\/wp-json\/wp\/v2\/types\/post"}],"author":[{"embeddable":true,"href":"https:\/\/www.europesays.com\/es\/wp-json\/wp\/v2\/users\/2"}],"replies":[{"embeddable":true,"href":"https:\/\/www.europesays.com\/es\/wp-json\/wp\/v2\/comments?post=740218"}],"version-history":[{"count":0,"href":"https:\/\/www.europesays.com\/es\/wp-json\/wp\/v2\/posts\/740218\/revisions"}],"wp:featuredmedia":[{"embeddable":true,"href":"https:\/\/www.europesays.com\/es\/wp-json\/wp\/v2\/media\/740219"}],"wp:attachment":[{"href":"https:\/\/www.europesays.com\/es\/wp-json\/wp\/v2\/media?parent=740218"}],"wp:term":[{"taxonomy":"category","embeddable":true,"href":"https:\/\/www.europesays.com\/es\/wp-json\/wp\/v2\/categories?post=740218"},{"taxonomy":"post_tag","embeddable":true,"href":"https:\/\/www.europesays.com\/es\/wp-json\/wp\/v2\/tags?post=740218"}],"curies":[{"name":"wp","href":"https:\/\/api.w.org\/{rel}","templated":true}]}}