{"id":74023,"date":"2025-08-26T18:28:08","date_gmt":"2025-08-26T18:28:08","guid":{"rendered":"https:\/\/www.europesays.com\/es\/74023\/"},"modified":"2025-08-26T18:28:08","modified_gmt":"2025-08-26T18:28:08","slug":"el-mundo-de-la-musica-dice-adios-a-manuel-de-la-calva-una-energia-arrolladora-cultura","status":"publish","type":"post","link":"https:\/\/www.europesays.com\/es\/74023\/","title":{"rendered":"El mundo de la m\u00fasica dice adi\u00f3s a Manuel de la Calva: \u201cUna energ\u00eda arrolladora\u201d | Cultura"},"content":{"rendered":"<p class=\"\">El mundo de la canci\u00f3n y del espect\u00e1culo en Espa\u00f1a est\u00e1 de luto por la muerte de <a href=\"https:\/\/elpais.com\/cultura\/2025-08-26\/muere-manuel-de-la-calva-miembro-del-duo-dinamico-a-los-88-anos.html\" target=\"_blank\" rel=\"nofollow noopener\" title=\"https:\/\/elpais.com\/cultura\/2025-08-26\/muere-manuel-de-la-calva-miembro-del-duo-dinamico-a-los-88-anos.html\">Manuel de la Calva, integrante del c\u00e9lebre D\u00fao Din\u00e1mico<\/a>. La <a href=\"https:\/\/www.sgae.es\/\" target=\"_self\" rel=\"nofollow noopener\" title=\"https:\/\/www.sgae.es\/\">SGAE<\/a> instalar\u00e1 ma\u00f1ana en su sede madrile\u00f1a una capilla ardiente abierta al p\u00fablico de 11 de la ma\u00f1ana a 8 de la noche para despedirlo. A trav\u00e9s de las redes sociales y de comunicados oficiales, artistas, instituciones y seguidores est\u00e1n expresando su admiraci\u00f3n y agradecimiento por la huella imborrable que deja en la m\u00fasica popular espa\u00f1ola, reconociendo su trayectoria como parte fundamental de la memoria sentimental de varias generaciones.<\/p>\n<p>M\u00e1s informaci\u00f3n<\/p>\n<p class=\"\">El primero de ellos, el de <a href=\"https:\/\/elpais.com\/cultura\/2025-08-26\/la-carrera-de-manuel-de-la-calva-musico-del-duo-dinamico-en-imagenes.html\" target=\"_self\" rel=\"nofollow noopener\" title=\"https:\/\/elpais.com\/cultura\/2025-08-26\/la-carrera-de-manuel-de-la-calva-musico-del-duo-dinamico-en-imagenes.html\">Ram\u00f3n Arcusa<\/a>, el otro integrante del D\u00fao Din\u00e1mico, que le ha dedicado un conmovedor mensaje a su amigo en X. As\u00ed comienza el texto: \u201cManolo de la Calva, mi amigo del alma, m\u00e1s que hermano, compa\u00f1ero de cien aventuras y de mil canciones nos ha dejado hoy. No llor\u00e9is por \u00e9l, no le gustar\u00eda. Fue el alma de D\u00fao, siempre alegre, optimista, positivo. Cantad con \u00e9l en esta despedida. Gracias por tanto, amigo. Ya eres eterno. Cu\u00eddate all\u00e1 donde est\u00e9s\u201d.<\/p>\n<blockquote class=\"twitter-tweet\">\n<p lang=\"es\" dir=\"ltr\">Manolo de la Calva, mi amigo del alma, m\u00e1s que hermano, compa\u00f1ero de  cien aventuras y de mil canciones nos ha dejado hoy.<\/p>\n<p>No llor\u00e9is por \u00e9l, no le gustar\u00eda. Fue el alma de D\u00fao, siempre alegre, optimista, positivo. Cantad con \u00e9l en esta despedida.<\/p>\n<p>Gracias por tanto, amigo. Ya\u2026 <a href=\"https:\/\/t.co\/JMZx8EbB1P\" rel=\"nofollow\">pic.twitter.com\/JMZx8EbB1P<\/a><\/p>\n<p>\u2014 D\u00fao Din\u00e1mico Oficial (@DD_ManoloRamon) <a href=\"https:\/\/twitter.com\/DD_ManoloRamon\/status\/1960298289053544829?ref_src=twsrc%5Etfw\" rel=\"nofollow noopener\" target=\"_blank\">August 26, 2025<\/a><\/p><\/blockquote>\n<p class=\"\">El cantante Raphael tambi\u00e9n ha querido despedirse p\u00fablicamente de Manuel de la Calva con un mensaje en el que lo describe como parte fundamental de la historia de la m\u00fasica espa\u00f1ola y recordando su energ\u00eda arrolladora. Asegura que lo echar\u00e1 de menos y traslada su p\u00e9same y un abrazo a familiares y amigos.<\/p>\n<blockquote class=\"twitter-tweet\">\n<p lang=\"es\" dir=\"ltr\">Se nos ha ido Manolo de la Calva\u2026 historia de nuestra m\u00fasica y una maravillosa persona con una energ\u00eda arrolladora. Te echaremos de menos. Mi p\u00e9same y abrazo a familia y amigos. DEP. <a href=\"https:\/\/t.co\/IboDCA56Td\" rel=\"nofollow\">pic.twitter.com\/IboDCA56Td<\/a><\/p>\n<p>\u2014 \ud835\udde5\ud835\uddd4\ud835\udde3\ud835\udddb\ud835\uddd4\ud835\uddd8\ud835\udddf (@RAPHAELartista) <a href=\"https:\/\/twitter.com\/RAPHAELartista\/status\/1960379455513165872?ref_src=twsrc%5Etfw\" rel=\"nofollow noopener\" target=\"_blank\">August 26, 2025<\/a><\/p><\/blockquote>\n<p class=\"\">La <a href=\"https:\/\/www.sgae.es\/\" target=\"_self\" rel=\"nofollow noopener\" title=\"https:\/\/www.sgae.es\/\">Sociedad General de Autores y Editores<\/a> (SGAE) ha expresado su pesar con un mensaje en redes en el que define a Manuel de la Calva como \u201cautor eterno\u201d, recordando tambi\u00e9n que fue miembro de su Junta Directiva y que recibi\u00f3 la Medalla de Honor de la entidad.<\/p>\n<blockquote class=\"twitter-tweet\">\n<p lang=\"es\" dir=\"ltr\">Hilo 1\/2<\/p>\n<p>Con enorme tristeza recibimos la noticia del fallecimiento de <a href=\"https:\/\/twitter.com\/hashtag\/ManuelDeLaCalva?src=hash&amp;ref_src=twsrc%5Etfw\" rel=\"nofollow noopener\" target=\"_blank\">#ManuelDeLaCalva<\/a>, autor eterno, Medalla de Honor de <a href=\"https:\/\/twitter.com\/hashtag\/SGAE?src=hash&amp;ref_src=twsrc%5Etfw\" rel=\"nofollow noopener\" target=\"_blank\">#SGAE<\/a> y anteriormente miembro de la Junta Directiva de esta entidad. El peso del repertorio de nuestro querido Manuel, muy frecuentemente junto a\u2026 <a href=\"https:\/\/t.co\/QzBrgFo3yH\" rel=\"nofollow\">pic.twitter.com\/QzBrgFo3yH<\/a><\/p>\n<p>\u2014 SGAE (@sgaeactualidad) <a href=\"https:\/\/twitter.com\/sgaeactualidad\/status\/1960333117283021266?ref_src=twsrc%5Etfw\" rel=\"nofollow noopener\" target=\"_blank\">August 26, 2025<\/a><\/p><\/blockquote>\n<p class=\"\">El <a href=\"https:\/\/elpais.com\/cultura\/2025-03-10\/amaral-la-musica-esta-para-vivir-otras-vidas.html\" target=\"_self\" rel=\"nofollow noopener\" title=\"https:\/\/elpais.com\/cultura\/2025-03-10\/amaral-la-musica-esta-para-vivir-otras-vidas.html\">grupo Amaral<\/a> despide a Manuel de la Calva con un mensaje en el que recuerdan una charla sobre m\u00fasica y vivencias junto al D\u00fao Din\u00e1mico durante el festival Sonorama. Acompa\u00f1an sus palabras con una fotograf\u00eda de Eva Amaral con ellos.<\/p>\n<blockquote class=\"twitter-tweet\">\n<p lang=\"es\" dir=\"ltr\">Aquel d\u00eda hablamos de m\u00fasica, de Jimmy Page y de mil historias  maravillosas despu\u00e9s de toda una vida en los escenarios. <br \/>Con esta foto junto al D\u00fao Din\u00e1mico en el festival Sonorama queremos recordar a Manuel de la Calva y mandar un gran abrazo a sus familiares y amigos. DEP <a href=\"https:\/\/t.co\/H1wgwOxIaT\" rel=\"nofollow\">pic.twitter.com\/H1wgwOxIaT<\/a><\/p>\n<p>\u2014 Amaral (@amaraloficial) <a href=\"https:\/\/twitter.com\/amaraloficial\/status\/1960339810867908668?ref_src=twsrc%5Etfw\" rel=\"nofollow noopener\" target=\"_blank\">August 26, 2025<\/a><\/p><\/blockquote>\n<p class=\"\">Radio Televisi\u00f3n Espa\u00f1ola (Rtve) tambi\u00e9n ha lamentado la muerte del artista y ha recordado su presencia constante en la televisi\u00f3n durante d\u00e9cadas, subrayando que Manuel de la Calva permanecer\u00e1 siempre en la memoria colectiva.<\/p>\n<p class=\"\"><a href=\"https:\/\/elpais.com\/espana\/elecciones-generales\/2023-07-16\/carlos-baute-subiria-el-salario-minimo-y-los-impuestos-a-los-muy-ricos.html\" target=\"_self\" rel=\"nofollow noopener\" title=\"https:\/\/elpais.com\/espana\/elecciones-generales\/2023-07-16\/carlos-baute-subiria-el-salario-minimo-y-los-impuestos-a-los-muy-ricos.html\">Carlos Baute<\/a> recuerda con emoci\u00f3n que tuvo la oportunidad de cantar junto al D\u00fao Din\u00e1mico y define a Manuel de la Calva y a Ram\u00f3n Arcusa como grandes profesionales y, sobre todo, personas encantadoras. Subraya que el legado musical y humano de Manolo permanecer\u00e1 para siempre.<\/p>\n<blockquote class=\"twitter-tweet\">\n<p lang=\"es\" dir=\"ltr\">Tengo la suerte de decir que cant\u00e9 con el D\u00fao Din\u00e1mico, Manolo y Ram\u00f3n fueron siempre unos profesionales y, sobre todo, unas personas encantadoras. Me quedo con el recuerdo de aquellos momentos. <br \/>Tu m\u00fasica y tu esp\u00edritu vivir\u00e1n para siempre, tu legado es eterno. Manolo. Descansa\u2026<\/p>\n<p>\u2014 Carlos Baute (@carlosbaute) <a href=\"https:\/\/twitter.com\/carlosbaute\/status\/1960315809311412629?ref_src=twsrc%5Etfw\" rel=\"nofollow noopener\" target=\"_blank\">August 26, 2025<\/a><\/p><\/blockquote>\n<p class=\"\">La <a href=\"https:\/\/www.academiadecine.com\/\" target=\"_self\" rel=\"nofollow noopener\" title=\"https:\/\/www.academiadecine.com\/\">Academia de Cine <\/a>recuerda a Manuel de la Calva no solo como parte de El D\u00fao Din\u00e1mico, sino tambi\u00e9n por su faceta como actor, con participaciones en pel\u00edculas como B\u00fasqueme a esa chica, Una chica para dos, Bot\u00f3n de ancla y Pa\u00eds S.A.<\/p>\n<blockquote class=\"twitter-tweet\">\n<p lang=\"es\" dir=\"ltr\">Fallece Manuel de la Calva, mitad de El d\u00fao din\u00e1mico y actor en las pel\u00edculas B\u00fasqueme a esa chica, Una chica para dos, Bot\u00f3n de ancla y Pa\u00eds S.A. <a href=\"https:\/\/t.co\/fd1Y2z1Wdh\" rel=\"nofollow\">pic.twitter.com\/fd1Y2z1Wdh<\/a><\/p>\n<p>\u2014 Academia de Cine (@Academiadecine) <a href=\"https:\/\/twitter.com\/Academiadecine\/status\/1960316520594034875?ref_src=twsrc%5Etfw\" rel=\"nofollow noopener\" target=\"_blank\">August 26, 2025<\/a><\/p><\/blockquote>\n<p class=\"\">Javier Herrero, integrante de <a href=\"https:\/\/es.wikipedia.org\/wiki\/Pecos_(grupo_musical)\" target=\"_self\" rel=\"nofollow noopener\" title=\"https:\/\/es.wikipedia.org\/wiki\/Pecos_(grupo_musical)\">Los Pecos<\/a>, expresa su profunda tristeza por la muerte de Manuel de la Calva y, en nombre propio y de su hermano Pedro, env\u00eda sus condolencias a familiares y amigos. Destaca adem\u00e1s que siempre lo consider\u00f3 \u201cuno de los m\u00e1s grandes\u201d y un referente en lo personal y en lo musical.<\/p>\n<p class=\"\">El humorista y presentador <a href=\"https:\/\/x.com\/ElPedroRuiz?ref_src=twsrc%5Egoogle%7Ctwcamp%5Eserp%7Ctwgr%5Eauthor\" target=\"_self\" rel=\"nofollow\" title=\"https:\/\/x.com\/ElPedroRuiz?ref_src=twsrc%5Egoogle%7Ctwcamp%5Eserp%7Ctwgr%5Eauthor\">Pedro Ruiz<\/a> muestra su pesar al enterarse de la noticia y recuerda con cari\u00f1o al cantante, a quien dijo haber querido mucho. Subraya tambi\u00e9n la complicidad que transmit\u00edan \u00e9l y Ram\u00f3n en el mundo del espect\u00e1culo y lamenta profundamente su p\u00e9rdida.<\/p>\n<blockquote class=\"twitter-tweet\">\n<p lang=\"es\" dir=\"ltr\">He querido mucho a Manuel de la Calva. Me acaban de decir que nos ha dejado. Pocas personas en el mundo del espect\u00e1culo como \u00e9l y Ram\u00f3n. Siempre alegr\u00eda de verles. Lo siento much\u00edsimo.<\/p>\n<p>\u2014 Pedro Ruiz (@ElPedroRuiz) <a href=\"https:\/\/twitter.com\/ElPedroRuiz\/status\/1960328793144398227?ref_src=twsrc%5Etfw\" rel=\"nofollow noopener\" target=\"_blank\">August 26, 2025<\/a><\/p><\/blockquote>\n<p><script async src=\"https:\/\/platform.twitter.com\/widgets.js\" charset=\"utf-8\"><\/script><\/p>\n","protected":false},"excerpt":{"rendered":"El mundo de la canci\u00f3n y del espect\u00e1culo en Espa\u00f1a est\u00e1 de luto por la muerte de Manuel&hellip;\n","protected":false},"author":2,"featured_media":74024,"comment_status":"","ping_status":"","sticky":false,"template":"","format":"standard","meta":{"footnotes":""},"categories":[174],"tags":[505,3061,255,209,28890,146,147,25,24,256,724,1922,28963,23,807],"class_list":{"0":"post-74023","1":"post","2":"type-post","3":"status-publish","4":"format-standard","5":"has-post-thumbnail","7":"category-famosos","8":"tag-artistas","9":"tag-cantantes","10":"tag-celebrities","11":"tag-cultura","12":"tag-duo-dinamico","13":"tag-entertainment","14":"tag-entretenimiento","15":"tag-es","16":"tag-espana","17":"tag-famosos","18":"tag-obituarios","19":"tag-redes-sociales","20":"tag-sgae","21":"tag-spain","22":"tag-television"},"share_on_mastodon":{"url":"","error":""},"_links":{"self":[{"href":"https:\/\/www.europesays.com\/es\/wp-json\/wp\/v2\/posts\/74023","targetHints":{"allow":["GET"]}}],"collection":[{"href":"https:\/\/www.europesays.com\/es\/wp-json\/wp\/v2\/posts"}],"about":[{"href":"https:\/\/www.europesays.com\/es\/wp-json\/wp\/v2\/types\/post"}],"author":[{"embeddable":true,"href":"https:\/\/www.europesays.com\/es\/wp-json\/wp\/v2\/users\/2"}],"replies":[{"embeddable":true,"href":"https:\/\/www.europesays.com\/es\/wp-json\/wp\/v2\/comments?post=74023"}],"version-history":[{"count":0,"href":"https:\/\/www.europesays.com\/es\/wp-json\/wp\/v2\/posts\/74023\/revisions"}],"wp:featuredmedia":[{"embeddable":true,"href":"https:\/\/www.europesays.com\/es\/wp-json\/wp\/v2\/media\/74024"}],"wp:attachment":[{"href":"https:\/\/www.europesays.com\/es\/wp-json\/wp\/v2\/media?parent=74023"}],"wp:term":[{"taxonomy":"category","embeddable":true,"href":"https:\/\/www.europesays.com\/es\/wp-json\/wp\/v2\/categories?post=74023"},{"taxonomy":"post_tag","embeddable":true,"href":"https:\/\/www.europesays.com\/es\/wp-json\/wp\/v2\/tags?post=74023"}],"curies":[{"name":"wp","href":"https:\/\/api.w.org\/{rel}","templated":true}]}}