{"id":740246,"date":"2026-08-31T12:39:13","date_gmt":"2026-08-31T12:39:13","guid":{"rendered":"https:\/\/www.europesays.com\/es\/740246\/"},"modified":"2026-08-31T12:39:13","modified_gmt":"2026-08-31T12:39:13","slug":"la-casa-parroquial-de-sant-joan-acoge-la-exposicion-de-la-artista-ana-jakimow","status":"publish","type":"post","link":"https:\/\/www.europesays.com\/es\/740246\/","title":{"rendered":"La Casa Parroquial de Sant Joan acoge la exposici\u00f3n de la artista Ana Jakimow"},"content":{"rendered":"<p>El Grupo Cultura Sant Joan de Labritja, en colaboraci\u00f3n con el Ayuntamiento de Sant Joan, ha anunciado la llegada de la exposici\u00f3n de la artista Ana Jakimow a la Casa Parroquial de Sant Joan de Labritja.<\/p>\n<p>La muestra , que se inaugurar\u00e1 el pr\u00f3ximo s\u00e1bado d\u00eda 5 de septiembre entre las 18.00 y las 21.00 horas, se podr\u00e1 visitar del 5 al 27 de septiembre.<\/p>\n<p>La exposici\u00f3n permanecer\u00e1 abierta de lunes a s\u00e1bado de 10.00 a 13.00 horas y los domingos de 10.00 a 14.00 horas.<\/p>\n","protected":false},"excerpt":{"rendered":"El Grupo Cultura Sant Joan de Labritja, en colaboraci\u00f3n con el Ayuntamiento de Sant Joan, ha anunciado la&hellip;\n","protected":false},"author":2,"featured_media":740247,"comment_status":"","ping_status":"","sticky":false,"template":"","format":"standard","meta":{"footnotes":""},"categories":[173],"tags":[6081,5738,229,233,231,230,232,234,146,147,25,24,6082,6083,23],"class_list":["post-740246","post","type-post","status-publish","format-standard","has-post-thumbnail","category-arte-y-diseno","tag-actualidad-ibiza","tag-al-dia","tag-arte","tag-arte-y-diseno","tag-arts","tag-arts-and-design","tag-design","tag-diseno","tag-entertainment","tag-entretenimiento","tag-es","tag-espana","tag-informacion-ibiza","tag-lugares-ibiza","tag-spain"],"share_on_mastodon":{"url":"https:\/\/pubeurope.com\/@es\/117190168874538212","error":""},"_links":{"self":[{"href":"https:\/\/www.europesays.com\/es\/wp-json\/wp\/v2\/posts\/740246","targetHints":{"allow":["GET"]}}],"collection":[{"href":"https:\/\/www.europesays.com\/es\/wp-json\/wp\/v2\/posts"}],"about":[{"href":"https:\/\/www.europesays.com\/es\/wp-json\/wp\/v2\/types\/post"}],"author":[{"embeddable":true,"href":"https:\/\/www.europesays.com\/es\/wp-json\/wp\/v2\/users\/2"}],"replies":[{"embeddable":true,"href":"https:\/\/www.europesays.com\/es\/wp-json\/wp\/v2\/comments?post=740246"}],"version-history":[{"count":0,"href":"https:\/\/www.europesays.com\/es\/wp-json\/wp\/v2\/posts\/740246\/revisions"}],"wp:featuredmedia":[{"embeddable":true,"href":"https:\/\/www.europesays.com\/es\/wp-json\/wp\/v2\/media\/740247"}],"wp:attachment":[{"href":"https:\/\/www.europesays.com\/es\/wp-json\/wp\/v2\/media?parent=740246"}],"wp:term":[{"taxonomy":"category","embeddable":true,"href":"https:\/\/www.europesays.com\/es\/wp-json\/wp\/v2\/categories?post=740246"},{"taxonomy":"post_tag","embeddable":true,"href":"https:\/\/www.europesays.com\/es\/wp-json\/wp\/v2\/tags?post=740246"}],"curies":[{"name":"wp","href":"https:\/\/api.w.org\/{rel}","templated":true}]}}