{"id":740260,"date":"2026-08-31T12:48:17","date_gmt":"2026-08-31T12:48:17","guid":{"rendered":"https:\/\/www.europesays.com\/es\/740260\/"},"modified":"2026-08-31T12:48:17","modified_gmt":"2026-08-31T12:48:17","slug":"facua-anuncia-que-el-recibo-de-la-luz-en-agosto-es-el-mas-caro-en-cuatro-anos","status":"publish","type":"post","link":"https:\/\/www.europesays.com\/es\/740260\/","title":{"rendered":"Facua anuncia que el recibo de la luz en agosto es el m\u00e1s caro en cuatro a\u00f1os"},"content":{"rendered":"<p><img decoding=\"async\" class=\"v-ath__i\" loading=\"lazy\" src=\"https:\/\/www.europesays.com\/es\/wp-content\/uploads\/2026\/08\/1788180497_260_autor-5497-foto-3.jpeg\" alt=\"Agencia Europa Press\"\/><\/p>\n<p>31\/08\/2026 a las 13:56h.<\/p>\n<p class=\"v-d-p\" style=\"\">El secretario general de Facua, Rub\u00e9n S\u00e1nchez, ha comentado a Europa Press Televisi\u00f3n que la subida del recibo de la luz en el mes de  &#8230; agosto ha sido el m\u00e1s caro en cuatro a\u00f1os. Asegura que la subida de la luz ha ido creciendo durante todo este a\u00f1o. Comenta que julio tuvo un pico de subida de la luz al igual que en agosto y considera que septiembre va a ser muy caro. Considera que la soluci\u00f3n est\u00e1 en que el Gobierno estabilice los precios de la luz.<\/p>\n","protected":false},"excerpt":{"rendered":"31\/08\/2026 a las 13:56h. El secretario general de Facua, Rub\u00e9n S\u00e1nchez, ha comentado a Europa Press Televisi\u00f3n que&hellip;\n","protected":false},"author":2,"featured_media":740261,"comment_status":"","ping_status":"","sticky":false,"template":"","format":"standard","meta":{"footnotes":""},"categories":[80],"tags":[296,4187,82,29861,954,95,94,25,24,8966,79878,23],"class_list":["post-740260","post","type-post","status-publish","format-standard","has-post-thumbnail","category-economia","tag-agosto","tag-anuncia","tag-business","tag-caro","tag-cuatro","tag-economia","tag-economy","tag-es","tag-espana","tag-facua","tag-recibo","tag-spain"],"share_on_mastodon":{"url":"https:\/\/pubeurope.com\/@es\/117190205388531191","error":""},"_links":{"self":[{"href":"https:\/\/www.europesays.com\/es\/wp-json\/wp\/v2\/posts\/740260","targetHints":{"allow":["GET"]}}],"collection":[{"href":"https:\/\/www.europesays.com\/es\/wp-json\/wp\/v2\/posts"}],"about":[{"href":"https:\/\/www.europesays.com\/es\/wp-json\/wp\/v2\/types\/post"}],"author":[{"embeddable":true,"href":"https:\/\/www.europesays.com\/es\/wp-json\/wp\/v2\/users\/2"}],"replies":[{"embeddable":true,"href":"https:\/\/www.europesays.com\/es\/wp-json\/wp\/v2\/comments?post=740260"}],"version-history":[{"count":0,"href":"https:\/\/www.europesays.com\/es\/wp-json\/wp\/v2\/posts\/740260\/revisions"}],"wp:featuredmedia":[{"embeddable":true,"href":"https:\/\/www.europesays.com\/es\/wp-json\/wp\/v2\/media\/740261"}],"wp:attachment":[{"href":"https:\/\/www.europesays.com\/es\/wp-json\/wp\/v2\/media?parent=740260"}],"wp:term":[{"taxonomy":"category","embeddable":true,"href":"https:\/\/www.europesays.com\/es\/wp-json\/wp\/v2\/categories?post=740260"},{"taxonomy":"post_tag","embeddable":true,"href":"https:\/\/www.europesays.com\/es\/wp-json\/wp\/v2\/tags?post=740260"}],"curies":[{"name":"wp","href":"https:\/\/api.w.org\/{rel}","templated":true}]}}