{"id":740268,"date":"2026-08-31T12:55:13","date_gmt":"2026-08-31T12:55:13","guid":{"rendered":"https:\/\/www.europesays.com\/es\/740268\/"},"modified":"2026-08-31T12:55:13","modified_gmt":"2026-08-31T12:55:13","slug":"el-circuito-albatros-cruza-la-frontera-de-portugal-mirando-a-huelva","status":"publish","type":"post","link":"https:\/\/www.europesays.com\/es\/740268\/","title":{"rendered":"El Circuito Albatros cruza la frontera de Portugal mirando a Huelva"},"content":{"rendered":"<p>Bola\u00f1os, Cano y Moyano ganaron el Circuito Albatros de Quinta do Vale, en una cita que reuni\u00f3 jugadores de Espa\u00f1a, Gibraltar y Francia<img fetchpriority=\"high\" decoding=\"async\" class=\"size-full wp-image-333984\" src=\"https:\/\/www.europesays.com\/es\/wp-content\/uploads\/2026\/08\/Circuito-Albatros-2026-Portugal.jpeg\" alt=\"Circuito Albatros, Turismo Andaluc\u00eda, Turismo Costa del Sol, Quinta do Vale, \" width=\"1500\" height=\"1000\"  \/>El Circuito Albatros mantiene adem\u00e1s su apuesta por sostenibilidad, igualdad e inclusi\u00f3n<\/p>\n<p style=\"text-align: justify;\">El <strong>Circuito Albatros<\/strong> cerr\u00f3 agosto con su <a style=\"color: #008000;\" href=\"https:\/\/opengolf.es\/circuitos\/el-circuito-albatros-da-el-salto-internacional-viajando-a-quinta-do-vale-en-portugal\/\" rel=\"nofollow noopener\" target=\"_blank\"><strong>cita m\u00e1s internacional en el Club Quinta do Vale de Castro Marim, en Portugal<\/strong><\/a>.\u00a0El recorrido dise\u00f1ado por <strong>Severiano Ballesteros<\/strong> acogi\u00f3 la octava prueba del a\u00f1o. Adem\u00e1s, las vistas hacia Ayamonte estuvieron muy presentes durante la jornada.<\/p>\n<p style=\"text-align: justify;\">La competici\u00f3n volvi\u00f3 a demostrar la capacidad del golf para generar movilidad tur\u00edstica. De hecho, los ganadores llegaron desde diferentes puntos de <strong>Espa\u00f1a<\/strong> y <strong>Gibraltar<\/strong>.<\/p>\n<p style=\"text-align: justify;\"><a style=\"color: #008000;\" href=\"https:\/\/www.facebook.com\/GranaGolf\/posts\/pfbid02Vpdfj5mFsdptNmwUrtFhru6gFeH6y9zkFwixhGXaK4NDjLbb5EpVKCzBsowPoEykl?__cft__[0]=AZaDBAkNNEAsopxghxtNv6d080rwiOsqT5p4qYUPEyBne1s6194TW62Rc3CiFX9RPeoT8p9Cc-y8L3l0CpLxxPwp0S187wRORv-5ECb6fxOIy6tY7bj5NUIYxjRpKFZAe2x-SUmZLx6Tq7IqhdemYZWerxu0itDrI3OEvZ-vub-dfZlikUhOAh3cs8-AUBC3phc&amp;__tn__=%2CO%2CP-R\" rel=\"nofollow noopener\" target=\"_blank\"><strong>Errol Bola\u00f1os fue el mejor en la categor\u00eda Scratch<\/strong><\/a>. El jugador gibraltare\u00f1o se impuso con 39 puntos brutos.\u00a0Con ese resultado, Bola\u00f1os asegur\u00f3 tambi\u00e9n su presencia en la <strong>Gran Final del Circuito Albatros<\/strong>. La cita ser\u00e1 el 7 de noviembre.<\/p>\n<p style=\"text-align: justify;\">Por su parte, <strong>Rafael Cano<\/strong> gan\u00f3 la Primera Categor\u00eda con 40 puntos. El jugador de Antequera super\u00f3 por uno a <strong>El\u00edas \u00c1lvarez<\/strong>.\u00a0<strong>Tiago Ricardo<\/strong> Pereira complet\u00f3 el podio con 37 puntos.<\/p>\n<p style=\"text-align: justify;\">En Segunda Categor\u00eda, <strong>Ricardo Moyano<\/strong> logr\u00f3 la victoria con 36 puntos. El granadino aventaj\u00f3 por uno a la francesa <strong>Catherine Bouquaheux<\/strong>.\u00a0<strong>Daniel Espinosa<\/strong> termin\u00f3 tercero con 33 puntos.<\/p>\n<p>Pr\u00f3ximas paradas del Circuito<\/p>\n<p style=\"text-align: justify;\">El torneo reuni\u00f3 tambi\u00e9n jugadores procedentes de Madrid, C\u00f3rdoba, Sevilla y Murcia. Todos buscaban una plaza para la gran final.\u00a0As\u00ed, Bola\u00f1os, Cano y Moyano se unen a los campeones de las siete primeras pruebas del calendario.<\/p>\n<p style=\"text-align: justify;\">El Circuito Albatros mantiene adem\u00e1s su apuesta por <strong>sostenibilidad<\/strong>, <strong>igualdad<\/strong> e <strong>inclusi\u00f3n<\/strong>. Asimismo, utiliza el golf como herramienta de promoci\u00f3n tur\u00edstica y gastron\u00f3mica.\u00a0Las pr\u00f3ximas citas llegar\u00e1n a <strong>Guadalmina<\/strong>, <strong>La Ca\u00f1ada<\/strong>, <strong>RACE<\/strong>, <strong>Altorreal<\/strong> y <strong>La Garza<\/strong>.<\/p>\n<p style=\"text-align: justify;\">En total, m\u00e1s de 1.300 jugadores pasar\u00e1n por el circuito durante la temporada.\u00a0Adem\u00e1s, doce escenarios se encuentran en Andaluc\u00eda. La iniciativa cuenta con el apoyo de la <strong>Junta de Andaluc\u00eda<\/strong> y <strong>Costa del Sol<\/strong>.<\/p>\n","protected":false},"excerpt":{"rendered":"Bola\u00f1os, Cano y Moyano ganaron el Circuito Albatros de Quinta do Vale, en una cita que reuni\u00f3 jugadores&hellip;\n","protected":false},"author":2,"featured_media":740269,"comment_status":"","ping_status":"","sticky":false,"template":"","format":"standard","meta":{"footnotes":""},"categories":[275],"tags":[105048,168,25,24,329,131379,23,167,104942,111053],"class_list":["post-740268","post","type-post","status-publish","format-standard","has-post-thumbnail","category-golf","tag-circuito-albatros","tag-deportes","tag-es","tag-espana","tag-golf","tag-quinta-do-vale","tag-spain","tag-sports","tag-turismo-andalucia","tag-turismo-costa-del-sol"],"share_on_mastodon":{"url":"https:\/\/pubeurope.com\/@es\/117190232885125775","error":""},"_links":{"self":[{"href":"https:\/\/www.europesays.com\/es\/wp-json\/wp\/v2\/posts\/740268","targetHints":{"allow":["GET"]}}],"collection":[{"href":"https:\/\/www.europesays.com\/es\/wp-json\/wp\/v2\/posts"}],"about":[{"href":"https:\/\/www.europesays.com\/es\/wp-json\/wp\/v2\/types\/post"}],"author":[{"embeddable":true,"href":"https:\/\/www.europesays.com\/es\/wp-json\/wp\/v2\/users\/2"}],"replies":[{"embeddable":true,"href":"https:\/\/www.europesays.com\/es\/wp-json\/wp\/v2\/comments?post=740268"}],"version-history":[{"count":0,"href":"https:\/\/www.europesays.com\/es\/wp-json\/wp\/v2\/posts\/740268\/revisions"}],"wp:featuredmedia":[{"embeddable":true,"href":"https:\/\/www.europesays.com\/es\/wp-json\/wp\/v2\/media\/740269"}],"wp:attachment":[{"href":"https:\/\/www.europesays.com\/es\/wp-json\/wp\/v2\/media?parent=740268"}],"wp:term":[{"taxonomy":"category","embeddable":true,"href":"https:\/\/www.europesays.com\/es\/wp-json\/wp\/v2\/categories?post=740268"},{"taxonomy":"post_tag","embeddable":true,"href":"https:\/\/www.europesays.com\/es\/wp-json\/wp\/v2\/tags?post=740268"}],"curies":[{"name":"wp","href":"https:\/\/api.w.org\/{rel}","templated":true}]}}