{"id":740272,"date":"2026-08-31T12:57:13","date_gmt":"2026-08-31T12:57:13","guid":{"rendered":"https:\/\/www.europesays.com\/es\/740272\/"},"modified":"2026-08-31T12:57:13","modified_gmt":"2026-08-31T12:57:13","slug":"vuelta-a-espana-enric-mas-no-tengo-miedo-de-ganar-la-vuelta-esciclismo","status":"publish","type":"post","link":"https:\/\/www.europesays.com\/es\/740272\/","title":{"rendered":"Vuelta a Espa\u00f1a: Enric Mas: &quot;No tengo miedo de ganar La Vuelta&quot; &#8211; Esciclismo"},"content":{"rendered":"<ol>\n<li><a href=\"https:\/\/news.google.com\/rss\/articles\/CBMiakFVX3lxTE1xeEtMa0FwbUkyYVhIWEhHdkVGTzF3b1Z1QklTeVRCcEltNm1SWF8yX1VHOUFFRExsLTVwd3FjdkhrTHVQRjdLYkdXVmhOZkt2VFBwRVlfeHJUVmxVdENpZkRheW1Rbm5PQ3c?oc=5\" target=\"_blank\" rel=\"nofollow noopener\">Vuelta a Espa\u00f1a: Enric Mas: \u00abNo tengo miedo de ganar La Vuelta\u00bb<\/a>&nbsp;&nbsp;Esciclismo<\/li>\n<li><a href=\"https:\/\/news.google.com\/rss\/articles\/CBMipgFBVV95cUxNQ2hROHh4cHdaUU9kNnl5NEF0Zndvcnp0ZGVRbHE3TmY0a1JoNVc0aXM2dDlPcjE4TDBHYnF6X1V2SDRWM09NRjJRY09HdmVja1JGcWRCX3Q3YnVxQnZFUU4xR05fLUM1ZVRnREFvZmtYb2F2MkFHVkszNFVlN19LM2FzcS03MXZYZzMzUzduRzJDNzFjWjd4NjNrTm0zSk85VGpET3lR?oc=5\" target=\"_blank\" rel=\"nofollow noopener\">Enric Mas: \u201c\u00bfGanar La Vuelta? Ser\u00eda un sue\u00f1o, as\u00ed que ojal\u00e1\u201d<\/a>&nbsp;&nbsp;Diario AS<\/li>\n<li><a href=\"https:\/\/news.google.com\/rss\/articles\/CBMingFBVV95cUxOQlN4dkpjRzM5NVEyeHhWa0FidHdIQmJtSVAzM2VHV0dYenBtbmJwajUwRVVNT19VTUFWNEdkX3RqaXkwNE5RdzBVYUR4elJMa2xRR2poUHBJclBLamhFM2JuOXZmSzZDZERTeWstMWJZS2w4VzlTYTUyN0dKajQycTg2TTd5QjMzaGcyS2tIVnUxTHJYRWtJQjZkLXVqQdIBngFBVV95cUxQSTNIOVNSZmd1Q3RoNkE1c2JYSlpaSUhuYnhrcnhCYzJKaWdyMThFd29sT1JJaFNmcHB1TlZQMXppdjFSYkR3NVRLRzBqVElkSC1XQ3lDYnRtNjUyOXR1N2Qydl8zV1l3UmJTT3ZaSHVpR1B3SmhwOVVueU1wemxPTWJtUkpCa0ExRkJ4NzkzbWVndWdaaHdSZHNPRUQ1UQ?oc=5\" target=\"_blank\" rel=\"nofollow noopener\">La resurrecci\u00f3n de Enric Mas tras una tromboflebitis y una depresi\u00f3n: \u00bbEstoy contento porque llevaba casi dos a\u00f1os sin hacer nada\u00bb<\/a>&nbsp;&nbsp;El Mundo<\/li>\n<li><a href=\"https:\/\/news.google.com\/rss\/articles\/CBMiowFBVV95cUxOMklyZnBFeVRJNFppYXVYbS1sSEc5SFg1b0pwX01KRTh4aXc4ZnN3WTdzSFM1aFpkTG5VUGdZdFM3X0pQRVNpcWtXb3Nxa0w5dEZIZHUwMkJxbkVUTEZmbUMzY3hWdkFpTW8zNGwtcGhiU1hvM2NUMnpiVXZRQXJLNGJpbU1PWExsWU43RjRLcHFiT1Nhd1BQOFdkcmFjU1JYUTVr0gGoAUFVX3lxTE0yMXN6cDNRQU5HYUJOMW1nUUs3MzU4X1hiT0doamE5Ym8zZHBtWGNqdDlGRHliZGVwQUItSHlmWTk0UFd6YmRac0txejEyV2ZUTFJLUmlmdTlUcGRMZHVFSE5HTjRkZ0xMR1B2VzJlbEFiZHFKaHJoYk1HVTNfdkJ3UXNHd0dxR0tURDdlZU1uTHhUd3Z4c1dqV1NQd2hFazluU2p2a09hLQ?oc=5\" target=\"_blank\" rel=\"nofollow noopener\">Enric Mas recupera la sonrisa y lanza un aviso: \u00abNo tengo miedo de ganar la Vuelta\u00bb<\/a>&nbsp;&nbsp;Diario de Mallorca<\/li>\n<li><a href=\"https:\/\/news.google.com\/rss\/articles\/CBMi2gFBVV95cUxQVzRaVjhnN2pjVWZsMEpUdkFpMlh6R3pJQ2dJZ1paQkNCUFZyYjdqbWtCb1huOFJGMFJneFpQa2RRdVJIYUhISW5xZlBaRC1GMGpRM0laM2lfS3V1OWx5UGJKcEIzWXJoS0NBdmNObmhMYzBlZllXcnUtQ2FhTFJBRndDNFFPdFIzMzE0MXdJcEZLZnJuYTNBcXJDRkdBbzFqeEZrbElsV2VleGx5cnctTUI5S0Z0RWE4REJ2TXlDR0N1LUk3c1JGRkdISlVHbmwwOFJfYTVEMGk3UdIB3wFBVV95cUxNcWhfcnVjRElIZ2Ryb1pNY3otUkxta2RORzk3RmlWb1BFN19OQ095bFFiaFJ0NnZCYXhJVVVzRWtVRFE4VGZPMzZ4NFpGZko5RF9jNFhEaEllRGJ0eVltSUFsRzRCdG9KeV9ibXhYMmJ5ZXNJR0ZRWWx1UWU1V0sxZWZMTWJJcGV6SnpxOXE4RnJ5SF9IRmVnNW9UR3FfOG1HVk1aNThJSG5YcVFSZjd6Sl9qeUdTLUphazFTTDQwcmxJS01WdFlPMUwzZmlSekx1REhCZ2FrMV9CY0ZKVTdV?oc=5\" target=\"_blank\" rel=\"nofollow noopener\">Enric Mas: \u00abNo es que tenga miedo, pero prefiero no pensar constantemente en que puedo ganar La Vuelta\u00bb<\/a>&nbsp;&nbsp;COPE<\/li>\n<\/ol>\n","protected":false},"excerpt":{"rendered":"Vuelta a Espa\u00f1a: Enric Mas: \u00abNo tengo miedo de ganar La Vuelta\u00bb&nbsp;&nbsp;Esciclismo Enric Mas: \u201c\u00bfGanar La Vuelta? Ser\u00eda&hellip;\n","protected":false},"author":2,"featured_media":740273,"comment_status":"","ping_status":"","sticky":false,"template":"","format":"standard","meta":{"footnotes":""},"categories":[273],"tags":[3586,27297,1136,4860,313,29841,856,312,168,3484,4169,10378,4021,25,24,2501,11909,2000,293,13686,5549,5486,11018,55941,303,42259,4233,977,1078,2978,9251,16555,8643,19358,23,167,2076,63300,2886,1357,739],"class_list":["post-740272","post","type-post","status-publish","format-standard","has-post-thumbnail","category-ciclismo","tag-actual","tag-alejado","tag-asegura","tag-carrera","tag-ciclismo","tag-confiado","tag-conlleva","tag-cycling","tag-deportes","tag-descanso","tag-durante","tag-e","tag-enric","tag-es","tag-espana","tag-espanola","tag-estres","tag-ganar","tag-jornada","tag-liderato","tag-maillot","tag-miedo","tag-mismo","tag-mostro","tag-movistar","tag-optar","tag-poder","tag-primer","tag-primera","tag-rojo","tag-ronda","tag-senala","tag-ser","tag-sonreir","tag-spain","tag-sports","tag-tiene","tag-tranquilo","tag-triunfo","tag-vuelta","tag-vuelve"],"share_on_mastodon":{"url":"https:\/\/pubeurope.com\/@es\/117190239612311798","error":""},"_links":{"self":[{"href":"https:\/\/www.europesays.com\/es\/wp-json\/wp\/v2\/posts\/740272","targetHints":{"allow":["GET"]}}],"collection":[{"href":"https:\/\/www.europesays.com\/es\/wp-json\/wp\/v2\/posts"}],"about":[{"href":"https:\/\/www.europesays.com\/es\/wp-json\/wp\/v2\/types\/post"}],"author":[{"embeddable":true,"href":"https:\/\/www.europesays.com\/es\/wp-json\/wp\/v2\/users\/2"}],"replies":[{"embeddable":true,"href":"https:\/\/www.europesays.com\/es\/wp-json\/wp\/v2\/comments?post=740272"}],"version-history":[{"count":0,"href":"https:\/\/www.europesays.com\/es\/wp-json\/wp\/v2\/posts\/740272\/revisions"}],"wp:featuredmedia":[{"embeddable":true,"href":"https:\/\/www.europesays.com\/es\/wp-json\/wp\/v2\/media\/740273"}],"wp:attachment":[{"href":"https:\/\/www.europesays.com\/es\/wp-json\/wp\/v2\/media?parent=740272"}],"wp:term":[{"taxonomy":"category","embeddable":true,"href":"https:\/\/www.europesays.com\/es\/wp-json\/wp\/v2\/categories?post=740272"},{"taxonomy":"post_tag","embeddable":true,"href":"https:\/\/www.europesays.com\/es\/wp-json\/wp\/v2\/tags?post=740272"}],"curies":[{"name":"wp","href":"https:\/\/api.w.org\/{rel}","templated":true}]}}