{"id":740282,"date":"2026-08-31T13:06:18","date_gmt":"2026-08-31T13:06:18","guid":{"rendered":"https:\/\/www.europesays.com\/es\/740282\/"},"modified":"2026-08-31T13:06:18","modified_gmt":"2026-08-31T13:06:18","slug":"robocop-ya-tiene-ventana-para-el-rodaje-de-su-reboot-para-prime-video","status":"publish","type":"post","link":"https:\/\/www.europesays.com\/es\/740282\/","title":{"rendered":"RoboCop ya tiene ventana para el rodaje de su reboot para Prime Video"},"content":{"rendered":"<p class=\"c-paragraph\"><a href=\"https:\/\/www.hobbyconsolas.com\/hobbycine\/los-anillos-poder-revoluciona-estreno-su-temporada-3-prime-video-veremos-tres-semanas_7029414_0.html\" title=\"Los anillos de poder revoluciona su estreno en la temporada 3: Prime Video busca otra f\u00f3rmula para enganchar\" rel=\"nofollow noopener\" target=\"_blank\">Amazon Prime Video<\/a> ha puesto en marcha su reboot de <a href=\"https:\/\/www.hobbyconsolas.com\/hobbycine\/robocop-recuperara-un-elemento-clave-pelicula-original-su-reboot-prime-video-segun-su-protagonista_7030203_0.html\" title=\"RoboCop recuperar\u00e1 un elemento clave de la pel\u00edcula original en su reboot de Prime Video, seg\u00fan su protagonista\" rel=\"nofollow noopener\" target=\"_blank\">RoboCop <\/a>y se est\u00e1 avanzando con bastante rapidez. Es cierto que la compa\u00f1\u00eda anunci\u00f3 que se reiniciar\u00eda la franquicia de ciencia ficci\u00f3n nacida en 1987 con el cl\u00e1sico de\u00a0<b>Paul Verhoeven<\/b> all\u00e1 por 2023, poco despu\u00e9s de que Amazon comprase\u00a0<b>Metro-Goldwyn-Mayer<\/b> (MGM), pero ha sido hace poco m\u00e1s de un mes cuando se dio luz verde definitivamente al proyecto.<\/p>\n<p class=\"c-paragraph\">Por ahora, RoboCop ser\u00e1 una miniserie en Prime Video, con\u00a0Peter Ocko como showrunner y <b>Dan Stevens<\/b> (<a href=\"https:\/\/www.hobbyconsolas.com\/reviews\/critica-bella-bestia-pelicula-accion-real-91702\" rel=\"nofollow noopener\" target=\"_blank\">La bella y la bestia<\/a>) como protagonista. La producci\u00f3n contar\u00e1 con <b>Blumhouse-Atomic Monster<\/b>, con <b>James Wan<\/b> al frente. Son tambi\u00e9n productores ejecutivos\u00a0<b>Michael Clear y Rob Hackett<\/b> y los guionistas de la pel\u00edcula original,\u00a0<b>Edward Neumeier y Michael Miner<\/b>.<\/p>\n<p>Movistar Plus por 9,99\u20ac con f\u00fatbol, series y cine<\/p>\n<p><img decoding=\"async\" loading=\"lazy\" alt=\"Movistar Plus+\" width=\"640\" height=\"533\" src=\"https:\/\/www.europesays.com\/es\/wp-content\/uploads\/2026\/08\/1788181578_636_690349e592402.jpeg\"\/><\/p>\n<p class=\"c-passport__description\">Seas de la operadora que seas, puedes ver series, pel\u00edculas y f\u00fatbol en Movistar Plus por 9,99\u20ac al mes y sin permanencia.<\/p>\n<p class=\"c-paragraph\">Stevens ser\u00e1 el sexto actor en dar vida a Alex Murphy en pantalla. Le preceden\u00a0<b>Peter Weller<\/b> en las dos primeras pel\u00edculas,\u00a0<b>Robert John Burke<\/b> en RoboCop 3 y <b>Joel Kinnaman<\/b> en el reboot estrenado en 2014 en lo referente a cine. En televisi\u00f3n,\u00a0<b>Richard Eden y\u00a0Page Fletcher<\/b> se metieron en la piel cibern\u00e9tica del personaje.<\/p>\n<p class=\"c-paragraph\">Aunque el encargo oficial de la serie de RoboCop de Prime Video se produjo hace relativamente poco, las cosas van progresando bastante r\u00e1pido y ya hay ventana de rodaje.<\/p>\n<p>RoboCop enfila su rodaje<\/p>\n<p class=\"c-paragraph\">En una entrevista reciente con <a href=\"https:\/\/collider.com\/prime-video-robocop-series-filming-spring-2027\/\" rel=\"nofollow noreferrer noopener\" target=\"_blank\">Collider <\/a>para promocionar\u00a0<b>Onslaught<\/b>, la pel\u00edcula de terror y ciencia ficci\u00f3n de\u00a0<b>Adam Wingard<\/b>, Dan Stevens ha confirmado que el plan es filmar RoboCop en primavera de 2027, aunque deja entrever que las pruebas de vestuario ser\u00e1n bastante antes:<\/p>\n<p class=\"c-paragraph\">\u00abTodav\u00eda no me he probado el traje, pero lo har\u00e9 muy pronto. Tenemos pruebas de vestuario pr\u00f3ximamente. Y s\u00ed, todo se ha concretado hace poco y estoy muy emocionado. Por lo que entiendo, podr\u00eda continuar [como serie de mayor duraci\u00f3n]. Espero que as\u00ed sea. Y el rodaje comienza en la primavera del a\u00f1o que viene\u00bb.<\/p>\n<p class=\"c-paragraph\">Las opciones de futuro de la serie de <b>RoboCop <\/b>tambi\u00e9n son un factor interesante. En este momento, el proyecto es una serie limitada de una temporada. Depender\u00e1 del resultado y la acogida de los espectadores para continuar. Veremos su desempe\u00f1o cuando llegue a <b>Prime Video<\/b>.<\/p>\n","protected":false},"excerpt":{"rendered":"Amazon Prime Video ha puesto en marcha su reboot de RoboCop y se est\u00e1 avanzando con bastante rapidez.&hellip;\n","protected":false},"author":2,"featured_media":740283,"comment_status":"","ping_status":"","sticky":false,"template":"","format":"standard","meta":{"footnotes":""},"categories":[169],"tags":[177,146,147,25,24,176,175,2078,39164,23,2076,3108,3352],"class_list":["post-740282","post","type-post","status-publish","format-standard","has-post-thumbnail","category-cine","tag-cine","tag-entertainment","tag-entretenimiento","tag-es","tag-espana","tag-film","tag-movies","tag-para","tag-robocop","tag-spain","tag-tiene","tag-ventana","tag-ya"],"share_on_mastodon":{"url":"https:\/\/pubeurope.com\/@es\/117190276382828470","error":""},"_links":{"self":[{"href":"https:\/\/www.europesays.com\/es\/wp-json\/wp\/v2\/posts\/740282","targetHints":{"allow":["GET"]}}],"collection":[{"href":"https:\/\/www.europesays.com\/es\/wp-json\/wp\/v2\/posts"}],"about":[{"href":"https:\/\/www.europesays.com\/es\/wp-json\/wp\/v2\/types\/post"}],"author":[{"embeddable":true,"href":"https:\/\/www.europesays.com\/es\/wp-json\/wp\/v2\/users\/2"}],"replies":[{"embeddable":true,"href":"https:\/\/www.europesays.com\/es\/wp-json\/wp\/v2\/comments?post=740282"}],"version-history":[{"count":0,"href":"https:\/\/www.europesays.com\/es\/wp-json\/wp\/v2\/posts\/740282\/revisions"}],"wp:featuredmedia":[{"embeddable":true,"href":"https:\/\/www.europesays.com\/es\/wp-json\/wp\/v2\/media\/740283"}],"wp:attachment":[{"href":"https:\/\/www.europesays.com\/es\/wp-json\/wp\/v2\/media?parent=740282"}],"wp:term":[{"taxonomy":"category","embeddable":true,"href":"https:\/\/www.europesays.com\/es\/wp-json\/wp\/v2\/categories?post=740282"},{"taxonomy":"post_tag","embeddable":true,"href":"https:\/\/www.europesays.com\/es\/wp-json\/wp\/v2\/tags?post=740282"}],"curies":[{"name":"wp","href":"https:\/\/api.w.org\/{rel}","templated":true}]}}