{"id":740294,"date":"2026-08-31T13:13:15","date_gmt":"2026-08-31T13:13:15","guid":{"rendered":"https:\/\/www.europesays.com\/es\/740294\/"},"modified":"2026-08-31T13:13:15","modified_gmt":"2026-08-31T13:13:15","slug":"china-ordenado-el-obispo-de-datong","status":"publish","type":"post","link":"https:\/\/www.europesays.com\/es\/740294\/","title":{"rendered":"China: ordenado el obispo de Datong"},"content":{"rendered":"<p>Nombrado obispo de Datong (Shanxi, China) el pasado 10 de agosto por Le\u00f3n XIV, tras haber aprobado su candidatura en el marco del Acuerdo Provisional entre la Santa Sede y la Rep\u00fablica Popular China, Paolo Liu Honggang ha sido consagrado hoy, 31 de agosto.<\/p>\n<p style=\"text-align: justify;\"><b>Vatican News<\/b><\/p>\n<p style=\"text-align: justify;\">Este lunes 31 de agosto de 2026, se ha celebrado en China la ordenaci\u00f3n episcopal de Paolo Liu Honggang, a quien el Papa nombr\u00f3 el pasado 10 de agosto obispo de Datong (Shanxi, China), tras haber aprobado su candidatura en el marco del Acuerdo Provisional entre la Santa Sede y la Rep\u00fablica Popular China, <a href=\"https:\/\/press.vatican.va\/content\/salastampa\/it\/bollettino\/pubblico\/2026\/08\/31\/0681\/01266.html#cina\" rel=\"external nofollow noopener\" target=\"_blank\">seg\u00fan informa la Oficina de Prensa de la Santa Sede.<\/a><\/p>\n<p style=\"text-align: justify;\">Monse\u00f1or Paolo Liu Honggang naci\u00f3 el 2 de noviembre de 1970 en el pueblo de Wufuying, cerca de la ciudad de Taiyuan. De 1988 a 1992 estudi\u00f3 en el Seminario de Fenyang y, de 1992 a 1996, en el Seminario Nacional de Pek\u00edn, donde obtuvo el bachillerato en Teolog\u00eda. El 24 de noviembre de 1996 fue ordenado sacerdote para la di\u00f3cesis de Datong. Desde diciembre de 1996 hasta 1999 ejerci\u00f3 como p\u00e1rroco de Zhangguantun; de 2000 a 2003 fue p\u00e1rroco en Xubao, y posteriormente fue trasladado a la parroquia de Xihehe, de la que estuvo al frente entre 2003 y 2005. Desde el 15 de marzo de 2005 desempe\u00f1\u00f3 el cargo de administrador diocesano.<\/p>\n","protected":false},"excerpt":{"rendered":"Nombrado obispo de Datong (Shanxi, China) el pasado 10 de agosto por Le\u00f3n XIV, tras haber aprobado su&hellip;\n","protected":false},"author":2,"featured_media":740295,"comment_status":"","ping_status":"","sticky":false,"template":"","format":"standard","meta":{"footnotes":""},"categories":[42],"tags":[17,18,1615,13,14,11,401,61,62,63,64,19,20,9,10,15,16,18386,12631,12,21,22,65,66,67],"class_list":["post-740294","post","type-post","status-publish","format-standard","has-post-thumbnail","category-internacional","tag-breaking-news","tag-breakingnews","tag-china","tag-featured-news","tag-featurednews","tag-headlines","tag-iglesia-catolica","tag-internacional","tag-international","tag-international-news","tag-internationalnews","tag-latest-news","tag-latestnews","tag-news","tag-noticias","tag-noticias-destacadas","tag-noticiasdestacadas","tag-obispos","tag-santa-sede","tag-titulares","tag-ultimas-noticias","tag-ultimasnoticias","tag-world","tag-world-news","tag-worldnews"],"share_on_mastodon":{"url":"https:\/\/pubeurope.com\/@es\/117190302689582786","error":""},"_links":{"self":[{"href":"https:\/\/www.europesays.com\/es\/wp-json\/wp\/v2\/posts\/740294","targetHints":{"allow":["GET"]}}],"collection":[{"href":"https:\/\/www.europesays.com\/es\/wp-json\/wp\/v2\/posts"}],"about":[{"href":"https:\/\/www.europesays.com\/es\/wp-json\/wp\/v2\/types\/post"}],"author":[{"embeddable":true,"href":"https:\/\/www.europesays.com\/es\/wp-json\/wp\/v2\/users\/2"}],"replies":[{"embeddable":true,"href":"https:\/\/www.europesays.com\/es\/wp-json\/wp\/v2\/comments?post=740294"}],"version-history":[{"count":0,"href":"https:\/\/www.europesays.com\/es\/wp-json\/wp\/v2\/posts\/740294\/revisions"}],"wp:featuredmedia":[{"embeddable":true,"href":"https:\/\/www.europesays.com\/es\/wp-json\/wp\/v2\/media\/740295"}],"wp:attachment":[{"href":"https:\/\/www.europesays.com\/es\/wp-json\/wp\/v2\/media?parent=740294"}],"wp:term":[{"taxonomy":"category","embeddable":true,"href":"https:\/\/www.europesays.com\/es\/wp-json\/wp\/v2\/categories?post=740294"},{"taxonomy":"post_tag","embeddable":true,"href":"https:\/\/www.europesays.com\/es\/wp-json\/wp\/v2\/tags?post=740294"}],"curies":[{"name":"wp","href":"https:\/\/api.w.org\/{rel}","templated":true}]}}