{"id":740302,"date":"2026-08-31T13:21:15","date_gmt":"2026-08-31T13:21:15","guid":{"rendered":"https:\/\/www.europesays.com\/es\/740302\/"},"modified":"2026-08-31T13:21:15","modified_gmt":"2026-08-31T13:21:15","slug":"la-vuelta-descubre-los-tesoros-de-palma-del-rio-cordoba-una-muralla-bic-un-alcazar-y-un-puente-disenado-en-los-talleres-de-la-torre-eiffel","status":"publish","type":"post","link":"https:\/\/www.europesays.com\/es\/740302\/","title":{"rendered":"La Vuelta descubre los tesoros de Palma del R\u00edo (C\u00f3rdoba): una muralla BIC, un alc\u00e1zar y un puente dise\u00f1ado en los talleres de la torre Eiffel"},"content":{"rendered":"<p class=\"ft-text\">La <a href=\"https:\/\/www.diariocordoba.com\/vuelta-espana\/2026\/08\/22\/entrevista-javier-guillen-director-vuelta-pogacar-referencia-deporte-133561202.html\" class=\"ft-link ft-link--decoration\" rel=\"nofollow noopener\" target=\"_blank\">Vuelta Ciclista a Espa\u00f1a 2026<\/a> tiene en esta edici\u00f3n un recorrido muy andaluz.<strong> De las 21 etapas<\/strong> que componen el paisaje por el que competir\u00e1n algunos de los mejores ciclistas del planeta, <strong>un total de 10 recorren exclusivamente provincias andaluzas<\/strong>. Es decir, <strong>pr\u00e1cticamente el 50<\/strong>% de todo el <strong>recorrido<\/strong> est\u00e1 compuesto por etapas con salida, llegada y recorrido pleno en Andaluc\u00eda.<\/p>\n<p class=\"ft-text\">En el caso de <strong>C\u00f3rdoba<\/strong>, se correr\u00e1 <a href=\"https:\/\/www.lavuelta.es\/es\/etapa-15\" class=\"ft-link ft-link--decoration\" rel=\"nofollow noopener\" target=\"_blank\">una etapa, la n\u00famero 15<\/a>, con una altimetr\u00eda de media monta\u00f1a que la convertir\u00e1 en ideal para fugas e incluso para un final al esprint. Se disputa el <strong>domingo 6 de septiembre<\/strong>, justo despu\u00e9s de un calendario rompepiernas con <strong>dos etapas de monta\u00f1a y otra de media monta\u00f1a<\/strong>. <strong>Calar Alto, Loja y Sierra de la Pandera<\/strong> escoltan la llegada del pelot\u00f3n a la provincia de C\u00f3rdoba. <a href=\"https:\/\/www.diariocordoba.com\/deportes\/2026\/08\/09\/vuelta-espana-cordoba-pogacar-devolvera-133202177.html\" class=\"ft-link ft-link--decoration\" rel=\"nofollow noopener\" target=\"_blank\">Tres monumentos que ser\u00e1n claves para definir el podio e incluso el probable ganador del maillot rojo de vencedor de la Vuelta<\/a>, por lo que los principales favoritos podr\u00edan llegar con el est\u00f3mago lleno a su cita con la provincia de C\u00f3rdoba, dejando espacio para que <strong>clasic\u00f3manos, expertos en fugas y alg\u00fan que otro esprinter<\/strong> que vaya bien para arriba se disputen la victoria.<\/p>\n<p><img decoding=\"async\" src=\"https:\/\/www.europesays.com\/es\/wp-content\/uploads\/2026\/08\/2aa474a7-1f1c-490a-afdc-d97242a02fb5_alta-libre-aspect-ratio_default_0.jpg\" width=\"1200\" height=\"675\" alt=\"Enric Mas.\" class=\"ft-helper-img-rd\" loading=\"lazy\" fetchpriority=\"auto\"\/><\/p>\n<p class=\"ft-helper-fontColor-quaternary ft-helper-fontSize-body-S ft-helper-spacer-t-xxs\">Enric Mas, favorito a la victoria en la Vuelta a Espa\u00f1a.  \/ MOVISTAR TEAM<\/p>\n<p>Salida en Palma del R\u00edo y llegada a C\u00f3rdoba<\/p>\n<p class=\"ft-text\">La <strong>15\u00aa etapa de la Vuelta a Espa\u00f1a parte de Palma del R\u00edo, en la Vega del Guadalquivir<\/strong>, aunque tras unos primeros kil\u00f3metros de llano, pronto buscar\u00e1 la Sierra de C\u00f3rdoba tras el paso por Posadas. La localidad palme\u00f1a acoge la salida y lo hace con la ilusi\u00f3n de<strong> mostrar su imagen a Espa\u00f1a y el mundo<\/strong>, recibiendo la llegada de ciclistas de la talla de Wout Van Aert, Primoz Roglic, Enric Mas, Iv\u00e1n Romeo, Sepp Kuss o Richard Carapaz.<\/p>\n<p>Palma del R\u00edo, mucho m\u00e1s que sus sabrosas naranjas<\/p>\n<p class=\"ft-text\">Son muchos los <strong>monumentos, lugares de inter\u00e9s, tradiciones, gastronom\u00eda y esencias<\/strong> de Palma del R\u00edo que se ponen en el escaparate de la Vuelta a Espa\u00f1a. Porque la localidad palme\u00f1a es <strong>mucho m\u00e1s que sus conocidas y sabrosas naranjas<\/strong>, que son un tesoro de su tierra que se exporta por tantos rincones del planeta.<\/p>\n<blockquote class=\"ft-mol-quote ft-mol-quote--basic\" data-aida-cite=\"\"><p>El recinto amurallado de Palma del R\u00edo est\u00e1 declarado Bien de Inter\u00e9s Cultural<\/p><\/blockquote>\n<p class=\"ft-text\">As\u00ed, hay que destacar el <strong>recinto amurallado, que est\u00e1 declarado Bien de Inter\u00e9s Cultural (BIC).<\/strong> Unas murallas que fueron en un principio una alcazaba o castillo que ocupaba el noroeste del recinto, pr\u00f3ximo al meandro del r\u00edo Genil, por lo que dominaba las alturas y el acceso al agua durante la Edad Media.<\/p>\n<p><img decoding=\"async\" src=\"https:\/\/www.europesays.com\/es\/wp-content\/uploads\/2026\/08\/f7aae9a4-143f-49a7-9a92-ce74cfcc76fb_alta-libre-aspect-ratio_default_0_x640y240.jpg\" width=\"1200\" height=\"675\" alt=\"Muralla medieval de Palma del R\u00edo y concejala de &amp;lt;Cultura en el claustro de Santa Clara\" class=\"ft-helper-img-rd\" loading=\"lazy\" fetchpriority=\"auto\"\/><\/p>\n<p class=\"ft-helper-fontColor-quaternary ft-helper-fontSize-body-S ft-helper-spacer-t-xxs\">Muralla medieval de Palma del R\u00edo.  \/ Jos\u00e9 Mu\u00f1oz<\/p>\n<p>El Alc\u00e1zar Palacio Portocarrero, crisol de civilizaciones<\/p>\n<p class=\"ft-text\">El <strong>Alc\u00e1zar Palacio Portocarrero<\/strong>, origen, de hecho, de la localidad de Palma del R\u00edo, es un <strong>crisol de civilizaciones romana, \u00e1rabe, jud\u00eda y cristiana. <\/strong>En su seno <strong>se unen la arquitectura, la historia, la naturaleza y las costumbres de Palma del R\u00edo<\/strong>, con p\u00f3rticos renacentistas, p\u00f3rticos y jardines hispano-mud\u00e9jares que atesoran m\u00e1s de 400 c\u00edtricos. Adem\u00e1s, los visitantes que se acerquen a ver salir a los ciclistas tambi\u00e9n podr\u00e1n admirar la <strong>Alcazaba, una fortaleza militar almor\u00e1vide<\/strong> formada por <strong>cuatro torreones entrelazados entre s\u00ed<\/strong> por los lienzos de la muralla. El <strong>quinto torre\u00f3n<\/strong>, de m\u00e1s envergadura, es <strong>denominado la Mesa de San Pedro<\/strong>.<\/p>\n<p><img decoding=\"async\" src=\"https:\/\/www.europesays.com\/es\/wp-content\/uploads\/2026\/08\/3e712092-d313-4ba5-baf8-260e6642e064_alta-libre-aspect-ratio_default_0_x756y378.jpg\" width=\"1200\" height=\"900\" alt=\"Trabajos en una de las empresas dedicadas a la comercializaci\u00f3n de naranjas de Palma del R\u00edo\" class=\"ft-helper-img-rd\" loading=\"lazy\" fetchpriority=\"auto\"\/><\/p>\n<p class=\"ft-helper-fontColor-quaternary ft-helper-fontSize-body-S ft-helper-spacer-t-xxs\">Trabajos en una de las empresas dedicadas a la comercializaci\u00f3n de naranjas de Palma del R\u00edo  \/ Elisa Manzano<\/p>\n<p class=\"ft-text\">Tambi\u00e9n es admirable de ver en persona la <strong>Puerta del Sol de la muralla almohade o la iglesia de Nuestra Se\u00f1ora de la Asunci\u00f3n<\/strong>, un <strong>edificio barroco levantado en el siglo XVIII<\/strong> en el solar que ocupaba desde la reconquista la iglesia de Santa Mar\u00eda. M\u00e1s atr\u00e1s en el tiempo hay que viajar para poder hablar del <strong>convento de Santa Clara,<\/strong> erigido desde 1498 gracias a una <strong>bula del Papa Alejandro VI<\/strong>, y donde se asent\u00f3 la orden de las <strong>clarisas<\/strong>.<\/p>\n<p>Un Puente de Hierro dise\u00f1ado en los talleres de donde sali\u00f3 la torre Eiffel<img decoding=\"async\" src=\"https:\/\/www.europesays.com\/es\/wp-content\/uploads\/2026\/08\/76d59dac-9039-4063-bbb3-0985fb2439e3_alta-libre-aspect-ratio_default_0_x512y256.jpg\" width=\"1200\" height=\"900\" alt=\"108606165\" class=\"ft-helper-img-rd\" loading=\"lazy\" fetchpriority=\"auto\"\/><\/p>\n<p class=\"ft-helper-fontColor-quaternary ft-helper-fontSize-body-S ft-helper-spacer-t-xxs\">Puente de Hierro de Palma del R\u00edo, en imagen de archivo.  \/ C\u00d3RDOBA<\/p>\n<p class=\"ft-text\">El <strong>Puente de Hierro, llegado desde Par\u00eds y dise\u00f1ado en los mismos talleres donde se cre\u00f3 parte de la torre Eiffel<\/strong>, la <strong>plaza Mayor<\/strong> y la <strong>Casa Alh\u00f3ndiga<\/strong> tambi\u00e9n esperan al visitante y cierran el c\u00edrculo de expresiones de la arquitectura, la historia y las costumbres de Palma del R\u00edo, abiertas de par en par a todos por televisi\u00f3n gracias a la Vuelta a Espa\u00f1a.<\/p>\n","protected":false},"excerpt":{"rendered":"La Vuelta Ciclista a Espa\u00f1a 2026 tiene en esta edici\u00f3n un recorrido muy andaluz. De las 21 etapas&hellip;\n","protected":false},"author":2,"featured_media":740303,"comment_status":"","ping_status":"","sticky":false,"template":"","format":"standard","meta":{"footnotes":""},"categories":[273],"tags":[3076,313,312,168,11136,25,24,448,1395,2553,1397,5150,23,167,1357],"class_list":["post-740302","post","type-post","status-publish","format-standard","has-post-thumbnail","category-ciclismo","tag-3076","tag-ciclismo","tag-cycling","tag-deportes","tag-edificios","tag-es","tag-espana","tag-historia","tag-monumentos","tag-palma","tag-patrimonio","tag-sale","tag-spain","tag-sports","tag-vuelta"],"share_on_mastodon":{"url":"https:\/\/pubeurope.com\/@es\/117190335464531123","error":""},"_links":{"self":[{"href":"https:\/\/www.europesays.com\/es\/wp-json\/wp\/v2\/posts\/740302","targetHints":{"allow":["GET"]}}],"collection":[{"href":"https:\/\/www.europesays.com\/es\/wp-json\/wp\/v2\/posts"}],"about":[{"href":"https:\/\/www.europesays.com\/es\/wp-json\/wp\/v2\/types\/post"}],"author":[{"embeddable":true,"href":"https:\/\/www.europesays.com\/es\/wp-json\/wp\/v2\/users\/2"}],"replies":[{"embeddable":true,"href":"https:\/\/www.europesays.com\/es\/wp-json\/wp\/v2\/comments?post=740302"}],"version-history":[{"count":0,"href":"https:\/\/www.europesays.com\/es\/wp-json\/wp\/v2\/posts\/740302\/revisions"}],"wp:featuredmedia":[{"embeddable":true,"href":"https:\/\/www.europesays.com\/es\/wp-json\/wp\/v2\/media\/740303"}],"wp:attachment":[{"href":"https:\/\/www.europesays.com\/es\/wp-json\/wp\/v2\/media?parent=740302"}],"wp:term":[{"taxonomy":"category","embeddable":true,"href":"https:\/\/www.europesays.com\/es\/wp-json\/wp\/v2\/categories?post=740302"},{"taxonomy":"post_tag","embeddable":true,"href":"https:\/\/www.europesays.com\/es\/wp-json\/wp\/v2\/tags?post=740302"}],"curies":[{"name":"wp","href":"https:\/\/api.w.org\/{rel}","templated":true}]}}