{"id":740336,"date":"2026-08-31T13:46:13","date_gmt":"2026-08-31T13:46:13","guid":{"rendered":"https:\/\/www.europesays.com\/es\/740336\/"},"modified":"2026-08-31T13:46:13","modified_gmt":"2026-08-31T13:46:13","slug":"mala-suerte-para-el-unicaja-yannick-nzosa-3-meses-de-baja","status":"publish","type":"post","link":"https:\/\/www.europesays.com\/es\/740336\/","title":{"rendered":"Mala suerte para el Unicaja: Yannick Nzosa, 3 meses de baja"},"content":{"rendered":"<p class=\"ft-text\">Mala suerte para el Unicaja en el primer amistoso de la pretemporada<strong>. Yannick Nzosa<\/strong> sufri\u00f3 este domingo, al inicio del partido frente al Melilla Ciudad del Deporte, un traumatismo en su pie izquierdo que le impidi\u00f3 disputar el resto del encuentro. Tras las pruebas realizadas este lunes en Hospital Quir\u00f3nsalud M\u00e1laga se ha confirmado el diagn\u00f3stico que se tem\u00eda, <strong>fractura del quinto metatarsiano, que le va a obligar a estar parado en torno a los tres meses.<\/strong>   <\/p>\n<p class=\"ft-text\">El p\u00edvot congole\u00f1o sali\u00f3 de titular en Melilla.<strong> Tras disputar el salto inicial y 3:21 minutos del partido amistoso, sufri\u00f3 un traumatismo en su pie izquierdo<\/strong> que le oblig\u00f3 a abandonar la cancha y no pudo volver a jugar. Su imagen, con muletas, al finalizar el partido, ya daba a entender que el problema podr\u00eda ser serio.<\/p>\n<p>Hospital Quir\u00f3nsalud<\/p>\n<p class=\"ft-text\">A la llegada del equipo a M\u00e1laga, se le han realizado varias pruebas que han confirmado el diagn\u00f3stico: rotura del quinto metatarsiano del pie izquierdo que va a requerir de intervenci\u00f3n quir\u00fargica esta misma semana. <strong>El tiempo de baja depender\u00e1 de la evoluci\u00f3n de la lesi\u00f3n aunque se estima en torno a los tres meses.<\/strong><\/p>\n<p>Apuesta<\/p>\n<p class=\"ft-text\"><a class=\"ft-link ft-link--decoration\" href=\"https:\/\/www.laopiniondemalaga.es\/unicaja\/2026\/07\/23\/unicaja-anuncia-regreso-yannick-nzosa-reforzar-interior-temporada-2026-2027-132732164.html\" target=\"_blank\" rel=\"nofollow noopener\">Nzosa era una de las apuestas del Unicaja para este nuevo proyecto de Vidorreta<\/a>. La idea era que fuera uno m\u00e1s en la rotaci\u00f3n del juego interior. Sobre todo deber\u00eda tener un papel importante en este arranque de temporada en la primera fase de la Basketball Champions League. Su baja, ahora, obliga al club a acelerar la contrataci\u00f3n de ese p\u00edvot referente que falta para cerrar la plantilla.<a class=\"ft-link ft-link--decoration\" href=\"https:\/\/www.laopiniondemalaga.es\/unicaja\/2026\/08\/28\/unicaja-oscar-tshiebwe-tiempos-mercado-pivot-133719965.html\" target=\"_blank\" rel=\"nofollow noopener\"> Se pretend\u00eda esperar a octubre contando con el tr\u00edo Hernang\u00f3mez-Kravish-Nzosa como suficiente arsenal para afrontar el arranque competitivo<\/a>. Ahora, <strong>sin Nzosa, habr\u00e1 que ver si el club cambia su plan y decide no esperar a los descartes de la NBA, para apostar por otro jugador<\/strong> que est\u00e9 en disposici\u00f3n de vestir de verde y morado de manera inmediata.<\/p>\n","protected":false},"excerpt":{"rendered":"Mala suerte para el Unicaja en el primer amistoso de la pretemporada. Yannick Nzosa sufri\u00f3 este domingo, al&hellip;\n","protected":false},"author":2,"featured_media":740337,"comment_status":"","ping_status":"","sticky":false,"template":"","format":"standard","meta":{"footnotes":""},"categories":[269],"tags":[299,298,168,25,24,8252,4879,10255,68614,12082,23,167,11057,2246,68613],"class_list":["post-740336","post","type-post","status-publish","format-standard","has-post-thumbnail","category-baloncesto","tag-baloncesto","tag-basketball","tag-deportes","tag-es","tag-espana","tag-lesion","tag-mala","tag-melilla","tag-nzosa","tag-pie","tag-spain","tag-sports","tag-suerte","tag-unicaja","tag-yannick"],"share_on_mastodon":{"url":"https:\/\/pubeurope.com\/@es\/117190432504947104","error":""},"_links":{"self":[{"href":"https:\/\/www.europesays.com\/es\/wp-json\/wp\/v2\/posts\/740336","targetHints":{"allow":["GET"]}}],"collection":[{"href":"https:\/\/www.europesays.com\/es\/wp-json\/wp\/v2\/posts"}],"about":[{"href":"https:\/\/www.europesays.com\/es\/wp-json\/wp\/v2\/types\/post"}],"author":[{"embeddable":true,"href":"https:\/\/www.europesays.com\/es\/wp-json\/wp\/v2\/users\/2"}],"replies":[{"embeddable":true,"href":"https:\/\/www.europesays.com\/es\/wp-json\/wp\/v2\/comments?post=740336"}],"version-history":[{"count":0,"href":"https:\/\/www.europesays.com\/es\/wp-json\/wp\/v2\/posts\/740336\/revisions"}],"wp:featuredmedia":[{"embeddable":true,"href":"https:\/\/www.europesays.com\/es\/wp-json\/wp\/v2\/media\/740337"}],"wp:attachment":[{"href":"https:\/\/www.europesays.com\/es\/wp-json\/wp\/v2\/media?parent=740336"}],"wp:term":[{"taxonomy":"category","embeddable":true,"href":"https:\/\/www.europesays.com\/es\/wp-json\/wp\/v2\/categories?post=740336"},{"taxonomy":"post_tag","embeddable":true,"href":"https:\/\/www.europesays.com\/es\/wp-json\/wp\/v2\/tags?post=740336"}],"curies":[{"name":"wp","href":"https:\/\/api.w.org\/{rel}","templated":true}]}}