{"id":740338,"date":"2026-08-31T13:47:17","date_gmt":"2026-08-31T13:47:17","guid":{"rendered":"https:\/\/www.europesays.com\/es\/740338\/"},"modified":"2026-08-31T13:47:17","modified_gmt":"2026-08-31T13:47:17","slug":"mercado-de-fichajes-hoy-en-directo-ultima-hora-de-fc-barcelona-real-madrid-y-todas-las-altas-y-bajas-de-las-grandes-ligas-26","status":"publish","type":"post","link":"https:\/\/www.europesays.com\/es\/740338\/","title":{"rendered":"Mercado de fichajes, hoy, en directo: \u00faltima hora de FC Barcelona, Real Madrid y todas las altas y bajas de las grandes ligas"},"content":{"rendered":"<p class=\"ft-text\"><strong>Bradley Barcola ya es nuevo jugador del Liverpool<\/strong>. El conjunto ingl\u00e9s ha anunciado al futbolista de 23 a\u00f1os. La operaci\u00f3n entre fijo y variables asciende a <strong>145 millones de euros<\/strong>, una cifra que convertir\u00eda su salida en la <strong>venta m\u00e1s cara de la historia del PSG<\/strong>.<\/p>\n<p class=\"ft-text\">El r\u00e9cord lo ten\u00eda hasta ahora <strong>Neymar<\/strong>, traspasado al Al Hilal por 90 millones de euros en 2023.<\/p>\n<p class=\"ft-text\">\u00abEs un gran orgullo poder jugar en el Liverpool. Estoy muy contento\u00bb, dijo el jugador en declaraciones oficiales al club.<strong> \u00abHa tardado mucho, pero hoy estoy muy contento de poder jugar en el Liverpool y lo \u00fanico que quiero es estar en el campo y poder jugar.\u00bb<\/strong><\/p>\n<p class=\"ft-text\">\u00abEspero lograr grandes cosas. En primer lugar, ganar la Premier League; es uno de los mayores sue\u00f1os de mi vida\u00bb, a\u00f1adi\u00f3. \u00abMi objetivo es lograrlo y permanecer en este equipo a largo plazo; por eso firm\u00e9 un contrato de larga duraci\u00f3n, y espero poder conseguirlo.\u00bb<\/p>\n<p><img decoding=\"async\" src=\"https:\/\/www.europesays.com\/es\/wp-content\/uploads\/2026\/08\/192a2ea7-8bd8-4fde-8ce0-ac9c55f9dc46_alta-libre-aspect-ratio_default_0_x600y225.jpg\" width=\"1200\" height=\"675\" alt=\"Barcola, al Liverpool\" class=\"ft-helper-img-rd\" loading=\"lazy\" fetchpriority=\"auto\"\/><\/p>\n<p class=\"ft-helper-fontColor-quaternary ft-helper-fontSize-body-S ft-helper-spacer-t-xxs\">Barcola, al Liverpool  \/ @LFC<\/p>\n","protected":false},"excerpt":{"rendered":"Bradley Barcola ya es nuevo jugador del Liverpool. El conjunto ingl\u00e9s ha anunciado al futbolista de 23 a\u00f1os.&hellip;\n","protected":false},"author":2,"featured_media":740339,"comment_status":"","ping_status":"","sticky":false,"template":"","format":"standard","meta":{"footnotes":""},"categories":[268],"tags":[168,2125,25,24,285,280,282,315,1239,9890,281,23,167,1885],"class_list":["post-740338","post","type-post","status-publish","format-standard","has-post-thumbnail","category-futbol","tag-deportes","tag-directo","tag-es","tag-espana","tag-fichajes","tag-football","tag-futbol","tag-hoy","tag-mercado","tag-mercado-fichajes","tag-soccer","tag-spain","tag-sports","tag-ultima"],"share_on_mastodon":{"url":"https:\/\/pubeurope.com\/@es\/117190437472133499","error":""},"_links":{"self":[{"href":"https:\/\/www.europesays.com\/es\/wp-json\/wp\/v2\/posts\/740338","targetHints":{"allow":["GET"]}}],"collection":[{"href":"https:\/\/www.europesays.com\/es\/wp-json\/wp\/v2\/posts"}],"about":[{"href":"https:\/\/www.europesays.com\/es\/wp-json\/wp\/v2\/types\/post"}],"author":[{"embeddable":true,"href":"https:\/\/www.europesays.com\/es\/wp-json\/wp\/v2\/users\/2"}],"replies":[{"embeddable":true,"href":"https:\/\/www.europesays.com\/es\/wp-json\/wp\/v2\/comments?post=740338"}],"version-history":[{"count":0,"href":"https:\/\/www.europesays.com\/es\/wp-json\/wp\/v2\/posts\/740338\/revisions"}],"wp:featuredmedia":[{"embeddable":true,"href":"https:\/\/www.europesays.com\/es\/wp-json\/wp\/v2\/media\/740339"}],"wp:attachment":[{"href":"https:\/\/www.europesays.com\/es\/wp-json\/wp\/v2\/media?parent=740338"}],"wp:term":[{"taxonomy":"category","embeddable":true,"href":"https:\/\/www.europesays.com\/es\/wp-json\/wp\/v2\/categories?post=740338"},{"taxonomy":"post_tag","embeddable":true,"href":"https:\/\/www.europesays.com\/es\/wp-json\/wp\/v2\/tags?post=740338"}],"curies":[{"name":"wp","href":"https:\/\/api.w.org\/{rel}","templated":true}]}}