{"id":740342,"date":"2026-08-31T13:51:12","date_gmt":"2026-08-31T13:51:12","guid":{"rendered":"https:\/\/www.europesays.com\/es\/740342\/"},"modified":"2026-08-31T13:51:12","modified_gmt":"2026-08-31T13:51:12","slug":"antena-3-pone-fecha-al-final-de-una-nueva-vida-y-confirma-que-serie-turca-cogera-su-relevo-en-la-parrilla","status":"publish","type":"post","link":"https:\/\/www.europesays.com\/es\/740342\/","title":{"rendered":"Antena 3 pone fecha al final de &#8216;Una nueva vida&#8217; y confirma qu\u00e9 serie turca coger\u00e1 su relevo en la parrilla"},"content":{"rendered":"<p class=\"article-text\">\n        <strong>Antena 3 <\/strong>anunciado cu\u00e1ndo emitir\u00e1 el \u00faltimo cap\u00edtulo de <strong>Una nueva vida<\/strong> y cu\u00e1ndo emitir\u00e1 el \u00faltimo de <strong>El Secreto<\/strong>, su sustituta en el prime time. Adem\u00e1s, tambi\u00e9n ha comunicado cu\u00e1ndo se producir\u00e1 el relevo entre ambas, pues tambi\u00e9n va a seguir con ellas la estrategia que lleva a\u00f1os aplicando a sus series otomanas. Es decir, estrenar una y hacer que comparta una noche con la producci\u00f3n a la que va a sustituir.\n    <\/p>\n<p>    <a href=\"https:\/\/www.eldiario.es\/vertele\/noticias\/antena-3-presenta-la-mesa-cristina-pardo-anuncia-primeros-invitados-dardo-iker-jimenez_1_13476539.html\" data-mrf-recirculation=\"saber-mas\" data-dl-event=\"saber-mas\" rel=\"nofollow noopener\" target=\"_blank\"><\/p>\n<p class=\"know-more__title\">Antena 3 presenta &#8216;La Mesa&#8217; de Cristina Pardo y anuncia a sus dos primeros invitados tras un &#8216;dardo&#8217; a Iker Jim\u00e9nez<\/p>\n<p>            <img decoding=\"async\" class=\"lazy\" loading=\"lazy\" data-src=\"https:\/\/static.eldiario.es\/clip\/41f28284-a7af-47a1-be5b-13ead5848563_16-9-aspect-ratio_default_0.jpg\" src=\"data:image\/svg+xml,%3Csvg xmlns=\" http:=\"\" viewbox=\"0 0 880 495\" alt=\"Antena 3 presenta 'La Mesa' de Cristina Pardo y anuncia a sus dos primeros invitados tras un 'dardo' a Iker Jim\u00e9nez\"\/><\/p>\n<p>                        <\/a><\/p>\n<p class=\"article-text\">\n        En este sentido, el canal de Atresmedia va a estrenar El Secreto el <strong>domingo 6 de septiembre a las 22:00 horas<\/strong>, y justo despu\u00e9s emitir\u00e1 la primera parte del cap\u00edtulo final de Una nueva vida. La segunda y definitiva mitad se podr\u00e1 ver <strong>el domingo 13<\/strong>, y a partir del domingo 20 se espera que El secreto vuele en solitario en el prime time dominical.\n    <\/p>\n<p class=\"article-text\">\n        As\u00ed ser\u00e1 el relevo de &#8216;Una nueva vida&#8217; y &#8216;El secreto&#8217; en Antena 3:\n    <\/p>\n<ul>\n<li>Domingo 6: El Secreto (estreno; 22h) &#8211; 1\u00aa parte final Una nueva vida<\/li>\n<li>Domingo 13: 2\u00aa cap\u00edtulo de El Secreto &#8211; Final Una nueva vida<\/li>\n<li>Domingo 20: Tercer cap\u00edtulo de El Secreto, que cubrir\u00e1 toda la noche<\/li>\n<\/ul>\n<p>    As\u00ed es &#8216;El Secreto&#8217;, la nueva serie turca de Antena 3<\/p>\n<p class=\"article-text\">\n        Protagonizada por Murat Y\u0131ld\u0131r\u0131m y Cemre Baysel, El Secreto llega a Espa\u00f1a despu\u00e9s de estrenarse en Turqu\u00eda, bajo el t\u00edtulo original de G\u00fcller ve G\u00fcnahlar (Rosas y pecados), en oto\u00f1o de 2025. Su primera temporada se emiti\u00f3 en Kanal D y <strong>la producci\u00f3n ya ha puesto en marcha una segunda tanda de episodios<\/strong>. El reparto incluye tambi\u00e9n a Gizem Sevim, Aleyna Solaker, Oya Unustasi, Serdar Or\u00e7in, G\u00fclenay Kalkan, Ahmet Sara\u00e7oglu, Kaan \u00c7askir, Emel \u00c7\u00f6ge\u00e7en y Serdar \u00d6zer.\n    <\/p>\n<p class=\"article-text\">\n        La historia comienza cuando Serhat (Murat Yildirim) descubre que su esposa, Berrak, llevaba a\u00f1os ocult\u00e1ndole un secreto que altera la imagen que ten\u00eda de su familia. Seis a\u00f1os atr\u00e1s, <strong>la mujer tuvo una hija, Kader, fruto de una relaci\u00f3n extramatrimonial, y la dio en adopci\u00f3n.<\/strong> Pero Berrak sufre un grave accidente y queda en coma antes de que su marido pueda obtener las respuestas que necesita sobre la ni\u00f1a y sobre el hombre con el que ella le fue infiel.\n    <\/p>\n<p class=\"article-text\">\n        En ese escenario aparece Zeynep (Cemre Baysel), una joven que trabaja junto a su madre vendiendo rosas en un mercado y que se encuentra casualmente con Kader. <strong>La peque\u00f1a vive una situaci\u00f3n de maltrato en su hogar adoptivo, por lo que Zeynep decide intervenir para ayudarla.<\/strong> Su encuentro con la ni\u00f1a terminar\u00e1 acerc\u00e1ndola tambi\u00e9n a Serhat, cuya vida ha quedado trastocada por las revelaciones sobre su esposa.\n    <\/p>\n<p class=\"article-text\">\n        <strong>La relaci\u00f3n entre ambos se convertir\u00e1 en otro de los ejes de la ficci\u00f3n<\/strong>. Serhat, un empresario del sector tur\u00edstico profundamente marcado por la traici\u00f3n de Berrak, se cierra inicialmente a volver a confiar o enamorarse. La llegada de Zeynep pondr\u00e1 a prueba esa determinaci\u00f3n mientras \u00e9l intenta reconstruir qu\u00e9 ocurri\u00f3 realmente en su familia y encontrar las respuestas que su esposa, todav\u00eda inconsciente, no puede proporcionarle.\n    <\/p>\n<p>    &#8216;Una nueva vida&#8217; se despedir\u00e1 el 13 de septiembre<\/p>\n<p class=\"article-text\">\n        El estreno de El secreto coincide con la recta final de Una nueva vida, que <strong>concluir\u00e1 el domingo 13 de septiembre despu\u00e9s de m\u00e1s de 100 episodios<\/strong>. La serie protagonizada por Afra Sara\u00e7o\u011flu y Mert Ramazan Demir lleg\u00f3 a las noches dominicales de Antena 3 en septiembre de 2024 y ha promediado en todo este tiempo<strong> un 10,4% de cuota de pantalla.<\/strong>\n    <\/p>\n<p class=\"article-text\">\n        La ficci\u00f3n protagonizada por Ferit y Seyran encara sus dos \u00faltimas emisiones con los Korhan todav\u00eda inmersos en las consecuencias del secuestro de Duru. La peque\u00f1a ha sido encontrada con vida despu\u00e9s de que la polic\u00eda registrara la casa de Tarik, mientras que Seyran tambi\u00e9n ha conseguido localizar y salvar a Ferit.\n    <\/p>\n<p>    <a href=\"https:\/\/www.eldiario.es\/vertele\/analisis\/nuestros-7-deseos-temporada-2026-2027-tv-adelanto-prime-time-claves-ganar-audiencia_1_13470322.html\" data-mrf-recirculation=\"saber-mas-abajo\" data-dl-event=\"saber-mas-abajo\" rel=\"nofollow noopener\" target=\"_blank\"><\/p>\n<p class=\"know-more__title\">Nuestros 7 deseos para la temporada 2026-2027 en TV: del adelanto del prime time a otras claves para ganar audiencia\n<\/p>\n<p>            <img decoding=\"async\" class=\"lazy\" loading=\"lazy\" data-src=\"https:\/\/static.eldiario.es\/clip\/8ad776eb-fe09-4bf7-ae95-98b17703a888_16-9-aspect-ratio_default_0.jpg\" src=\"data:image\/svg+xml,%3Csvg xmlns=\" http:=\"\" viewbox=\"0 0 880 495\" alt=\"Nuestros 7 deseos para la temporada 2026-2027 en TV: del adelanto del prime time a otras claves para ganar audiencia\"\/><\/p>\n<p>                        <\/a><\/p>\n<p class=\"article-text\">\n        Para su cap\u00edtulo definitivo, Una nueva vida <strong>recuperar\u00e1 algunos de los momentos atravesados por Ferit, Seyran <\/strong>y el resto de los Korhan, desde sus etapas m\u00e1s felices hasta las dificultades que han superado. La despedida reservar\u00e1 adem\u00e1s una \u00faltima sorpresa feliz con la que pondr\u00e1 el broche a su historia antes de ceder definitivamente las noches de los domingos a El Secreto.\n    <\/p>\n","protected":false},"excerpt":{"rendered":"Antena 3 anunciado cu\u00e1ndo emitir\u00e1 el \u00faltimo cap\u00edtulo de Una nueva vida y cu\u00e1ndo emitir\u00e1 el \u00faltimo de&hellip;\n","protected":false},"author":2,"featured_media":740343,"comment_status":"","ping_status":"","sticky":false,"template":"","format":"standard","meta":{"footnotes":""},"categories":[171],"tags":[1554,9692,146,147,25,24,795,39432,156,23,4350,52883,214,2606,118621],"class_list":["post-740342","post","type-post","status-publish","format-standard","has-post-thumbnail","category-tv","tag-1554","tag-antena","tag-entertainment","tag-entretenimiento","tag-es","tag-espana","tag-nueva","tag-relevo","tag-serie","tag-spain","tag-toma","tag-turca","tag-tv","tag-vida","tag-vt"],"share_on_mastodon":{"url":"https:\/\/pubeurope.com\/@es\/117190452055471211","error":""},"_links":{"self":[{"href":"https:\/\/www.europesays.com\/es\/wp-json\/wp\/v2\/posts\/740342","targetHints":{"allow":["GET"]}}],"collection":[{"href":"https:\/\/www.europesays.com\/es\/wp-json\/wp\/v2\/posts"}],"about":[{"href":"https:\/\/www.europesays.com\/es\/wp-json\/wp\/v2\/types\/post"}],"author":[{"embeddable":true,"href":"https:\/\/www.europesays.com\/es\/wp-json\/wp\/v2\/users\/2"}],"replies":[{"embeddable":true,"href":"https:\/\/www.europesays.com\/es\/wp-json\/wp\/v2\/comments?post=740342"}],"version-history":[{"count":0,"href":"https:\/\/www.europesays.com\/es\/wp-json\/wp\/v2\/posts\/740342\/revisions"}],"wp:featuredmedia":[{"embeddable":true,"href":"https:\/\/www.europesays.com\/es\/wp-json\/wp\/v2\/media\/740343"}],"wp:attachment":[{"href":"https:\/\/www.europesays.com\/es\/wp-json\/wp\/v2\/media?parent=740342"}],"wp:term":[{"taxonomy":"category","embeddable":true,"href":"https:\/\/www.europesays.com\/es\/wp-json\/wp\/v2\/categories?post=740342"},{"taxonomy":"post_tag","embeddable":true,"href":"https:\/\/www.europesays.com\/es\/wp-json\/wp\/v2\/tags?post=740342"}],"curies":[{"name":"wp","href":"https:\/\/api.w.org\/{rel}","templated":true}]}}