{"id":740350,"date":"2026-08-31T13:55:17","date_gmt":"2026-08-31T13:55:17","guid":{"rendered":"https:\/\/www.europesays.com\/es\/740350\/"},"modified":"2026-08-31T13:55:17","modified_gmt":"2026-08-31T13:55:17","slug":"vinculan-el-tratamiento-precoz-con-estatinas-a-un-menor-riesgo-de-demencia-en-diabetes-tipo-2","status":"publish","type":"post","link":"https:\/\/www.europesays.com\/es\/740350\/","title":{"rendered":"Vinculan el tratamiento precoz con estatinas a un menor riesgo de demencia en diabetes tipo 2"},"content":{"rendered":"<p class=\"mostrar_fragmento\">El inicio temprano de estatinas despu\u00e9s del diagn\u00f3stico de diabetes tipo 2 se asocia con un menor riesgo de demencia, seg\u00fan un estudio realizado por expertos del Hospital Universitario de Copenhague (Dinamarca), presentado en el Congreso ESC 2026 (M\u00fanich, Alemania) y publicado en The Lancet Regional Health \u2013 Europe. Se &#8230;            &#13;\n        <\/p>\n<p> &#13;<br \/>\n&#13;<br \/>\n&#13;<\/p>\n<p>El inicio temprano de <strong>estatinas<\/strong> despu\u00e9s del diagn\u00f3stico de <strong>diabetes tipo 2<\/strong> se asocia con un menor riesgo de demencia, seg\u00fan un estudio realizado por expertos del Hospital Universitario de Copenhague (Dinamarca), presentado en el <strong>Congreso ESC 2026<\/strong> (M\u00fanich, Alemania) y publicado en The Lancet Regional Health \u2013 Europe. Se prev\u00e9 que la carga de la demencia aumente con el envejecimiento de la poblaci\u00f3n. Ante la falta de tratamientos eficaces, la prevenci\u00f3n es una prioridad urgente. Seg\u00fan la Comisi\u00f3n de The Lancet, casi la mitad de los casos de demencia podr\u00edan prevenirse te\u00f3ricamente eliminando 14 factores de riesgo.<\/p>\n<p>\u00abDetectar y tratar los niveles elevados de colesterol de lipoprote\u00ednas de baja densidad (LDL-C) desde la mediana edad es uno de esos factores de riesgo destacados\u00bb, explica el doctor <strong>Tummas Ternhamar<\/strong>, del Hospital Universitario de Copenhague (Dinamarca). El experto se\u00f1ala que esto podr\u00eda ser particularmente importante en pacientes con diabetes tipo 2, ya que los niveles elevados de LDL-C son frecuentes en estas personas y la diabetes es un factor de riesgo destacado para el deterioro cognitivo y la demencia.<\/p>\n<p>\u00abPlanteamos la hip\u00f3tesis de que el inicio temprano del tratamiento con estatinas para reducir el colesterol LDL tras el diagn\u00f3stico de diabetes tipo 2 podr\u00eda estar asociado con un menor riesgo de demencia\u00bb, aporta el doctor Ternhamar. \u00abY lo comprobamos en un amplio estudio a nivel nacional utilizando m\u00e9todos de an\u00e1lisis que simulan un ensayo aleatorizado y reducen algunos de los sesgos asociados con los estudios observacionales\u00bb, se\u00f1ala.<\/p>\n<p><strong>El momento de iniciar las estatinas tambi\u00e9n importa<\/strong><\/p>\n<p> &#13;<br \/>\n&#13;<\/p>\n<p>A partir de los registros daneses, se identificaron 132.585 personas sin tratamiento previo con estatinas que desarrollaron diabetes tipo 2 entre 2006 y 2019, con seguimiento hasta finales de 2021. Se revisaron los historiales m\u00e9dicos en busca de diagn\u00f3sticos de demencia de cualquier causa. Se utiliz\u00f3 un <strong>dise\u00f1o de ponderaci\u00f3n por censura clonal<\/strong> para analizar la incidencia de demencia en pacientes que no iniciaron tratamiento con estatinas en los cinco a\u00f1os posteriores al diagn\u00f3stico, en aquellos que lo iniciaron precozmente en el primer a\u00f1o y en aquellos que lo iniciaron tard\u00edamente entre uno y cinco a\u00f1os despu\u00e9s del diagn\u00f3stico.<\/p>\n<p>Durante un seguimiento medio de 7,1 a\u00f1os, el 2,7% de los pacientes desarroll\u00f3 demencia. En comparaci\u00f3n con no iniciar el tratamiento con estatinas, el inicio temprano del tratamiento se asoci\u00f3 con<strong> un riesgo relativo de demencia un 15% menor a lo largo de 10 a\u00f1os<\/strong>. El inicio tard\u00edo del tratamiento con estatinas se asoci\u00f3 con un riesgo relativo de demencia un 10% menor a lo largo de 10 a\u00f1os. Los resultados fueron similares en mujeres y hombres.<\/p>\n<p>El doctor Ternhamar concluye: \u00abEn personas que desarrollan diabetes tipo 2, las estatinas se asociaron con un menor riesgo de demencia, especialmente en quienes iniciaron el tratamiento precozmente. Las estatinas parecen estar infrautilizadas en pacientes con diabetes tipo 2, a pesar de sus efectos protectores contra las enfermedades cardiovasculares. Nuestros hallazgos sugieren otra raz\u00f3n potencialmente importante para garantizar que los pacientes con diabetes tipo 2 y niveles elevados de colesterol LDL reciban tratamiento con estatinas de forma oportuna\u00bb.<\/p>\n<p>&#13;<br \/>\n            SEGUIR LEYENDO&#13;\n        <\/p>\n","protected":false},"excerpt":{"rendered":"El inicio temprano de estatinas despu\u00e9s del diagn\u00f3stico de diabetes tipo 2 se asocia con un menor riesgo&hellip;\n","protected":false},"author":2,"featured_media":740351,"comment_status":"","ping_status":"","sticky":false,"template":"","format":"standard","meta":{"footnotes":""},"categories":[92],"tags":[1611,988,6766,7423,1289,4807,7291,25,24,50573,1292,165,21861,2126,19296,3477,7292,977,33362,109751,1288,166,23,6593,1064,10882],"class_list":["post-740350","post","type-post","status-publish","format-standard","has-post-thumbnail","category-salud","tag-ano","tag-anos","tag-asocia","tag-danes","tag-demencia","tag-diabetes","tag-diagnostico","tag-es","tag-espana","tag-estatinas","tag-estudio","tag-health","tag-iniciar","tag-menor","tag-observa","tag-personas","tag-precoz","tag-primer","tag-reduccion","tag-relativo","tag-riesgo","tag-salud","tag-spain","tag-tipo","tag-tratamiento","tag-vinculan"],"share_on_mastodon":{"url":"https:\/\/pubeurope.com\/@es\/117190467483741721","error":""},"_links":{"self":[{"href":"https:\/\/www.europesays.com\/es\/wp-json\/wp\/v2\/posts\/740350","targetHints":{"allow":["GET"]}}],"collection":[{"href":"https:\/\/www.europesays.com\/es\/wp-json\/wp\/v2\/posts"}],"about":[{"href":"https:\/\/www.europesays.com\/es\/wp-json\/wp\/v2\/types\/post"}],"author":[{"embeddable":true,"href":"https:\/\/www.europesays.com\/es\/wp-json\/wp\/v2\/users\/2"}],"replies":[{"embeddable":true,"href":"https:\/\/www.europesays.com\/es\/wp-json\/wp\/v2\/comments?post=740350"}],"version-history":[{"count":0,"href":"https:\/\/www.europesays.com\/es\/wp-json\/wp\/v2\/posts\/740350\/revisions"}],"wp:featuredmedia":[{"embeddable":true,"href":"https:\/\/www.europesays.com\/es\/wp-json\/wp\/v2\/media\/740351"}],"wp:attachment":[{"href":"https:\/\/www.europesays.com\/es\/wp-json\/wp\/v2\/media?parent=740350"}],"wp:term":[{"taxonomy":"category","embeddable":true,"href":"https:\/\/www.europesays.com\/es\/wp-json\/wp\/v2\/categories?post=740350"},{"taxonomy":"post_tag","embeddable":true,"href":"https:\/\/www.europesays.com\/es\/wp-json\/wp\/v2\/tags?post=740350"}],"curies":[{"name":"wp","href":"https:\/\/api.w.org\/{rel}","templated":true}]}}