{"id":740382,"date":"2026-08-31T14:20:21","date_gmt":"2026-08-31T14:20:21","guid":{"rendered":"https:\/\/www.europesays.com\/es\/740382\/"},"modified":"2026-08-31T14:20:21","modified_gmt":"2026-08-31T14:20:21","slug":"rumor-apunta-a-nintendo-direct-para-la-proxima-semana","status":"publish","type":"post","link":"https:\/\/www.europesays.com\/es\/740382\/","title":{"rendered":"Rumor apunta a Nintendo Direct para la pr\u00f3xima semana"},"content":{"rendered":"<p>                Hace <strong>2 horas<\/strong>            <\/p>\n<p>                    Actualizado hace <strong>2 horas<\/strong>                <\/p>\n<p>\u00a1Parece que ya suenan rumores de un nuevo Nintendo Direct!\u00a0Tras el\u00a0<a href=\"https:\/\/www.nintenderos.com\/2026\/01\/el-recuento-de-nintendo-directs-y-otras-presentaciones-de-2025-nos-deja-un-detalle-interesante\/\" rel=\"nofollow noopener\" target=\"_blank\">recuento de las presentaciones en 2025<\/a>, ahora tenemos reste nuevo reporte:<\/p>\n<p>Rumor: \u00bfNintendo Direct el 10 de septiembre?<\/p>\n<ul data-start=\"50\" data-end=\"963\" data-is-last-node=\"\" data-is-only-node=\"\">\n<li data-section-id=\"1jcgbgt\" data-start=\"50\" data-end=\"155\"><strong data-start=\"52\" data-end=\"70\">Posible fecha:<\/strong> El pr\u00f3ximo Direct podr\u00eda celebrarse el <strong data-start=\"119\" data-end=\"154\" data-is-only-node=\"\">jueves 10 de septiembre de 2026<\/strong>.<\/li>\n<li data-section-id=\"1f6xutn\" data-start=\"156\" data-end=\"355\"><strong data-start=\"158\" data-end=\"175\">Switch Force:<\/strong> Durante su \u00faltimo podcast, el medio coment\u00f3 que el Direct podr\u00eda tener lugar ese d\u00eda, aunque <strong data-start=\"269\" data-end=\"354\" data-is-only-node=\"\">no aclar\u00f3 si se trataba de una predicci\u00f3n o de informaci\u00f3n recibida de una fuente<\/strong>.<\/li>\n<li data-section-id=\"1a3ijs0\" data-start=\"356\" data-end=\"473\"><strong data-start=\"358\" data-end=\"377\">Nintendo Prime:<\/strong> Tambi\u00e9n ha se\u00f1alado el <strong data-start=\"401\" data-end=\"421\" data-is-only-node=\"\">10 de septiembre<\/strong> como posible fecha para el pr\u00f3ximo Direct.<\/li>\n<li data-section-id=\"1kkm99i\" data-start=\"474\" data-end=\"627\"><strong data-start=\"476\" data-end=\"491\">Just Dance:<\/strong> La cuenta oficial de Just Dance anunci\u00f3 que el nuevo episodio de la saga ser\u00e1 presentado oficialmente el <strong data-start=\"599\" data-end=\"626\">jueves 10 de septiembre<\/strong>.<\/li>\n<li data-section-id=\"u1uovq\" data-start=\"628\" data-end=\"817\"><strong data-start=\"630\" data-end=\"648\">Posible pista:<\/strong> Los nuevos Just Dance suelen presentarse durante eventos como <strong data-start=\"713\" data-end=\"732\">Nintendo Direct<\/strong> o <strong data-start=\"735\" data-end=\"754\">Ubisoft Forward<\/strong>, aunque este \u00faltimo formato se encuentra actualmente detenido.<\/li>\n<\/ul>\n<p>Por ahora, <strong data-start=\"846\" data-end=\"914\" data-is-only-node=\"\">Nintendo no ha confirmado ning\u00fan Direct para el 10 de septiembre<\/strong>, por lo que la fecha debe considerarse un rumor.<\/p>\n<p>\u00bfQu\u00e9 os ha parecido esta informaci\u00f3n? Pod\u00e9is compartirlo en los comentarios abajo.<\/p>\n<p>            <a class=\"c-post-inline-related__card\" href=\"https:\/\/www.nintenderos.com\/2026\/08\/los-rumores-de-que-sony-cambiara-su-estrategia-con-el-formato-fisico-en-playstation-serian-falsos-segun-nate-the-hate\/\" rel=\"related nofollow noopener\" target=\"_blank\"><\/p>\n<p>                <img decoding=\"async\" class=\"c-post-inline-related__thumb-img\" loading=\"lazy\" width=\"100\" height=\"100\" src=\"https:\/\/www.europesays.com\/es\/wp-content\/uploads\/2026\/08\/image-2026-07-11T112736.702-Cropped-160x160.jpg\" alt=\"Los rumores de que Sony cambiar\u00e1 su estrategia con el formato f\u00edsico en PlayStation ser\u00edan falsos, seg\u00fan Nate The Hate\"\/><\/p>\n<p>            Los rumores de que Sony cambiar\u00e1 su estrategia con el formato f\u00edsico en PlayStation ser\u00edan falsos, seg\u00fan Nate The Hate<br \/>\n        <\/a><br \/>\n            <a class=\"c-post-inline-related__card\" href=\"https:\/\/www.nintenderos.com\/nintendo-switch-2\/el-criptico-mensaje-de-zelda-no-significa-que-el-remake-de-ocarina-of-time-vaya-a-ser-11\/\" rel=\"related nofollow noopener\" target=\"_blank\"><\/p>\n<p>                <img decoding=\"async\" class=\"c-post-inline-related__thumb-img\" loading=\"lazy\" width=\"100\" height=\"100\" src=\"https:\/\/www.europesays.com\/es\/wp-content\/uploads\/2026\/08\/1788186020_813_Zelda.-Ocarina-of-Time-Cropped-160x160.jpg\" alt=\"El cr\u00edptico mensaje de Zelda no significa que el remake de Ocarina of Time vaya a ser 1:1\"\/><\/p>\n<p>            El cr\u00edptico mensaje de Zelda no significa que el remake de Ocarina of Time vaya a ser 1:1<br \/>\n        <\/a><\/p>\n<p><a class=\"external\" href=\"https:\/\/x.com\/astrogo360\/status\/2094394785352024308\" rel=\"nofollow\">Fuente<\/a>.<\/p>\n<p class=\"c-gfollow-inline__title\">M\u00e1rcanos como fuente en Google<\/p>\n<p class=\"c-gfollow-inline__sub\">Ent\u00e9rate de las \u00faltimas noticias y ofertas de Nintendo antes que nadie<\/p>\n<p>        S\u00edguenos en Google<\/p>\n<p>    <a class=\"c-post-author__avatar\" href=\"https:\/\/www.nintenderos.com\/author\/albertomilln\/\" rel=\"nofollow noopener\" target=\"_blank\"><br \/>\n        <img loading=\"lazy\" alt=\"\" src=\"https:\/\/www.europesays.com\/es\/wp-content\/uploads\/2026\/08\/1788186021_218_614af94849378-bpfull.png\"  class=\"avatar avatar-96 photo c-post-author__avatar-img\" height=\"96\" width=\"96\" decoding=\"async\"\/>    <\/a><\/p>\n<p>            <a href=\"https:\/\/www.nintenderos.com\/author\/albertomilln\/\" rel=\"nofollow noopener\" target=\"_blank\">Alberto Mill\u00e1n<\/a><\/p>\n<p class=\"c-post-author__charge\">Director<\/p>\n<p class=\"c-post-author__bio\">A\u00fan jugando a Breath of the Wild. Puedes seguirme en Twitter o Instagram en los iconos de arriba.<\/p>\n","protected":false},"excerpt":{"rendered":"Hace 2 horas Actualizado hace 2 horas \u00a1Parece que ya suenan rumores de un nuevo Nintendo Direct!\u00a0Tras el\u00a0recuento&hellip;\n","protected":false},"author":2,"featured_media":740383,"comment_status":"","ping_status":"","sticky":false,"template":"","format":"standard","meta":{"footnotes":""},"categories":[81],"tags":[119,123,124,25,24,1151,3091,145,117,121,122,23,118,120],"class_list":["post-740382","post","type-post","status-publish","format-standard","has-post-thumbnail","category-ciencia-y-tecnologia","tag-ciencia","tag-ciencia-y-tecnologia","tag-cienciaytecnologia","tag-es","tag-espana","tag-fecha","tag-nintendo-direct","tag-rumor","tag-science","tag-science-and-technology","tag-scienceandtechnology","tag-spain","tag-technology","tag-tecnologia"],"share_on_mastodon":{"url":"https:\/\/pubeurope.com\/@es\/117190567931487989","error":""},"_links":{"self":[{"href":"https:\/\/www.europesays.com\/es\/wp-json\/wp\/v2\/posts\/740382","targetHints":{"allow":["GET"]}}],"collection":[{"href":"https:\/\/www.europesays.com\/es\/wp-json\/wp\/v2\/posts"}],"about":[{"href":"https:\/\/www.europesays.com\/es\/wp-json\/wp\/v2\/types\/post"}],"author":[{"embeddable":true,"href":"https:\/\/www.europesays.com\/es\/wp-json\/wp\/v2\/users\/2"}],"replies":[{"embeddable":true,"href":"https:\/\/www.europesays.com\/es\/wp-json\/wp\/v2\/comments?post=740382"}],"version-history":[{"count":0,"href":"https:\/\/www.europesays.com\/es\/wp-json\/wp\/v2\/posts\/740382\/revisions"}],"wp:featuredmedia":[{"embeddable":true,"href":"https:\/\/www.europesays.com\/es\/wp-json\/wp\/v2\/media\/740383"}],"wp:attachment":[{"href":"https:\/\/www.europesays.com\/es\/wp-json\/wp\/v2\/media?parent=740382"}],"wp:term":[{"taxonomy":"category","embeddable":true,"href":"https:\/\/www.europesays.com\/es\/wp-json\/wp\/v2\/categories?post=740382"},{"taxonomy":"post_tag","embeddable":true,"href":"https:\/\/www.europesays.com\/es\/wp-json\/wp\/v2\/tags?post=740382"}],"curies":[{"name":"wp","href":"https:\/\/api.w.org\/{rel}","templated":true}]}}