{"id":740400,"date":"2026-08-31T14:34:20","date_gmt":"2026-08-31T14:34:20","guid":{"rendered":"https:\/\/www.europesays.com\/es\/740400\/"},"modified":"2026-08-31T14:34:20","modified_gmt":"2026-08-31T14:34:20","slug":"adela-gonzalez-y-su-teoria-del-tiempo-los-minutos-tienen-mas-segundos-en-verano","status":"publish","type":"post","link":"https:\/\/www.europesays.com\/es\/740400\/","title":{"rendered":"Adela Gonz\u00e1lez y su teor\u00eda del tiempo: \u00abLos minutos tienen m\u00e1s segundos en verano\u00bb"},"content":{"rendered":"<p class=\"v-d-p\" style=\"\">La presentadora de televisi\u00f3n <a href=\"https:\/\/www.diariovasco.com\/temas\/personajes\/adela-gonzalez.html\" target=\"_blank\" title=\"\" data-voc-vtm-id=\"in-text-traffic\" data-mrf-link=\"www.diariovasco.com\" rel=\"nofollow noopener\">Adela Gonz\u00e1lez<\/a> ha compartido una teor\u00eda en sus redes sociales: \u00abLos minutos tienen m\u00e1s segundos en verano\u00bb. Y, para demostrarlo, ha abierto su \u00e1lbum privado de las semanas de est\u00edo. Seg\u00fan se puede ver en las fotos, la periodista guipuzcoana realiz\u00f3 un intenso recorrido por algunos de los parajes m\u00e1s id\u00edlicos de la Costa Brava, donde tuvo tiempo para reflexionar sobre el disfrute.<\/p>\n<p class=\"v-d-p\" style=\"\">Las espectaculares instant\u00e1neas muestran a Gonz\u00e1lez en rincones como la cala de Sa Tuna -rodeada de pinos y caracterizada por sus aguas cristalinas- o localidades como Peratallada y Pals, donde se la puede ver pasear bajo imponentes arcos de piedra y fachadas completamente cubiertas de hiedra verde. Tampoco falta la nota cultural. Visit\u00f3 el Teatro-Museo Dal\u00ed en Figueres, lugar en el que la presentadora de &#8216;Ma\u00f1aneros 360&#8217; pos\u00f3 ante la inconfundible torre roja coronada por huevos gigantes.<\/p>\n<p>\nGafas de eclipse y un reto cient\u00edfico: \u00abintentando ver la corona\u00bb\n<\/p>\n<p class=\"v-d-p\" style=\"\">Si algo ha caracterizado este verano es el eclipse solar total que pudo verse el 12 de agosto en Espa\u00f1a. Y Adela Gonz\u00e1lez fue una m\u00e1s de los millones de personas que vivieron este evento astron\u00f3mico con gran expectaci\u00f3n. Equipada con unas gafas especiales homologadas para la observaci\u00f3n solar y un tel\u00e9fono m\u00f3vil colocado con mimo en un tr\u00edpode para capturar el instante exacto, la presentadora vivi\u00f3 el fen\u00f3meno rodeada de los suyos en Lerma (Burgos).<\/p>\n<p>\nPor primera vez\n<\/p>\n<p class=\"v-d-p\" style=\"\">Claro que no solo lo extraordinario estira el tiempo. Hay algo que logra congelar los minutos y anclarlos a la memoria para siempre: las primeras veces. Y para la presentadora, colocarse a la espalda una bombona de ox\u00edgeno para \u00abexplorar por primera vez las profundidades del Mediterr\u00e1neo\u00bb, lo fue. De ah\u00ed, que en el balance del verano de 2026 que realiza en redes sociales, Adela Gonz\u00e1lez insista en su tesis: \u00abLos minutos de verano que saben a sal y a besos tienen m\u00e1s segundos\u00bb.<\/p>\n","protected":false},"excerpt":{"rendered":"La presentadora de televisi\u00f3n Adela Gonz\u00e1lez ha compartido una teor\u00eda en sus redes sociales: \u00abLos minutos tienen m\u00e1s&hellip;\n","protected":false},"author":2,"featured_media":740401,"comment_status":"","ping_status":"","sticky":false,"template":"","format":"standard","meta":{"footnotes":""},"categories":[174],"tags":[43515,255,146,147,25,24,256,5976,1264,16247,23,38149,159,1793],"class_list":["post-740400","post","type-post","status-publish","format-standard","has-post-thumbnail","category-famosos","tag-adela","tag-celebrities","tag-entertainment","tag-entretenimiento","tag-es","tag-espana","tag-famosos","tag-gonzalez","tag-minutos","tag-segundos","tag-spain","tag-teoria","tag-tiempo","tag-verano"],"share_on_mastodon":{"url":"https:\/\/pubeurope.com\/@es\/117190621040995544","error":""},"_links":{"self":[{"href":"https:\/\/www.europesays.com\/es\/wp-json\/wp\/v2\/posts\/740400","targetHints":{"allow":["GET"]}}],"collection":[{"href":"https:\/\/www.europesays.com\/es\/wp-json\/wp\/v2\/posts"}],"about":[{"href":"https:\/\/www.europesays.com\/es\/wp-json\/wp\/v2\/types\/post"}],"author":[{"embeddable":true,"href":"https:\/\/www.europesays.com\/es\/wp-json\/wp\/v2\/users\/2"}],"replies":[{"embeddable":true,"href":"https:\/\/www.europesays.com\/es\/wp-json\/wp\/v2\/comments?post=740400"}],"version-history":[{"count":0,"href":"https:\/\/www.europesays.com\/es\/wp-json\/wp\/v2\/posts\/740400\/revisions"}],"wp:featuredmedia":[{"embeddable":true,"href":"https:\/\/www.europesays.com\/es\/wp-json\/wp\/v2\/media\/740401"}],"wp:attachment":[{"href":"https:\/\/www.europesays.com\/es\/wp-json\/wp\/v2\/media?parent=740400"}],"wp:term":[{"taxonomy":"category","embeddable":true,"href":"https:\/\/www.europesays.com\/es\/wp-json\/wp\/v2\/categories?post=740400"},{"taxonomy":"post_tag","embeddable":true,"href":"https:\/\/www.europesays.com\/es\/wp-json\/wp\/v2\/tags?post=740400"}],"curies":[{"name":"wp","href":"https:\/\/api.w.org\/{rel}","templated":true}]}}