{"id":740414,"date":"2026-08-31T14:43:14","date_gmt":"2026-08-31T14:43:14","guid":{"rendered":"https:\/\/www.europesays.com\/es\/740414\/"},"modified":"2026-08-31T14:43:14","modified_gmt":"2026-08-31T14:43:14","slug":"project-helix-no-solo-sera-la-consola-de-proxima-generacion-de-xbox-sino-que-engloba-una-gran-familia-de-dispositivos-2","status":"publish","type":"post","link":"https:\/\/www.europesays.com\/es\/740414\/","title":{"rendered":"Project Helix no solo ser\u00e1 la consola de pr\u00f3xima generaci\u00f3n de Xbox sino que engloba una \u00abgran familia de dispositivos\u00bb"},"content":{"rendered":"<p>La directora ejecutiva de <strong>Xbox<\/strong>, Asha Sharma, se ha referido a <strong>Project Helix<\/strong> como <strong>\u00abuna gran familia de dispositivos\u00bb,<\/strong> por lo que, adem\u00e1s de su consola de pr\u00f3xima generaci\u00f3n, se espera que incluya m\u00e1s novedades de &#8216;hardware&#8217;.<\/p>\n<p>Project Helix se dio a conocer por primera vez en marzo, apenas unas semanas despu\u00e9s de que Sharma cogiese el testigo como CEO de Microsoft Gaming en sustituci\u00f3n de Phil Spencer. En ese momento, adelant\u00f3 que la <strong>consola de pr\u00f3xima generaci\u00f3n de Xbox<\/strong> contaba con este nombre en clave y, adem\u00e1s, que <strong>llegar\u00eda con reproducci\u00f3n de videojuegos tanto para consola como para PC<\/strong>, adem\u00e1s de <strong>liderar en rendimiento.<\/strong><\/p>\n<p>Ahora, la CEO ha aclarado que, en realidad,<strong> Project Helix hace referencia a una \u00abgran familia de dispositivos\u00bb de Xbox,<\/strong> entre los que se incluye la consola de pr\u00f3xima generaci\u00f3n, que estar\u00e1 acompa\u00f1ada de nuevo &#8216;hardware&#8217;, aunque no ha compartido m\u00e1s detalles.<\/p>\n<p>As\u00ed lo ha dado a conocer Asha Sharma en declaraciones a BBC News, donde ha se\u00f1alado que han estado \u00abtrabajando duro en una gran pr\u00f3xima generaci\u00f3n y en <strong>una gran familia de dispositivos para Helix\u00bb,<\/strong> al tiempo que ha asegurado que <strong>\u00abpronto\u00bb compartir\u00e1n m\u00e1s informaci\u00f3n<\/strong> al respecto.<\/p>\n<p>El vicepresidente de Pr\u00f3xima Generaci\u00f3n de Xbox, Jason Ronald, ya adelant\u00f3 en el marco de la conferencia &#8216;Xbox Developer Summit&#8217; que las primeras unidades de Project Helix est\u00e1n previstas para <strong>llegar a los desarrolladores en 2027, <\/strong>de cara a que puedan probar sus capacidades.<\/p>\n<p>Asimismo, confirm\u00f3 que la consola de pr\u00f3xima generaci\u00f3n estar\u00e1 <strong>impulsada por un chip personalizado desarrollado por AMD.<\/strong> Esto se enmarca en la asociaci\u00f3n estrat\u00e9gica plurianual entre ambas compa\u00f1\u00edas anunciada el pasado a\u00f1o.<\/p>\n<p>Precisamente, en los t\u00e9rminos de esta asociaci\u00f3n tambi\u00e9n se comprende el uso de la <strong>tecnolog\u00eda de chips de AMD <\/strong>para potenciar las experiencias de juego de pr\u00f3xima generaci\u00f3n de <strong>distintos dispositivos<\/strong>, incluidos los <strong>PC, dispositivos port\u00e1tiles y la nube,<\/strong> m\u00e1s all\u00e1 de las consolas, como ya indicaron en el momento de su anuncio.<\/p>\n<p>Con todo, Xbox no ha compartido m\u00e1s detalles sobre cu\u00e1les ser\u00e1n los nuevos dispositivos y cu\u00e1ndo est\u00e1 prevista su llegada junto a la consola de pr\u00f3xima generaci\u00f3n.<\/p>\n<p>No obstante, cabe recordar que el director de estrategia de la compa\u00f1\u00eda, Matthew Ball, indic\u00f3 en junio que, a pesar de su compromiso con la consola de nueva generaci\u00f3n, tambi\u00e9n han tenido que <strong>adaptar su estrategia para garantizar que sea \u00abasequible y flexible\u00bb en cuanto a rendimiento, precio y disponibilidad<\/strong>, en el marco de la crisis global de memoria RAM.<\/p>\n","protected":false},"excerpt":{"rendered":"La directora ejecutiva de Xbox, Asha Sharma, se ha referido a Project Helix como \u00abuna gran familia de&hellip;\n","protected":false},"author":2,"featured_media":740415,"comment_status":"","ping_status":"","sticky":false,"template":"","format":"standard","meta":{"footnotes":""},"categories":[81],"tags":[2823,13559,119,123,124,25,24,3826,3317,10540,484,8650,1109,117,121,122,26766,8034,23,25206,118,120,85712,132,1112],"class_list":["post-740414","post","type-post","status-publish","format-standard","has-post-thumbnail","category-ciencia-y-tecnologia","tag-apple","tag-ciberseguridad","tag-ciencia","tag-ciencia-y-tecnologia","tag-cienciaytecnologia","tag-es","tag-espana","tag-gadgets","tag-internet","tag-movil","tag-nintendo","tag-pc","tag-playstation","tag-science","tag-science-and-technology","tag-scienceandtechnology","tag-social-media","tag-software","tag-spain","tag-t-800","tag-technology","tag-tecnologia","tag-tecnologia-y-videojuegos","tag-videojuegos","tag-xbox"],"share_on_mastodon":{"url":"","error":""},"_links":{"self":[{"href":"https:\/\/www.europesays.com\/es\/wp-json\/wp\/v2\/posts\/740414","targetHints":{"allow":["GET"]}}],"collection":[{"href":"https:\/\/www.europesays.com\/es\/wp-json\/wp\/v2\/posts"}],"about":[{"href":"https:\/\/www.europesays.com\/es\/wp-json\/wp\/v2\/types\/post"}],"author":[{"embeddable":true,"href":"https:\/\/www.europesays.com\/es\/wp-json\/wp\/v2\/users\/2"}],"replies":[{"embeddable":true,"href":"https:\/\/www.europesays.com\/es\/wp-json\/wp\/v2\/comments?post=740414"}],"version-history":[{"count":0,"href":"https:\/\/www.europesays.com\/es\/wp-json\/wp\/v2\/posts\/740414\/revisions"}],"wp:featuredmedia":[{"embeddable":true,"href":"https:\/\/www.europesays.com\/es\/wp-json\/wp\/v2\/media\/740415"}],"wp:attachment":[{"href":"https:\/\/www.europesays.com\/es\/wp-json\/wp\/v2\/media?parent=740414"}],"wp:term":[{"taxonomy":"category","embeddable":true,"href":"https:\/\/www.europesays.com\/es\/wp-json\/wp\/v2\/categories?post=740414"},{"taxonomy":"post_tag","embeddable":true,"href":"https:\/\/www.europesays.com\/es\/wp-json\/wp\/v2\/tags?post=740414"}],"curies":[{"name":"wp","href":"https:\/\/api.w.org\/{rel}","templated":true}]}}