{"id":740416,"date":"2026-08-31T14:44:13","date_gmt":"2026-08-31T14:44:13","guid":{"rendered":"https:\/\/www.europesays.com\/es\/740416\/"},"modified":"2026-08-31T14:44:13","modified_gmt":"2026-08-31T14:44:13","slug":"los-precios-del-gas-en-europa-superan-los-70e-por-los-nuevos-combates-en-oriente-medio-2","status":"publish","type":"post","link":"https:\/\/www.europesays.com\/es\/740416\/","title":{"rendered":"Los precios del gas en Europa superan los 70\u20ac por los nuevos combates en Oriente Medio"},"content":{"rendered":"<p>El precio de referencia europeo del gas natural en el mercado holand\u00e9s TTF para entrega en octubre de 2026 alcanz\u00f3 el lunes un m\u00e1ximo intrad\u00eda de 70,85\u20ac por megavatio hora, seg\u00fan datos de ICE, ante la incertidumbre sobre los suministros de gas natural licuado (GNL) procedentes del Golfo, que presiona al alza las cotizaciones.<\/p>\n<p>          <img decoding=\"async\" class=\"c-ad__placeholder__logo\" src=\"https:\/\/static.euronews.com\/website\/images\/logos\/logo-euronews-stacked-outlined-72x72-grey-9.svg\" width=\"72\" height=\"72\" alt=\"\" loading=\"lazy\"\/><br \/>\n          PUBLICIDAD<\/p>\n<p>          <img decoding=\"async\" class=\"c-ad__placeholder__logo\" src=\"https:\/\/static.euronews.com\/website\/images\/logos\/logo-euronews-stacked-outlined-72x72-grey-9.svg\" width=\"72\" height=\"72\" alt=\"\" loading=\"lazy\"\/><br \/>\n          PUBLICIDAD<\/p>\n<p>El domingo, las fuerzas estadounidenses atacaron lanzaderas de cohetes iran\u00edes cerca del estrecho de Ormuz, lo que llev\u00f3 a Ir\u00e1n a responder lanzando misiles contra tropas estadounidenses en Jordania. La escalada amenaza con provocar nuevas interrupciones en las exportaciones de gas natural licuado, ya que el estrecho de Ormuz, por donde suele transitar aproximadamente una quinta parte del comercio mundial de GNL, permanece pr\u00e1cticamente cerrado.<\/p>\n<p>Estas perturbaciones se producen en un momento en que los env\u00edos de GNL son cruciales para Europa, que est\u00e1 rellenando sus reservas de gas de cara al invierno.<\/p>\n<p>Las instalaciones de almacenamiento de gas de la UE estaban llenas al 64,7%, seg\u00fan datos de Gas Infrastructure Europe (GIE), lo que mantiene las reservas por debajo de los niveles hist\u00f3ricos para esta \u00e9poca del a\u00f1o.<\/p>\n<p>Los elevados precios de mercado han ralentizado el proceso de reposici\u00f3n en muchos pa\u00edses y alimentan el temor de que Pa\u00edses Bajos y Alemania no alcancen sus objetivos de almacenamiento de gas, del 80% y el 70% respectivamente, antes de la fecha l\u00edmite del 1 de noviembre.<\/p>\n<p>Se debe a que el diferencial entre los precios actuales y los del invierno ha sido a menudo demasiado estrecho, o incluso negativo, para cubrir el coste y el riesgo de almacenar gas. Normalmente, los proveedores compran gas a precios m\u00e1s bajos en verano, lo almacenan y lo venden a precios m\u00e1s altos en invierno.<\/p>\n<p>Unos niveles bajos de almacenamiento no significan necesariamente que un pa\u00eds se vaya a quedar sin gas en invierno. Sin embargo, unas reservas insuficientes pueden dejar a los pa\u00edses de la UE m\u00e1s expuestos a la volatilidad de los precios o a interrupciones en los suministros mundiales.<\/p>\n<p>Esto preocupa especialmente a las empresas de la mayor econom\u00eda europea.<\/p>\n<p>\u00abSi unos almacenes de gas insuficientemente llenos coinciden con un invierno muy fr\u00edo, Alemania podr\u00eda dejar de cubrir por completo la demanda normal de gas\u00bb, advirti\u00f3 a Euronews Business Sebastian Heinermann, director general de la asociaci\u00f3n alemana de almacenamiento de gas INES.<\/p>\n<p>\u00abSi los precios del gas superan entonces el nivel que los consumidores industriales pueden permitirse, las empresas se ver\u00e1n obligadas a reducir la producci\u00f3n\u00bb, a\u00f1adi\u00f3, advirtiendo de que esto podr\u00eda causar da\u00f1os econ\u00f3micos importantes.<\/p>\n<p>Italia tambi\u00e9n afronta riesgos para su suministro de gas, aunque el nivel de almacenamiento del pa\u00eds es de los m\u00e1s altos de Europa.<\/p>\n<p>El pasado jueves, QatarEnergy comunic\u00f3 a la el\u00e9ctrica italiana Edison, uno de sus mayores clientes en Europa, que prorrogaba hasta principios de noviembre la suspensi\u00f3n de sus entregas de gas natural licuado por causa de fuerza mayor debido a la guerra entre Estados Unidos e Ir\u00e1n, seg\u00fan Reuters.<\/p>\n<p>El contrato a largo plazo entre Edison y Qatar suele cubrir el equivalente a en torno a una d\u00e9cima parte del consumo anual de gas de Italia. Edison asegur\u00f3 que est\u00e1 obteniendo suministros alternativos y que podr\u00e1 cumplir sus compromisos con los clientes.<\/p>\n<p>La UE importa relativamente poco gas directamente de Oriente Medio. Qatar aport\u00f3 el 3,7% de las importaciones totales de gas del bloque en 2025. No obstante, las perturbaciones en el Golfo pueden seguir encareciendo los precios europeos.<\/p>\n<p>Los analistas advierten de que una interrupci\u00f3n prolongada de las exportaciones de GNL del Golfo podr\u00eda obligar a los compradores europeos a competir de forma m\u00e1s agresiva con los asi\u00e1ticos por los cargamentos disponibles, lo que podr\u00eda a\u00f1adir a\u00fan m\u00e1s presi\u00f3n alcista sobre los precios del gas en Europa.<\/p>\n<p>Esta posible guerra de ofertas podr\u00eda acercar los precios mayoristas a 100\u20ac\/MWh, seg\u00fan Goldman Sachs.<\/p>\n<p>La semana pasada, las analistas del banco Samantha Dart y Laura Cyr escribieron una nota recogida por Bloomberg en la que afirmaban: \u00abEn un escenario en el que las exportaciones de energ\u00eda de Oriente Medio solo se normalicen gradualmente hasta 2027, estimamos que el contrato TTF de diciembre de 2026 probablemente tendr\u00eda que situarse por encima de 100\u20ac\/MWh\u00bb.<\/p>\n<p>\u00bfCon qu\u00e9 rapidez pueden subir las facturas de los hogares?<\/p>\n<p>Si el nivel actual de precios es pasajero, el repunte puede tener poco efecto sobre las facturas de los hogares. Por el contrario, mientras no haya se\u00f1ales claras de distensi\u00f3n, un aumento prolongado podr\u00eda trasladarse gradualmente a las facturas energ\u00e9ticas dom\u00e9sticas en toda Europa.<\/p>\n<p>Seg\u00fan una estimaci\u00f3n anterior de Oxford Economics, los cambios en los precios mayoristas tardan de media unos seis meses en reflejarse por completo en los precios al consumidor, aunque los plazos difieren mucho entre los pa\u00edses del bloque.<\/p>\n<p>Los precios pueden reaccionar en cuesti\u00f3n de meses en Francia, Italia y Espa\u00f1a, y casi de inmediato en Pa\u00edses Bajos, pero pueden tardar cerca de un a\u00f1o en alcanzar su m\u00e1ximo en Alemania y Austria.<\/p>\n<p>Oxford Economics considera que Italia es la m\u00e1s expuesta de las grandes econom\u00edas europeas, porque la transmisi\u00f3n de precios es relativamente r\u00e1pida y el pa\u00eds depende en gran medida del gas, aunque sus instalaciones de almacenamiento se encuentran actualmente entre las m\u00e1s llenas de Europa.<\/p>\n","protected":false},"excerpt":{"rendered":"El precio de referencia europeo del gas natural en el mercado holand\u00e9s TTF para entrega en octubre de&hellip;\n","protected":false},"author":2,"featured_media":740417,"comment_status":"","ping_status":"","sticky":false,"template":"","format":"standard","meta":{"footnotes":""},"categories":[80],"tags":[82,95,69802,94,25,24,20024,8038,23],"class_list":["post-740416","post","type-post","status-publish","format-standard","has-post-thumbnail","category-economia","tag-business","tag-economia","tag-economia-alemana","tag-economy","tag-es","tag-espana","tag-gas-natural","tag-precios","tag-spain"],"share_on_mastodon":{"url":"https:\/\/pubeurope.com\/@es\/117190661313691857","error":""},"_links":{"self":[{"href":"https:\/\/www.europesays.com\/es\/wp-json\/wp\/v2\/posts\/740416","targetHints":{"allow":["GET"]}}],"collection":[{"href":"https:\/\/www.europesays.com\/es\/wp-json\/wp\/v2\/posts"}],"about":[{"href":"https:\/\/www.europesays.com\/es\/wp-json\/wp\/v2\/types\/post"}],"author":[{"embeddable":true,"href":"https:\/\/www.europesays.com\/es\/wp-json\/wp\/v2\/users\/2"}],"replies":[{"embeddable":true,"href":"https:\/\/www.europesays.com\/es\/wp-json\/wp\/v2\/comments?post=740416"}],"version-history":[{"count":0,"href":"https:\/\/www.europesays.com\/es\/wp-json\/wp\/v2\/posts\/740416\/revisions"}],"wp:featuredmedia":[{"embeddable":true,"href":"https:\/\/www.europesays.com\/es\/wp-json\/wp\/v2\/media\/740417"}],"wp:attachment":[{"href":"https:\/\/www.europesays.com\/es\/wp-json\/wp\/v2\/media?parent=740416"}],"wp:term":[{"taxonomy":"category","embeddable":true,"href":"https:\/\/www.europesays.com\/es\/wp-json\/wp\/v2\/categories?post=740416"},{"taxonomy":"post_tag","embeddable":true,"href":"https:\/\/www.europesays.com\/es\/wp-json\/wp\/v2\/tags?post=740416"}],"curies":[{"name":"wp","href":"https:\/\/api.w.org\/{rel}","templated":true}]}}