{"id":740418,"date":"2026-08-31T14:45:20","date_gmt":"2026-08-31T14:45:20","guid":{"rendered":"https:\/\/www.europesays.com\/es\/740418\/"},"modified":"2026-08-31T14:45:20","modified_gmt":"2026-08-31T14:45:20","slug":"la-empresaria-jiennense-angela-serrano-fallece-en-hungria-hora-jaen","status":"publish","type":"post","link":"https:\/\/www.europesays.com\/es\/740418\/","title":{"rendered":"La empresaria jiennense \u00c1ngela Serrano fallece en Hungr\u00eda &#8211; Hora Ja\u00e9n"},"content":{"rendered":"<p>\t\t\t\t<img loading=\"lazy\" decoding=\"async\" width=\"857\" height=\"735\" src=\"https:\/\/www.europesays.com\/es\/wp-content\/uploads\/2026\/08\/WhatsApp-Image-2026-08-29-at-11.30.54.jpeg\" alt=\"\" title=\"WhatsApp Image 2026-08-29 at 11.30.54\"   class=\"wp-image-27006780\"\/><\/p>\n<p dir=\"ltr\">JA\u00c9N.- La empresaria jiennense de moda \u00c1ngela Serrano ha fallecido en un hospital de \u00a0Budapest, Hungr\u00eda, donde estaba ingresada en estado grave tras sufrir un accidente durante un viaje a la capital h\u00fangara.<\/p>\n<p dir=\"ltr\">Ante la gravedad de la situaci\u00f3n, sus familiares se hab\u00edan desplazado hasta la ciudad durante este fin de semana para estar junto a ella en el hospital.<\/p>\n<p>Una empresaria muy conocida en Ja\u00e9n<\/p>\n<p dir=\"ltr\">\u00c1ngela Serrano es una reconocida empresaria jiennense, propietaria de una tienda de moda especializada en trajes de novia y complementos por la que han pasado cientos de jiennenses a lo largo de los a\u00f1os. Est\u00e1 previsto que en las pr\u00f3ximas horas se pueda proceder a la repatriaci\u00f3n del cuerpo hasta la capital jiennense y darle el \u00faltimo adi\u00f3s.<\/p>\n","protected":false},"excerpt":{"rendered":"JA\u00c9N.- La empresaria jiennense de moda \u00c1ngela Serrano ha fallecido en un hospital de \u00a0Budapest, Hungr\u00eda, donde estaba&hellip;\n","protected":false},"author":2,"featured_media":740419,"comment_status":"","ping_status":"","sticky":false,"template":"","format":"standard","meta":{"footnotes":""},"categories":[42],"tags":[131421,131422,17,18,11165,20023,131423,13,14,11,131424,61,62,63,64,3619,19,20,102103,9,10,15,16,257,131425,131426,12,21,22,65,66,67],"class_list":["post-740418","post","type-post","status-publish","format-standard","has-post-thumbnail","category-internacional","tag-angela-serrano","tag-angela-serrano-jaen","tag-breaking-news","tag-breakingnews","tag-budapest","tag-empresaria","tag-empresaria-jiennense-accidente","tag-featured-news","tag-featurednews","tag-headlines","tag-hospitalizada-budapest","tag-internacional","tag-international","tag-international-news","tag-internationalnews","tag-jaen","tag-latest-news","tag-latestnews","tag-moda-nupcial","tag-news","tag-noticias","tag-noticias-destacadas","tag-noticiasdestacadas","tag-sucesos","tag-sucesos-jaen","tag-tienda-moda-novia-jaen","tag-titulares","tag-ultimas-noticias","tag-ultimasnoticias","tag-world","tag-world-news","tag-worldnews"],"share_on_mastodon":{"url":"","error":"Validation failed: Text character limit of 500 exceeded"},"_links":{"self":[{"href":"https:\/\/www.europesays.com\/es\/wp-json\/wp\/v2\/posts\/740418","targetHints":{"allow":["GET"]}}],"collection":[{"href":"https:\/\/www.europesays.com\/es\/wp-json\/wp\/v2\/posts"}],"about":[{"href":"https:\/\/www.europesays.com\/es\/wp-json\/wp\/v2\/types\/post"}],"author":[{"embeddable":true,"href":"https:\/\/www.europesays.com\/es\/wp-json\/wp\/v2\/users\/2"}],"replies":[{"embeddable":true,"href":"https:\/\/www.europesays.com\/es\/wp-json\/wp\/v2\/comments?post=740418"}],"version-history":[{"count":0,"href":"https:\/\/www.europesays.com\/es\/wp-json\/wp\/v2\/posts\/740418\/revisions"}],"wp:featuredmedia":[{"embeddable":true,"href":"https:\/\/www.europesays.com\/es\/wp-json\/wp\/v2\/media\/740419"}],"wp:attachment":[{"href":"https:\/\/www.europesays.com\/es\/wp-json\/wp\/v2\/media?parent=740418"}],"wp:term":[{"taxonomy":"category","embeddable":true,"href":"https:\/\/www.europesays.com\/es\/wp-json\/wp\/v2\/categories?post=740418"},{"taxonomy":"post_tag","embeddable":true,"href":"https:\/\/www.europesays.com\/es\/wp-json\/wp\/v2\/tags?post=740418"}],"curies":[{"name":"wp","href":"https:\/\/api.w.org\/{rel}","templated":true}]}}