{"id":74042,"date":"2025-08-26T18:39:10","date_gmt":"2025-08-26T18:39:10","guid":{"rendered":"https:\/\/www.europesays.com\/es\/74042\/"},"modified":"2025-08-26T18:39:10","modified_gmt":"2025-08-26T18:39:10","slug":"la-causa-de-un-hecho-unico-en-la-historia-marina","status":"publish","type":"post","link":"https:\/\/www.europesays.com\/es\/74042\/","title":{"rendered":"la causa de un \u201checho \u00fanico en la historia marina\u201d"},"content":{"rendered":"<p class=\"description\"><b>\u00a1\u00daLTIMA OPORTUNIDAD!<\/b> Suscr\u00edbete por solo 0,75\u20ac al mes a la revista National Geographic. <b>\u00a1Date prisa!<\/b><\/p>\n<p class=\"description\"><b>\u00a1NOVEDAD!<\/b> Ya disponible la edici\u00f3n especial <b>El cerebro infantil<\/b> de la colecci\u00f3n Los Secretos del Cerebro de National Geographic.<\/p>\n<p>Nadie imagina que cuando sale de vacaciones podr\u00eda estar ante un hecho cient\u00edfico in\u00e9dito de la naturaleza. Puede que sea m\u00e1s probable en <a href=\"https:\/\/viajes.nationalgeographic.com.es\/p\/costa-rica\" rel=\"nofollow noopener\" target=\"_blank\">destinos como <strong>Costa Rica<\/strong><\/a>, un para\u00edso con una rica biodiversidad y vibrante fauna marina. <strong>Todo comenz\u00f3 en agosto de 2024<\/strong> y despu\u00e9s de largas investigaciones, ahora sabemos de qu\u00e9 se trata.<\/p>\n<p>El hecho sucedi\u00f3 <strong>durante una excursi\u00f3n de pesca deportiva<\/strong>, organizada por la empresa Parismina Domus Dei. En una de sus habituales salidas con turistas se encontraron con un hallazgo fascinante. Participaban los <strong>pescadores Garvin Watson <\/strong>y<strong> Pablo Solano<\/strong>.<\/p>\n<p>C\u00f3mo hallaron al tibur\u00f3n nodriza naranja<\/p>\n<p>La embarcaci\u00f3n estaba cerca del <strong>Parque Nacional Tortuguero<\/strong>. All\u00ed, en la costa de Lim\u00f3n, donde cientos de tortugas acuden a desovar y se avistan todo tipo de animales, pescaron un tibur\u00f3n. <strong>Estaba a 37 metros de profundidad con el agua c\u00e1lida a 31\u00baC<\/strong>.<\/p>\n<p><img loading=\"lazy\" decoding=\"async\"   src=\"https:\/\/www.europesays.com\/es\/wp-content\/uploads\/2025\/08\/pesca-tiburon-nodriza_54cd8eb4_250826103108_800x450.webp.webp\" alt=\"Pesca tibur\u00f3n nodriza \" class=\"lazyload\" width=\"800\" height=\"450\" data-aspectratio=\"800\/450\"\/>&#13;Parismina Domus Dei<\/p>\n<p>A medida que recog\u00edan la ca\u00f1a de pesca y el animal se acercaba, comenzaron a divisar unas caracter\u00edsticas at\u00edpicas. Su <strong>color era naranja<\/strong>, con un brillo que impresionaba en las aguas cristalinas del Caribe, y <strong>ten\u00eda los ojos blancos<\/strong>. Sin saber de qu\u00e9 se trataba, tomaron algunas fotos. Luego, lo liberaron.<\/p>\n<p>Las im\u00e1genes fueron suficientes para estudiar a este esp\u00e9cimen de <strong>200 cent\u00edmetros de largo<\/strong>. Un equipo cient\u00edfico de la <strong>Universidad Federal de R\u00edo Grande de Brasil<\/strong>, liderado por la bi\u00f3loga marina Marioxis Mac\u00edas-Cuyare, lo estudi\u00f3 y <a href=\"https:\/\/link.springer.com\/article\/10.1007\/s12526-025-01558-5\" rel=\"nofollow noopener\" target=\"_blank\">ha publicado recientemente<\/a> sus hallazgos en la revista cient\u00edfica Marine Biodiversity.<\/p>\n<p>&#13;<img decoding=\"async\" src=\"https:\/\/www.europesays.com\/es\/wp-content\/uploads\/2025\/08\/jensen-huang-ceo-de-nvidia_8eb0a86d_250825095914_800x800.webp.webp\" alt=\"Jensen Huang CEO de NVIDIA\" class=\"image lazyload\"\/><\/p>\n<p>El <strong>tibur\u00f3n nodriza<\/strong> (Ginglymostoma cirratum) padec\u00eda <strong>xantismo <\/strong>o<strong>\u00a0xantocromismo<\/strong>, una especie de albinismo por una <strong>pigmentaci\u00f3n amarilla en la piel<\/strong>, que <strong>nunca hab\u00eda sido reportado<\/strong> en peces cartilaginosos del Caribe. La importancia del registro es que hasta ahora se cre\u00eda que la anormalidad pod\u00eda ser letal y el ejemplar avistado era adulto.<\/p>\n<p>\u201cEste hallazgo \u00fanico sugiere que <strong>el xantismo no impide la supervivencia en esta especie<\/strong>. En comparaci\u00f3n con informes previos de pigmentaci\u00f3n an\u00f3mala en G. cirratum, como el albinismo, el piebaldismo y la hipomelanosis, este es el <strong>primer caso cient\u00edficamente documentado de xantismo\u00a0<\/strong><strong>total <\/strong>en la especie y el primer registro en el mar Caribe\u201d, describe el art\u00edculo.<\/p>\n<p>El origen del xantismo<\/p>\n<p>Si bien <strong>principalmente es causado por factores gen\u00e9ticos<\/strong>, <strong>no se descarta<\/strong> que <strong>condiciones ambientales<\/strong> hayan provocado como el estr\u00e9s, las altas temperaturas o factores externos que obligaron a los tiburones nodriza a cambiar sus pr\u00e1cticas. Por ejemplo, la alimentaci\u00f3n.<\/p>\n<p>&#13;<img decoding=\"async\" src=\"https:\/\/www.europesays.com\/es\/wp-content\/uploads\/2025\/08\/mammooth-cave_fc6b1aff_250728153915_800x800.webp.webp\" alt=\"Mammooth Cave\" class=\"image lazyload\"\/><\/p>\n<p>\u00ab<strong>Un hecho \u00fanico en la historia marina <\/strong>que deja sorprendidos a bi\u00f3logos, pescadores y amantes del oc\u00e9ano\u00bb, celebraron en las redes sociales de Parismina Domus Dei.<\/p>\n<p>El <strong>xantismo<\/strong>, caracterizado por su <strong>color amarillo<\/strong>, ya se hab\u00eda documentado en otros animales. Es <strong>m\u00e1s habitual encontrarlo en aves<\/strong> o reptiles que en peces. En oposici\u00f3n, la falta de este pigmento es conocido como axantismo.<\/p>\n<p>El tibur\u00f3n nodriza es una especie habitual en el Caribe y aguas tropicales. Tiene la destreza para permanecer inm\u00f3vil sin necesidad de nadar tanto, es conocido como <strong>un tibur\u00f3n \u201cholgaz\u00e1n\u201d<\/strong>. Esto lo hacen para ahorrar ox\u00edgeno y energ\u00eda.<\/p>\n<p>Muchas veces est\u00e1n en el fondo marino y tienen h\u00e1bitos nocturnos, mientras que se alimentan de presas f\u00e1ciles. <strong>En general, no son peligrosos para los humanos<\/strong>, salvo \u00a0que se vea amenazado. Su nombre no significa que sea una nodriza de lujo, sino que deriva de una mala traducci\u00f3n:\u00a0 en ingl\u00e9s, primitivamente se le llamaba \u201cnusse shark\u201d porque era un animal peque\u00f1o, pero luego se reemplaz\u00f3 por \u201cnurse shark\u201d, que es la traducci\u00f3n de nodriza.<\/p>\n","protected":false},"excerpt":{"rendered":"\u00a1\u00daLTIMA OPORTUNIDAD! Suscr\u00edbete por solo 0,75\u20ac al mes a la revista National Geographic. \u00a1Date prisa! \u00a1NOVEDAD! Ya disponible&hellip;\n","protected":false},"author":2,"featured_media":74043,"comment_status":"","ping_status":"","sticky":false,"template":"","format":"standard","meta":{"footnotes":""},"categories":[42],"tags":[17,18,119,13,14,1408,11,448,61,62,63,64,19,20,1407,1409,9,10,15,16,12,21,22,226,65,66,67],"class_list":{"0":"post-74042","1":"post","2":"type-post","3":"status-publish","4":"format-standard","5":"has-post-thumbnail","7":"category-internacional","8":"tag-breaking-news","9":"tag-breakingnews","10":"tag-ciencia","11":"tag-featured-news","12":"tag-featurednews","13":"tag-geographic","14":"tag-headlines","15":"tag-historia","16":"tag-internacional","17":"tag-international","18":"tag-international-news","19":"tag-internationalnews","20":"tag-latest-news","21":"tag-latestnews","22":"tag-national","23":"tag-naturaleza","24":"tag-news","25":"tag-noticias","26":"tag-noticias-destacadas","27":"tag-noticiasdestacadas","28":"tag-titulares","29":"tag-ultimas-noticias","30":"tag-ultimasnoticias","31":"tag-viajes","32":"tag-world","33":"tag-world-news","34":"tag-worldnews"},"share_on_mastodon":{"url":"","error":""},"_links":{"self":[{"href":"https:\/\/www.europesays.com\/es\/wp-json\/wp\/v2\/posts\/74042","targetHints":{"allow":["GET"]}}],"collection":[{"href":"https:\/\/www.europesays.com\/es\/wp-json\/wp\/v2\/posts"}],"about":[{"href":"https:\/\/www.europesays.com\/es\/wp-json\/wp\/v2\/types\/post"}],"author":[{"embeddable":true,"href":"https:\/\/www.europesays.com\/es\/wp-json\/wp\/v2\/users\/2"}],"replies":[{"embeddable":true,"href":"https:\/\/www.europesays.com\/es\/wp-json\/wp\/v2\/comments?post=74042"}],"version-history":[{"count":0,"href":"https:\/\/www.europesays.com\/es\/wp-json\/wp\/v2\/posts\/74042\/revisions"}],"wp:featuredmedia":[{"embeddable":true,"href":"https:\/\/www.europesays.com\/es\/wp-json\/wp\/v2\/media\/74043"}],"wp:attachment":[{"href":"https:\/\/www.europesays.com\/es\/wp-json\/wp\/v2\/media?parent=74042"}],"wp:term":[{"taxonomy":"category","embeddable":true,"href":"https:\/\/www.europesays.com\/es\/wp-json\/wp\/v2\/categories?post=74042"},{"taxonomy":"post_tag","embeddable":true,"href":"https:\/\/www.europesays.com\/es\/wp-json\/wp\/v2\/tags?post=74042"}],"curies":[{"name":"wp","href":"https:\/\/api.w.org\/{rel}","templated":true}]}}