{"id":740434,"date":"2026-08-31T15:00:20","date_gmt":"2026-08-31T15:00:20","guid":{"rendered":"https:\/\/www.europesays.com\/es\/740434\/"},"modified":"2026-08-31T15:00:20","modified_gmt":"2026-08-31T15:00:20","slug":"combate-abre-casting-para-su-nueva-generacion-fecha-lugar-edades-y-todo-sobre-el-nuevo-programa","status":"publish","type":"post","link":"https:\/\/www.europesays.com\/es\/740434\/","title":{"rendered":"Combate abre casting para su \u2018Nueva generaci\u00f3n\u2019: fecha, lugar, edades y todo sobre el nuevo programa"},"content":{"rendered":"<p><img alt=\"Composici\u00f3n dividida entre el logotipo de Combate Nueva Generaci\u00f3n a la izquierda y una foto de su elenco de participantes a la derecha\" class=\"global-image\" decoding=\"async\" fetchpriority=\"high\" height=\"1080\" loading=\"eager\" src=\"https:\/\/www.europesays.com\/es\/wp-content\/uploads\/2026\/08\/3C6Q5GWYVVAERILNFTNHXNXA3U.jpg\" width=\"1920\"\/>El programa de televisi\u00f3n Combate convoca a un proceso de selecci\u00f3n para integrar a una nueva generaci\u00f3n de participantes en su formato de competencia.<\/p>\n<p>31 Ago, 2026 10:03 a. m. EST<\/p>\n<p class=\"paragraph\" data-paragraph-number=\"1\"><a href=\"https:\/\/www.infobae.com\/peru\/2026\/08\/15\/atv-lanza-promocion-de-combate-anunciando-nueva-generacion-y-genera-expectativa-en-los-fans\/\" target=\"_blank\" rel=\"noreferrer nofollow noopener\" title=\"https:\/\/www.infobae.com\/peru\/2026\/08\/15\/atv-lanza-promocion-de-combate-anunciando-nueva-generacion-y-genera-expectativa-en-los-fans\/\">El regreso de <b>\u2019Combate\u2019<\/b> <\/a>marca un nuevo cap\u00edtulo para los realities de competencia en <b>Per\u00fa<\/b>. La producci\u00f3n anunci\u00f3 el relanzamiento<a href=\"https:\/\/www.infobae.com\/peru\/2026\/07\/13\/combate-regresa-revelan-posible-fecha-de-estreno-y-crece-la-expectativa-por-el-reencuentro-de-gian-piero-diaz-y-renzo-schuller\/\" target=\"_blank\" rel=\"noreferrer nofollow noopener\" title=\"https:\/\/www.infobae.com\/peru\/2026\/07\/13\/combate-regresa-revelan-posible-fecha-de-estreno-y-crece-la-expectativa-por-el-reencuentro-de-gian-piero-diaz-y-renzo-schuller\/\"> bajo el nombre de <b>\u2018Nueva generaci\u00f3n\u2019<\/b> <\/a>y abri\u00f3 la convocatoria para seleccionar a los futuros participantes. El proceso se realizar\u00e1 de manera presencial, convocando a j\u00f3venes que deseen integrar el elenco de esta renovada edici\u00f3n, que promete mantener el esp\u00edritu competitivo y el dinamismo que caracteriz\u00f3 al formato original.<\/p>\n<p class=\"paragraph\" data-paragraph-number=\"2\">La expectativa crece entre quienes siguen de cerca el mundo del entretenimiento televisivo, ya que el regreso de<a href=\"https:\/\/www.infobae.com\/peru\/2026\/08\/16\/mr-peet-habla-de-la-posibilidad-de-volver-a-ser-la-voz-de-combate-en-su-nueva-temporada\/\" target=\"_blank\" rel=\"noreferrer nofollow noopener\" title=\"https:\/\/www.infobae.com\/peru\/2026\/08\/16\/mr-peet-habla-de-la-posibilidad-de-volver-a-ser-la-voz-de-combate-en-su-nueva-temporada\/\"> <b>Combate<\/b><\/a> representa una oportunidad para que nuevos talentos puedan destacarse y ganar visibilidad nacional. La b\u00fasqueda de perfiles se centra en personas con condiciones f\u00edsicas, carisma y liderazgo, atributos que han sido fundamentales en la historia del programa.<\/p>\n<p>\u00bfCu\u00e1ndo y d\u00f3nde ser\u00e1 el casting de Combate?<\/p>\n<p class=\"paragraph\" data-paragraph-number=\"3\">El casting presencial de <b>Combate<\/b> est\u00e1 programado para el s\u00e1bado <b>12 de septiembre, desde las 10:00 a. m<\/b>., en la sede central de <b>ATV<\/b>. La direcci\u00f3n exacta es avenida Arequipa 3570, en el distrito de <b>San Isidro<\/b>, en <b>Lima<\/b>. La organizaci\u00f3n espera recibir a cientos de aspirantes dispuestos a mostrar sus habilidades y capacidades ante el equipo de producci\u00f3n.<\/p>\n<p><img alt=\"Afiche publicitario con el texto Casting, el logotipo de Combate Nueva Generaci\u00f3n, la direcci\u00f3n de ATV y siluetas humanas de fondo\" class=\"global-image\" decoding=\"async\" fetchpriority=\"low\" height=\"792\" loading=\"lazy\" src=\"https:\/\/www.europesays.com\/es\/wp-content\/uploads\/2026\/08\/I2LWWR2TANDCRGTVNMQJDY27SI.png\" width=\"632\"\/>Un afiche anuncia la convocatoria para el programa Combate Nueva Generaci\u00f3n dirigido a j\u00f3venes de 18 a 25 a\u00f1os en el canal ATV.<\/p>\n<p class=\"paragraph\" data-paragraph-number=\"4\">La jornada de selecci\u00f3n se plantea como el primer filtro para quienes desean integrarse a <b>Combate: Nueva generaci\u00f3n<\/b>. El proceso evaluar\u00e1 tanto las aptitudes f\u00edsicas como la capacidad de interactuar frente a c\u00e1maras y desenvolverse en situaciones de presi\u00f3n, aspectos centrales en el formato. La producci\u00f3n busca a j\u00f3venes que destaquen por su energ\u00eda, autenticidad y disposici\u00f3n para asumir retos.<\/p>\n<p class=\"paragraph\" data-paragraph-number=\"5\">Seg\u00fan la convocatoria, los organizadores priorizan la diversidad de perfiles y experiencias, con el fin de conformar un grupo que refleje la pluralidad de intereses y talentos de las nuevas generaciones. La selecci\u00f3n de participantes estar\u00e1 a cargo de un equipo especializado, encargado de identificar a quienes sean capaces de asumir los desaf\u00edos tanto f\u00edsicos como sociales del reality.<\/p>\n<p class=\"paragraph\" data-paragraph-number=\"6\">La convocatoria est\u00e1 dirigida exclusivamente a j\u00f3venes de <b>18 a 25 a\u00f1os<\/b>. El objetivo es reunir a personas que, adem\u00e1s de cumplir con el rango de edad, cuenten con experiencia deportiva, habilidades comunicativas y facilidad para desenvolverse en situaciones de alto nivel de exigencia. Deportistas, creadores de contenido y perfiles con carisma figuran entre los candidatos preferidos por la producci\u00f3n.<\/p>\n<p>La cadena ATV anuncia el retorno de su reality pionero en competencia, que presentar\u00e1 un formato renovado y nuevos rostros, generando gran expectativa y reacciones positivas entre seguidores en redes sociales. ATV<\/p>\n<p class=\"paragraph\" data-paragraph-number=\"7\">Este retorno de <b>Combate<\/b> retoma din\u00e1micas que definieron al programa desde su estreno en 2011. Competencias entre los equipos Rojo y Verde, circuitos de destreza y convivencia bajo presi\u00f3n son algunos de los elementos que vuelven a escena, con el fin de preservar la esencia que lo llev\u00f3 a convertirse en una plataforma para figuras del espect\u00e1culo y de las redes sociales.<\/p>\n<p class=\"paragraph\" data-paragraph-number=\"8\">El equipo de producci\u00f3n resalt\u00f3 que no es requisito tener experiencia previa en televisi\u00f3n. Quienes hayan destacado en deportes o actividades en redes sociales podr\u00e1n demostrar su potencial durante el casting. La autenticidad, el manejo emocional y la disposici\u00f3n para trabajar en equipo ser\u00e1n cualidades determinantes en la evaluaci\u00f3n.<\/p>\n<p class=\"paragraph\" data-paragraph-number=\"9\">La expectativa entre los seguidores se mantiene alta, en espera de conocer a los nuevos integrantes y la fecha de estreno de <b>Combate: Nueva generaci\u00f3n<\/b>. El reality promete ofrecer una plataforma para talentos emergentes y revitalizar la oferta de entretenimiento en la televisi\u00f3n nacional.<\/p>\n","protected":false},"excerpt":{"rendered":"El programa de televisi\u00f3n Combate convoca a un proceso de selecci\u00f3n para integrar a una nueva generaci\u00f3n de&hellip;\n","protected":false},"author":2,"featured_media":740435,"comment_status":"","ping_status":"","sticky":false,"template":"","format":"standard","meta":{"footnotes":""},"categories":[171],"tags":[42246,2942,4023,146,147,25,24,23,807,214],"class_list":["post-740434","post","type-post","status-publish","format-standard","has-post-thumbnail","category-tv","tag-audiciones","tag-combate","tag-concurso","tag-entertainment","tag-entretenimiento","tag-es","tag-espana","tag-spain","tag-television","tag-tv"],"share_on_mastodon":{"url":"https:\/\/pubeurope.com\/@es\/117190724493550005","error":""},"_links":{"self":[{"href":"https:\/\/www.europesays.com\/es\/wp-json\/wp\/v2\/posts\/740434","targetHints":{"allow":["GET"]}}],"collection":[{"href":"https:\/\/www.europesays.com\/es\/wp-json\/wp\/v2\/posts"}],"about":[{"href":"https:\/\/www.europesays.com\/es\/wp-json\/wp\/v2\/types\/post"}],"author":[{"embeddable":true,"href":"https:\/\/www.europesays.com\/es\/wp-json\/wp\/v2\/users\/2"}],"replies":[{"embeddable":true,"href":"https:\/\/www.europesays.com\/es\/wp-json\/wp\/v2\/comments?post=740434"}],"version-history":[{"count":0,"href":"https:\/\/www.europesays.com\/es\/wp-json\/wp\/v2\/posts\/740434\/revisions"}],"wp:featuredmedia":[{"embeddable":true,"href":"https:\/\/www.europesays.com\/es\/wp-json\/wp\/v2\/media\/740435"}],"wp:attachment":[{"href":"https:\/\/www.europesays.com\/es\/wp-json\/wp\/v2\/media?parent=740434"}],"wp:term":[{"taxonomy":"category","embeddable":true,"href":"https:\/\/www.europesays.com\/es\/wp-json\/wp\/v2\/categories?post=740434"},{"taxonomy":"post_tag","embeddable":true,"href":"https:\/\/www.europesays.com\/es\/wp-json\/wp\/v2\/tags?post=740434"}],"curies":[{"name":"wp","href":"https:\/\/api.w.org\/{rel}","templated":true}]}}