{"id":740444,"date":"2026-08-31T15:05:18","date_gmt":"2026-08-31T15:05:18","guid":{"rendered":"https:\/\/www.europesays.com\/es\/740444\/"},"modified":"2026-08-31T15:05:18","modified_gmt":"2026-08-31T15:05:18","slug":"el-met-cancela-la-exposicion-dedicada-a-john-galliano","status":"publish","type":"post","link":"https:\/\/www.europesays.com\/es\/740444\/","title":{"rendered":"El Met cancela la exposici\u00f3n dedicada a John Galliano"},"content":{"rendered":"<p class=\"has-dropcap body dropcap\">La esperada <strong>exposici\u00f3n dedicada a <a href=\"https:\/\/www.revistavanityfair.es\/articulos\/entrevista-john-galliano-madonna\" rel=\"nofollow noopener\" target=\"_blank\">John Galliano<\/a> que el Museo Metropolitano de Nueva York<\/strong> ten\u00eda prevista para mayo de 2027 <strong>ha sido cancelada oficialmente<\/strong>. <strong>La noticia<\/strong> de la retirada de \u201cJohn Galliano: Horizons\u201d \u2014ese era el t\u00edtulo de la retrospectiva\u2014 del programa <strong>se ha dado a conocer este lunes, tras el aumento de las protestas<\/strong> por parte de numerosos miembros de <strong>las comunidades jud\u00edas de Nueva York y de todo el mundo<\/strong>.<\/p>\n<p>La noticia de la exposici\u00f3n dedicada al dise\u00f1ador de origen gibraltare\u00f1o suscit\u00f3 pol\u00e9mica desde su anuncio, debido a la condena de Galliano por dirigir insultos de car\u00e1cter racista y antisemita (incluyendo declaraciones que ensalzaban el nazismo) a una pareja en un bar de Par\u00eds en 2011. Un episodio que provoc\u00f3 posteriormente la destituci\u00f3n de John Galliano como <a href=\"https:\/\/www.vanityfair.it\/gallery\/john-galliano-20-look-red-carpet-che-hanno-fatto-la-storia-della-moda\" target=\"_blank\" rel=\"nofollow noopener\">director creativo de Dior<\/a> y le priv\u00f3 de cargos de prestigio durante varios a\u00f1os.<\/p>\n<p><a data-offer-url=\"https:\/\/www.nytimes.com\/2026\/08\/28\/style\/galliano-met-gala-critics.html\" class=\"external-link\" data-event-click=\"{&quot;element&quot;:&quot;ExternalLink&quot;,&quot;outgoingURL&quot;:&quot;https:\/\/www.nytimes.com\/2026\/08\/28\/style\/galliano-met-gala-critics.html&quot;}\" href=\"https:\/\/www.nytimes.com\/2026\/08\/28\/style\/galliano-met-gala-critics.html\" rel=\"nofollow noopener\" target=\"_blank\">Lo que ha avivado a\u00fan m\u00e1s las cr\u00edticas estos \u00faltimos d\u00edas<\/a> ha sido la coincidencia de la inauguraci\u00f3n del evento, la tradicional Met Gala, prevista como es habitual para el primer lunes de mayo, con la conmemoraci\u00f3n del Yom HaShoah, tambi\u00e9n conocido como D\u00eda del Recuerdo del Holocausto y del Hero\u00edsmo, enmarcado precisamente el 3 de mayo.<\/p>\n<p><strong>El propio dise\u00f1ador ha dado a conocer la noticia<\/strong>, junto con los medios especializados. En un extenso comunicado publicado en su <strong>perfil de Instagram<\/strong> expresa su voluntad de renunciar y agradece a los organizadores, pidiendo de nuevo perd\u00f3n por el episodio ocurrido en el pasado.<\/p>\n<p>\u201cTras reflexionar y debatir largamente con las partes implicadas, he decidido, con gran tristeza, que lo mejor para esta exposici\u00f3n es que no se celebre en este momento\u201d, se lee en el comunicado. \u201cSigo asumiendo toda la responsabilidad por el dolor causado en el pasado por mis palabras, en particular por el causado a las comunidades jud\u00eda y asi\u00e1tica; sigo profundamente apenado\u201d, precisa el dise\u00f1ador.<\/p>\n","protected":false},"excerpt":{"rendered":"La esperada exposici\u00f3n dedicada a John Galliano que el Museo Metropolitano de Nueva York ten\u00eda prevista para mayo&hellip;\n","protected":false},"author":2,"featured_media":740445,"comment_status":"","ping_status":"","sticky":false,"template":"","format":"standard","meta":{"footnotes":""},"categories":[91],"tags":[146,147,25,24,32813,36024,896,23],"class_list":["post-740444","post","type-post","status-publish","format-standard","has-post-thumbnail","category-entretenimiento","tag-entertainment","tag-entretenimiento","tag-es","tag-espana","tag-gala-met","tag-john-galliano","tag-nueva-york","tag-spain"],"share_on_mastodon":{"url":"https:\/\/pubeurope.com\/@es\/117190743480356915","error":""},"_links":{"self":[{"href":"https:\/\/www.europesays.com\/es\/wp-json\/wp\/v2\/posts\/740444","targetHints":{"allow":["GET"]}}],"collection":[{"href":"https:\/\/www.europesays.com\/es\/wp-json\/wp\/v2\/posts"}],"about":[{"href":"https:\/\/www.europesays.com\/es\/wp-json\/wp\/v2\/types\/post"}],"author":[{"embeddable":true,"href":"https:\/\/www.europesays.com\/es\/wp-json\/wp\/v2\/users\/2"}],"replies":[{"embeddable":true,"href":"https:\/\/www.europesays.com\/es\/wp-json\/wp\/v2\/comments?post=740444"}],"version-history":[{"count":0,"href":"https:\/\/www.europesays.com\/es\/wp-json\/wp\/v2\/posts\/740444\/revisions"}],"wp:featuredmedia":[{"embeddable":true,"href":"https:\/\/www.europesays.com\/es\/wp-json\/wp\/v2\/media\/740445"}],"wp:attachment":[{"href":"https:\/\/www.europesays.com\/es\/wp-json\/wp\/v2\/media?parent=740444"}],"wp:term":[{"taxonomy":"category","embeddable":true,"href":"https:\/\/www.europesays.com\/es\/wp-json\/wp\/v2\/categories?post=740444"},{"taxonomy":"post_tag","embeddable":true,"href":"https:\/\/www.europesays.com\/es\/wp-json\/wp\/v2\/tags?post=740444"}],"curies":[{"name":"wp","href":"https:\/\/api.w.org\/{rel}","templated":true}]}}