{"id":740454,"date":"2026-08-31T15:10:13","date_gmt":"2026-08-31T15:10:13","guid":{"rendered":"https:\/\/www.europesays.com\/es\/740454\/"},"modified":"2026-08-31T15:10:13","modified_gmt":"2026-08-31T15:10:13","slug":"el-ministro-de-exteriores-de-netanyahu-acusa-a-sanchez-de-mentir-con-descaro-sobre-el-rol-de-israel-en-la-crisis-de-ceuta","status":"publish","type":"post","link":"https:\/\/www.europesays.com\/es\/740454\/","title":{"rendered":"El ministro de Exteriores de Netanyahu acusa a S\u00e1nchez de \u00abmentir con descaro\u00bb sobre el rol de Israel en la crisis de Ceuta"},"content":{"rendered":"<p class=\"article-text\">\n        El ministro de Exteriores de Israel, Gideon Saar, ha acusado este lunes al presidente del Gobierno, Pedro S\u00e1nchez, de \u201cmentir descaradamente\u201d al insinuar que pa\u00edses como Rusia e Israel habr\u00edan tratado de desestabilizar Espa\u00f1a a trav\u00e9s de bulos y desinformaci\u00f3n durante la crisis migratoria en Ceuta.\n    <\/p>\n<p>    <a href=\"https:\/\/www.eldiario.es\/internacional\/theguardian\/israel-creado-think-tank-falso-manipular-respuestas-inteligencia-artificial_1_13470962.html\" data-mrf-recirculation=\"saber-mas\" data-dl-event=\"saber-mas\" rel=\"nofollow noopener\" target=\"_blank\"><\/p>\n<p class=\"know-more__title\">C\u00f3mo Israel ha creado un &#8216;think tank&#8217; falso para manipular las respuestas de la inteligencia artificial<\/p>\n<p>            <img decoding=\"async\" class=\"lazy\" loading=\"lazy\" data-src=\"https:\/\/static.eldiario.es\/clip\/fc72ff56-dc69-41f2-bcf5-3d40d7fc2883_16-9-aspect-ratio_default_0_x793y420.jpg\" src=\"data:image\/svg+xml,%3Csvg xmlns=\" http:=\"\" viewbox=\"0 0 880 495\" alt=\"C\u00f3mo Israel ha creado un 'think tank' falso para manipular las respuestas de la inteligencia artificial\"\/><\/p>\n<p>                        <\/a><\/p>\n<p class=\"article-text\">\n        \u201cMinti\u00f3 de nuevo, acusando asombrosamente a Israel de difundir informaci\u00f3n enga\u00f1osa respecto a los eventos en Ceuta\u201d, ha escrito Saar en una publicaci\u00f3n de X horas despu\u00e9s de que S\u00e1nchez insinuara en una entrevista a la Cadena Ser que Rusia e Israel han desinformado sobre la crisis migratoria en Ceuta, en la que m\u00e1s de 70.000 personas entraron a este enclave espa\u00f1ol desde Marruecos.\n    <\/p>\n<p class=\"article-text\">\n        \u201cSeguir difundiendo mentiras difamatorias no distraer\u00e1 de la vergonzosa incapacidad de S\u00e1nchez para gestionar los asuntos de su pa\u00eds\u201d, ha afirmado el ministro israel\u00ed.\n    <\/p>\n<p class=\"article-text\">\n        \u201cEs evidente que si Rusia se mete a desinformar sobre esta cuesti\u00f3n o Israel tambi\u00e9n desinforma criticando al Gobierno de Espa\u00f1a, no ser\u00e1 porque les preocupa la migraci\u00f3n en Espa\u00f1a o en Europa, sino por las posiciones pol\u00edticas que estamos manteniendo, yo creo que valientes, respecto al genocidio en Gaza o respecto a la invasi\u00f3n de Putin en Ucrania\u201d, sostuvo S\u00e1nchez.\n    <\/p>\n<p>    <a href=\"https:\/\/www.eldiario.es\/internacional\/red-ultra-eeuu-e-israel-utiliza-ceuta-atacar-espana_1_13459672.html\" data-mrf-recirculation=\"saber-mas-abajo\" data-dl-event=\"saber-mas-abajo\" rel=\"nofollow noopener\" target=\"_blank\"><\/p>\n<p class=\"know-more__title\">Una red ultra de EEUU e Israel utiliza Ceuta para atacar Espa\u00f1a<\/p>\n<p>            <img decoding=\"async\" class=\"lazy\" loading=\"lazy\" data-src=\"https:\/\/static.eldiario.es\/clip\/9b3ffed7-4910-4e70-8c93-6e0336b857c5_16-9-aspect-ratio_default_0_x445y187.jpg\" src=\"data:image\/svg+xml,%3Csvg xmlns=\" http:=\"\" viewbox=\"0 0 880 495\" alt=\"Una red ultra de EEUU e Israel utiliza Ceuta para atacar Espa\u00f1a\"\/><\/p>\n<p>                        <\/a><\/p>\n<p class=\"article-text\">\n        \u201cEfectivamente hubo <a href=\"https:\/\/www.eldiario.es\/internacional\/red-ultra-eeuu-e-israel-utiliza-ceuta-atacar-espana_1_13459672.html\" data-mrf-recirculation=\"links-noticia\" class=\"link\" rel=\"nofollow noopener\" target=\"_blank\">redes rusas e israel\u00edes que propagaron estos bulos<\/a> y que atacaron al Gobierno de Espa\u00f1a y a los gobiernos europeos en un tema muy corrosivo, como es la lucha contra la migraci\u00f3n irregular\u201d, ha afirmado S\u00e1nchez.\n    <\/p>\n","protected":false},"excerpt":{"rendered":"El ministro de Exteriores de Israel, Gideon Saar, ha acusado este lunes al presidente del Gobierno, Pedro S\u00e1nchez,&hellip;\n","protected":false},"author":2,"featured_media":740455,"comment_status":"","ping_status":"","sticky":false,"template":"","format":"standard","meta":{"footnotes":""},"categories":[5],"tags":[6630,17,18,4486,4170,28523,25,24,37298,13,14,11,74,19,20,26453,7459,14859,9,10,15,16,73523,199,23,12,21,22],"class_list":["post-740454","post","type-post","status-publish","format-standard","has-post-thumbnail","category-titulares","tag-acusa","tag-breaking-news","tag-breakingnews","tag-ceuta","tag-crisis","tag-descaro","tag-es","tag-espana","tag-exteriores","tag-featured-news","tag-featurednews","tag-headlines","tag-israel","tag-latest-news","tag-latestnews","tag-mentir","tag-ministro","tag-netanyahu","tag-news","tag-noticias","tag-noticias-destacadas","tag-noticiasdestacadas","tag-rol","tag-sanchez","tag-spain","tag-titulares","tag-ultimas-noticias","tag-ultimasnoticias"],"share_on_mastodon":{"url":"https:\/\/pubeurope.com\/@es\/117190762651368380","error":""},"_links":{"self":[{"href":"https:\/\/www.europesays.com\/es\/wp-json\/wp\/v2\/posts\/740454","targetHints":{"allow":["GET"]}}],"collection":[{"href":"https:\/\/www.europesays.com\/es\/wp-json\/wp\/v2\/posts"}],"about":[{"href":"https:\/\/www.europesays.com\/es\/wp-json\/wp\/v2\/types\/post"}],"author":[{"embeddable":true,"href":"https:\/\/www.europesays.com\/es\/wp-json\/wp\/v2\/users\/2"}],"replies":[{"embeddable":true,"href":"https:\/\/www.europesays.com\/es\/wp-json\/wp\/v2\/comments?post=740454"}],"version-history":[{"count":0,"href":"https:\/\/www.europesays.com\/es\/wp-json\/wp\/v2\/posts\/740454\/revisions"}],"wp:featuredmedia":[{"embeddable":true,"href":"https:\/\/www.europesays.com\/es\/wp-json\/wp\/v2\/media\/740455"}],"wp:attachment":[{"href":"https:\/\/www.europesays.com\/es\/wp-json\/wp\/v2\/media?parent=740454"}],"wp:term":[{"taxonomy":"category","embeddable":true,"href":"https:\/\/www.europesays.com\/es\/wp-json\/wp\/v2\/categories?post=740454"},{"taxonomy":"post_tag","embeddable":true,"href":"https:\/\/www.europesays.com\/es\/wp-json\/wp\/v2\/tags?post=740454"}],"curies":[{"name":"wp","href":"https:\/\/api.w.org\/{rel}","templated":true}]}}