{"id":740458,"date":"2026-08-31T15:16:19","date_gmt":"2026-08-31T15:16:19","guid":{"rendered":"https:\/\/www.europesays.com\/es\/740458\/"},"modified":"2026-08-31T15:16:19","modified_gmt":"2026-08-31T15:16:19","slug":"la-vuelta-a-espana-2026-a-su-paso-por-barx-ha-sido-de-10-sobre-todo-para-la-hosteleria-y-en-cuanto-a-promocion-turistica","status":"publish","type":"post","link":"https:\/\/www.europesays.com\/es\/740458\/","title":{"rendered":"La Vuelta a Espa\u00f1a 2026 a su paso por Barx: \u00abHa sido de 10, sobre todo para la hosteler\u00eda y en cuanto a promoci\u00f3n tur\u00edstica\u00bb"},"content":{"rendered":"<p class=\"ft-text ft-helper-closenews\"><strong>Barx ha triunfado en la Vuelta Ciclista Espa\u00f1a 2026.<\/strong> E<a class=\"ft-link ft-link--decoration\" href=\"https:\/\/www.levante-emv.com\/safor\/2026\/08\/26\/vuelta-espana-llegara-safor-simat-133646681.html\" rel=\"nofollow noopener\" target=\"_blank\">l paso de la carrera en la octava etapa disputada este s\u00e1bado, 29 de agosto<\/a>, ha supuesto una gran inyecci\u00f3n econ\u00f3mica para el municipio y no solo por la promoci\u00f3n tur\u00edstica del mismo que deriva de la retransmisi\u00f3n televisiva a cargo de Radio Televisi\u00f3n Espa\u00f1ola (RTVE).<\/p>\n<p class=\"ft-text\">Y es que, <strong>asegura la alcaldesa, Esther Vidal, \u00abel puerto de monta\u00f1a, el pueblo y la Drova estaban a reventar<\/strong> de gente. <strong>Los bares y los restaurantes a tope<\/strong>, tambi\u00e9n <strong>las zonas recreativas<\/strong>\u00ab, Adem\u00e1s, a\u00f1ade Esther Vidal, \u00abhab\u00eda que ver c\u00f3mo estaban de gente las calles y la carretera\u00bb.<\/p>\n<p>La oficina de turismo, a tope<\/p>\n<p class=\"ft-text\"><strong>La oficina de turismo de Barx estuvo llena durante toda la jornada<\/strong>: \u00abla gente acud\u00eda a informarse sobre el pueblo, las rutas senderistas que tenemos, las actividades que hacemos, los lugares para visitar. La gente se llev\u00f3 muchos folletos con informaci\u00f3n\u00bb, explica Vidal.<\/p>\n<p class=\"ft-text\">Desde el punto de vista de <strong>organizaci\u00f3n local,<\/strong> la alcaldesa destaca la c\u00edvica respuesta de vecinos y visitantes y el trabajo de la Polic\u00eda Local.<\/p>\n<p class=\"ft-text\"><strong>\u00abFue un rotundo \u00e9xito que, la verdad, no me esperaba.<\/strong><a class=\"ft-link ft-link--decoration\" href=\"https:\/\/www.levante-emv.com\/deportes\/2026\/08\/29\/gran-pasion-vuelta-llega-provincia-valencia-133739546.html\" rel=\"nofollow noopener\" target=\"_blank\"> Estamos realmente muy satisfechos <\/a>con la repercusi\u00f3n que ha tenido el paso de la Vuelta por Barx\u00bb, concluye la primera autoridad barxera.<\/p>\n<p data-close=\"closedContent\" class=\"subscribeHideForDisplay\">Suscr\u00edbete para seguir leyendo<\/p>\n","protected":false},"excerpt":{"rendered":"Barx ha triunfado en la Vuelta Ciclista Espa\u00f1a 2026. El paso de la carrera en la octava etapa&hellip;\n","protected":false},"author":2,"featured_media":740459,"comment_status":"","ping_status":"","sticky":false,"template":"","format":"standard","meta":{"footnotes":""},"categories":[273],"tags":[3076,85445,313,312,168,25,24,260,2418,4191,23,167,1357],"class_list":["post-740458","post","type-post","status-publish","format-standard","has-post-thumbnail","category-ciclismo","tag-3076","tag-barx","tag-ciclismo","tag-cycling","tag-deportes","tag-es","tag-espana","tag-gente","tag-la-safor","tag-paso","tag-spain","tag-sports","tag-vuelta"],"share_on_mastodon":{"url":"https:\/\/pubeurope.com\/@es\/117190785907042925","error":""},"_links":{"self":[{"href":"https:\/\/www.europesays.com\/es\/wp-json\/wp\/v2\/posts\/740458","targetHints":{"allow":["GET"]}}],"collection":[{"href":"https:\/\/www.europesays.com\/es\/wp-json\/wp\/v2\/posts"}],"about":[{"href":"https:\/\/www.europesays.com\/es\/wp-json\/wp\/v2\/types\/post"}],"author":[{"embeddable":true,"href":"https:\/\/www.europesays.com\/es\/wp-json\/wp\/v2\/users\/2"}],"replies":[{"embeddable":true,"href":"https:\/\/www.europesays.com\/es\/wp-json\/wp\/v2\/comments?post=740458"}],"version-history":[{"count":0,"href":"https:\/\/www.europesays.com\/es\/wp-json\/wp\/v2\/posts\/740458\/revisions"}],"wp:featuredmedia":[{"embeddable":true,"href":"https:\/\/www.europesays.com\/es\/wp-json\/wp\/v2\/media\/740459"}],"wp:attachment":[{"href":"https:\/\/www.europesays.com\/es\/wp-json\/wp\/v2\/media?parent=740458"}],"wp:term":[{"taxonomy":"category","embeddable":true,"href":"https:\/\/www.europesays.com\/es\/wp-json\/wp\/v2\/categories?post=740458"},{"taxonomy":"post_tag","embeddable":true,"href":"https:\/\/www.europesays.com\/es\/wp-json\/wp\/v2\/tags?post=740458"}],"curies":[{"name":"wp","href":"https:\/\/api.w.org\/{rel}","templated":true}]}}