{"id":740506,"date":"2026-08-31T15:51:23","date_gmt":"2026-08-31T15:51:23","guid":{"rendered":"https:\/\/www.europesays.com\/es\/740506\/"},"modified":"2026-08-31T15:51:23","modified_gmt":"2026-08-31T15:51:23","slug":"cancelan-la-exposicion-de-john-galliano-como-tematica-de-la-met-gala-2027","status":"publish","type":"post","link":"https:\/\/www.europesays.com\/es\/740506\/","title":{"rendered":"Cancelan la exposici\u00f3n de John Galliano como tem\u00e1tica de la Met Gala 2027"},"content":{"rendered":"<p>      CNN\u00a0\u2014\u00a0\n    <\/p>\n<p class=\"paragraph inline-placeholder vossi-paragraph\" data-uri=\"es.cms.cnn.com\/_components\/paragraph\/instances\/cmthbv5f2008928qj3ggfh2wq@published\" data-editable=\"text\" data-component-name=\"paragraph\" data-article-gutter=\"true\">\n            John Galliano, el controvertido dise\u00f1ador brit\u00e1nico, ya no ser\u00e1 el protagonista de una exposici\u00f3n vinculada a la Gala del Met en el Museo Metropolitano de Arte, seg\u00fan anunci\u00f3 el museo en un <a href=\"https:\/\/www.metmuseum.org\/press-releases\/spring-ci-2027-announcement\" target=\"_blank\" rel=\"nofollow noopener\">comunicado<\/a> este lunes.\n    <\/p>\n<p class=\"paragraph inline-placeholder vossi-paragraph\" data-uri=\"es.cms.cnn.com\/_components\/paragraph\/instances\/cmthbxqkg00073b6r1dnjd9sl@published\" data-editable=\"text\" data-component-name=\"paragraph\" data-article-gutter=\"true\">\n            Esta decisi\u00f3n se produce tras la creciente pol\u00e9mica suscitada por la elecci\u00f3n del museo y de Anna Wintour, directora editorial global de Vogue, de homenajear al dise\u00f1ador en la Met Gala. Galliano fue despedido de Dior en 2011 y declarado culpable de \u201cinsultos p\u00fablicos\u201d basados \u200b\u200ben el origen, la religi\u00f3n, la raza o la etnia, despu\u00e9s de que salieran videos a la luz en los que el dise\u00f1ador dec\u00eda \u201camo a Hitler\u201d y profer\u00eda insultos antisemitas en un caf\u00e9 de Par\u00eds. La Met Gala, que se celebra el primer lunes de mayo, coincidir\u00eda el pr\u00f3ximo a\u00f1o con Yom HaShoah, d\u00eda de conmemoraci\u00f3n del Holocausto.\n    <\/p>\n<p class=\"paragraph inline-placeholder vossi-paragraph\" data-uri=\"es.cms.cnn.com\/_components\/paragraph\/instances\/cmthbxqkg00083b6ro8iz1csr@published\" data-editable=\"text\" data-component-name=\"paragraph\" data-article-gutter=\"true\">\n            \u201cTras mucha reflexi\u00f3n y conversaciones con todos los implicados, he decidido, con gran pesar, que lo mejor es que la exposici\u00f3n no se celebre en este momento\u201d, escribi\u00f3 Galliano en un <a href=\"https:\/\/www.instagram.com\/p\/DctHvrCKnOB\/?igsi=cjJ4azZkd3czejhz\" target=\"_blank\" rel=\"nofollow noopener\">comunicado<\/a> publicado el lunes. \u201cSigo siendo plenamente responsable del dolor causado por mis palabras en el pasado, en particular del da\u00f1o que caus\u00e9 a las comunidades jud\u00eda y asi\u00e1tica, y lo lamento profundamente\u201d. Galliano \u201cno quer\u00eda que el debate en torno a m\u00ed pusiera al Met en una situaci\u00f3n dif\u00edcil ni que desviara la atenci\u00f3n del extraordinario trabajo del Costume Institute\u201d, agreg\u00f3 el comunicado.\n    <\/p>\n<p class=\"paragraph inline-placeholder vossi-paragraph\" data-uri=\"es.cms.cnn.com\/_components\/paragraph\/instances\/cmthbxqkg000a3b6rd1hwp39x@published\" data-editable=\"text\" data-component-name=\"paragraph\" data-article-gutter=\"true\">\n            Andrew Bolton, curador del Instituto del Traje del Met, declar\u00f3 en un comunicado emitido por el museo que reconoc\u00eda \u201cel dolor y la preocupaci\u00f3n que ha causado esta exposici\u00f3n\u201d. A\u00f1adi\u00f3: \u201cTras un amplio debate, apoyo la decisi\u00f3n de no seguir adelante\u201d. Wintour, quien tambi\u00e9n es directora de contenido de Cond\u00e9 Nast y ha liderado la organizaci\u00f3n de la Met Gala desde <a href=\"https:\/\/www.vogue.co.uk\/article\/met-gala\" target=\"_blank\" rel=\"nofollow noopener\">1995<\/a>, afirm\u00f3 que la decisi\u00f3n de Galliano de retirarse de la muestra fue \u201cmuy valiente y un reflejo de la persona que es\u201d.\n    <\/p>\n<p class=\"paragraph inline-placeholder vossi-paragraph\" data-uri=\"es.cms.cnn.com\/_components\/paragraph\/instances\/cmthbxqkg000b3b6rzym6232t@published\" data-editable=\"text\" data-component-name=\"paragraph\" data-article-gutter=\"true\">\n            \u201cCreo que esta es la decisi\u00f3n correcta\u201d, dijo Wintour.\n    <\/p>\n<p class=\"paragraph inline-placeholder vossi-paragraph\" data-uri=\"es.cms.cnn.com\/_components\/paragraph\/instances\/cmthbxqkg000c3b6rv5g84c50@published\" data-editable=\"text\" data-component-name=\"paragraph\" data-article-gutter=\"true\">\n            La exposici\u00f3n \u201cJohn Galliano: Horizontes\u201d pretend\u00eda \u201creflexionar sobre c\u00f3mo debe entenderse el logro art\u00edstico junto con la responsabilidad \u00e9tica\u201d, seg\u00fan un comunicado de prensa del museo que anunciaba la muestra hace apenas unas semanas. Pero la decisi\u00f3n gener\u00f3 indignaci\u00f3n, sobre todo fuera del sector de la moda.\n    <\/p>\n<p>              <script async src=\"\/\/www.instagram.com\/embed.js\"><\/script><\/p>\n","protected":false},"excerpt":{"rendered":"CNN\u00a0\u2014\u00a0 John Galliano, el controvertido dise\u00f1ador brit\u00e1nico, ya no ser\u00e1 el protagonista de una exposici\u00f3n vinculada a la&hellip;\n","protected":false},"author":2,"featured_media":740507,"comment_status":"","ping_status":"","sticky":false,"template":"","format":"standard","meta":{"footnotes":""},"categories":[91],"tags":[146,147,25,24,150,62262,1023,23],"class_list":["post-740506","post","type-post","status-publish","format-standard","has-post-thumbnail","category-entretenimiento","tag-entertainment","tag-entretenimiento","tag-es","tag-espana","tag-instanoticias","tag-met-gala","tag-moda","tag-spain"],"share_on_mastodon":{"url":"https:\/\/pubeurope.com\/@es\/117190923913172282","error":""},"_links":{"self":[{"href":"https:\/\/www.europesays.com\/es\/wp-json\/wp\/v2\/posts\/740506","targetHints":{"allow":["GET"]}}],"collection":[{"href":"https:\/\/www.europesays.com\/es\/wp-json\/wp\/v2\/posts"}],"about":[{"href":"https:\/\/www.europesays.com\/es\/wp-json\/wp\/v2\/types\/post"}],"author":[{"embeddable":true,"href":"https:\/\/www.europesays.com\/es\/wp-json\/wp\/v2\/users\/2"}],"replies":[{"embeddable":true,"href":"https:\/\/www.europesays.com\/es\/wp-json\/wp\/v2\/comments?post=740506"}],"version-history":[{"count":0,"href":"https:\/\/www.europesays.com\/es\/wp-json\/wp\/v2\/posts\/740506\/revisions"}],"wp:featuredmedia":[{"embeddable":true,"href":"https:\/\/www.europesays.com\/es\/wp-json\/wp\/v2\/media\/740507"}],"wp:attachment":[{"href":"https:\/\/www.europesays.com\/es\/wp-json\/wp\/v2\/media?parent=740506"}],"wp:term":[{"taxonomy":"category","embeddable":true,"href":"https:\/\/www.europesays.com\/es\/wp-json\/wp\/v2\/categories?post=740506"},{"taxonomy":"post_tag","embeddable":true,"href":"https:\/\/www.europesays.com\/es\/wp-json\/wp\/v2\/tags?post=740506"}],"curies":[{"name":"wp","href":"https:\/\/api.w.org\/{rel}","templated":true}]}}