{"id":740520,"date":"2026-08-31T16:04:17","date_gmt":"2026-08-31T16:04:17","guid":{"rendered":"https:\/\/www.europesays.com\/es\/740520\/"},"modified":"2026-08-31T16:04:17","modified_gmt":"2026-08-31T16:04:17","slug":"antoni-daimiel-sobre-su-salida-de-movistar-plus-yo-ya-no-estaba-a-gusto-y-lo-estaba-pasando-mal-queria-salir-de-ahi-cuanto-antes","status":"publish","type":"post","link":"https:\/\/www.europesays.com\/es\/740520\/","title":{"rendered":"Antoni Daimiel, sobre su salida de Movistar Plus: \u00abYo ya no estaba a gusto y lo estaba pasando mal; quer\u00eda salir de ah\u00ed cuanto antes\u00bb"},"content":{"rendered":"<p class=\"ft-text\"><a class=\"ft-link ft-link--decoration\" href=\"https:\/\/www.sport.es\/es\/noticias\/baloncesto\/antoni-daimiel-dice-adios-movistar-133708227\" rel=\"nofollow noopener\" target=\"_blank\"><strong>Antoni Daimiel<\/strong><\/a> atendi\u00f3 la llamada de &#8216;SPORT&#8217; para repasar las <strong>novedades del NBA 2K27,<\/strong> el gran videojuego de baloncesto que sale a la venta el pr\u00f3ximo <strong>4 de septiembre.<\/strong> La charla con el m\u00edtico periodista en la previa del lanzamiento se podr\u00e1 leer en este diario en las pr\u00f3ximas horas.<\/p>\n<p class=\"ft-text\">M\u00e1s all\u00e1 de hablar del nuevo NBA 2K27, Daimiel repas\u00f3 y comparti\u00f3 sus sensaciones d\u00edas despu\u00e9s de que anunciase una de las <strong>grandes noticias de impacto en el panorama comunicativo nacional. <\/strong>Despu\u00e9s de 36 a\u00f1os, el comunicador manchego ha decidido poner <strong>punto final a su etapa en Movistar Plus<\/strong> despu\u00e9s de una dilatada trayectoria siendo una de las voces de la NBA y con la que tantas y tantas generaciones de aficionados se han enganchado a la liga americana.<\/p>\n<p>Una de las grandes voces de la NBA en Espa\u00f1a<\/p>\n<p class=\"ft-text\">Hasta el final de la campa\u00f1a 24\/25, <strong>Movistar Plus ten\u00eda en exclusiva los derechos televisivos para retransmitir la competici\u00f3n en el Estado espa\u00f1ol.<\/strong> Pr\u00e1cticamente desde sus inicios, Daimiel hab\u00eda integrado duos ya m\u00edticos con <strong>Andr\u00e9s Montes,<\/strong> o en los \u00faltimos a\u00f1os con <strong>Guille Gim\u00e9nez:<\/strong> desde los anillos de <strong>Michael Jordan<\/strong> con los <strong>Chicago Bulls<\/strong> hasta el \u00faltimo que narraron de los <strong>Oklahoma City Thunder de Shai Gilgeous-Alexander.<\/strong> Pero todo cambi\u00f3 el pasado verano. Los derechos de la NBA en Espa\u00f1a quedaron repartidos entre <strong>Prime Video y DAZN,<\/strong> perdiendo Movistar cualquier posibilidad de ofrecer los partidos de la competici\u00f3n con sus narradores. Y tras una \u00faltima campa\u00f1a haciendo dupla con Gim\u00e9nez en la <strong>multic\u00e1mara de LaLiga,<\/strong> finalmente se confirm\u00f3 su salida de la empresa.<\/p>\n<p><img decoding=\"async\" src=\"https:\/\/www.europesays.com\/es\/wp-content\/uploads\/2026\/08\/4e6e2543-6d1c-43a3-9977-6b75abd1921a_alta-libre-aspect-ratio_default_0_x600y225.jpg\" width=\"1200\" height=\"675\" alt=\"Guille Gim\u00e9nez y Antoni Daimiel, una dupla hist\u00f3rica de las narraciones de la NBA en Espa\u00f1a\" class=\"ft-helper-img-rd\" loading=\"lazy\" fetchpriority=\"auto\"\/><\/p>\n<p class=\"ft-helper-fontColor-quaternary ft-helper-fontSize-body-S ft-helper-spacer-t-xxs\">Guille Gim\u00e9nez y Antoni Daimiel, una dupla hist\u00f3rica de las narraciones de la NBA en Espa\u00f1a  \/ Twitter: @ADaimiel<\/p>\n<p class=\"ft-text\">\u00ab36 a\u00f1os es much\u00edsimo, yo llegu\u00e9 siendo un chaval de 20 a\u00f1os all\u00ed y desde el punto de vista de la maduraci\u00f3n incluso era m\u00e1s joven. <strong>En un ambiente de trabajo como aquel, era una televisi\u00f3n que empezaba, te ponen las pilas r\u00e1pido y t\u00fa mismo te tienes que adaptar.<\/strong> La experiencia de arranque me encant\u00f3. Luego, cuando lleg\u00f3 la oportunidad de comentar NBA, que yo ya llevaba un rodaje de cinco a\u00f1os y pico&#8230; Y bueno, <strong>las circunstancias de los \u00faltimos tiempos yo creo que han desencadenado esto. Ha sido bastante complejo el \u00faltimo a\u00f1o, a\u00f1o y pico.<\/strong> Obviamente, la p\u00e9rdida de derechos de retransmisi\u00f3n de NBA ha influido bastante. Ha sido un poco el punto de arranque de todo lo que ha ido pasando\u00bb, empez\u00f3 comentando Daimiel.<\/p>\n<p>El final de Daimiel en Movistar Plus<\/p>\n<p class=\"ft-text\"><strong>\u00abYo ya no estaba a gusto y no ve\u00eda que hubiera una actividad, una ubicaci\u00f3n correcta para m\u00ed y lo estaba pasando mal ya.<\/strong> <strong>Por primera vez en tantos a\u00f1os, no estaba a gusto.<\/strong> Por suerte, he tenido la capacidad de llevarlo bien, de hablar con ellos, de negociar, y <strong>he priorizado salir por encima de todo lo dem\u00e1s,<\/strong> sin saber qu\u00e9 voy a hacer, ni a d\u00f3nde voy. Pero, para m\u00ed, <strong>la vida es corta y r\u00e1pida, no te puedes quedar anclado en cosas que no te hacen sentir muy bien. Y yo quer\u00eda salir de ah\u00ed cuanto antes,<\/strong> y ahora estoy bien. El d\u00eda que firm\u00e9 la extinci\u00f3n de contrato, s\u00ed que tuve una sensaci\u00f3n de vac\u00edo. Me ven\u00edan toda la secuencia, como si fuera una pel\u00edcula de 36 a\u00f1os, de ser un chaval y ahora, ya con mi edad, estar fuera. Pero al d\u00eda siguiente, ya estaba bien. Estaba tranquilo, <strong>estaba contento de todo el panorama que se abre ahora\u00bb,<\/strong> explic\u00f3 una de las grandes voces del baloncesto en Espa\u00f1a.<\/p>\n<p><img decoding=\"async\" src=\"https:\/\/www.europesays.com\/es\/wp-content\/uploads\/2026\/08\/8f469cfe-2314-4c04-b25a-b988c7d6485c_alta-libre-aspect-ratio_default_0_x600y225.jpg\" width=\"1200\" height=\"675\" alt=\"Antoni Daimiel, durante las grabaciones del NBA 2K\" class=\"ft-helper-img-rd\" loading=\"lazy\" fetchpriority=\"auto\"\/><\/p>\n<p class=\"ft-helper-fontColor-quaternary ft-helper-fontSize-body-S ft-helper-spacer-t-xxs\">Antoni Daimiel, durante las grabaciones del NBA 2K  \/ Twitter: @ADaimiel<\/p>\n<p class=\"ft-text\"><strong>\u00abPor suerte, est\u00e1n siendo unos d\u00edas de locos.<\/strong> Yo, un poco como elemento disuasorio, puse en mi expresi\u00f3n en redes que, si me llamaban, <strong>a lo mejor iba a ser caprichoso y caro,<\/strong> y digo, a ver si esto hace que&#8230; Pero no, <strong>estoy recibiendo muchas propuestas, muchas ofertas de trabajo y eso, y no me quiero precipitar,<\/strong> quiero dejar pasar unos d\u00edas, respirar un poco y estar tranquilo para ver qu\u00e9 es lo que quiero hacer de verdad. Porque si al final, por lo que me decida, <strong>si es algo que me gusta, que me atrae, pues ser\u00e1 donde mejor rinda. Esto no es un secreto para nadie en t\u00e9rminos laborales\u00bb,<\/strong> desgran\u00f3 un Daimiel que tambi\u00e9n arroj\u00f3 alguna de las condiciones que pact\u00f3 con Movistar y que pueden afectar a su futuro laboral.<\/p>\n<p>Las condiciones de Movistar Plus que afectan a su futuro profesional<\/p>\n<p class=\"ft-text\">\u00ab\u00bfEl futuro? No lo tengo claro, no tengo preferencias. Obviamente, he estado ligado a la NBA, es lo que me ha dado casi todo profesionalmente.<strong> Voy a seguir con el podcast de 3 + 1, eso lo puse como condici\u00f3n. Tengo algunas limitaciones, que no puedo durante dos a\u00f1os hacer determinadas cosas que tienen que ver con baloncesto en televisi\u00f3n, una limitaci\u00f3n que me ha puesto Movistar en la salida.<\/strong> Pero no tengo l\u00edmites. Tiene que ser algo que me guste y que me apetezca, sin m\u00e1s\u00bb, concluy\u00f3.<\/p>\n<p><img decoding=\"async\" src=\"https:\/\/www.europesays.com\/es\/wp-content\/uploads\/2026\/08\/5cb49ee5-7127-4db7-b3d0-f87caadccd8d_alta-libre-aspect-ratio_default_0_x600y225.jpg\" width=\"1200\" height=\"675\" alt=\"Antoni Daimiel es una de las voces espa\u00f1olas del NBA 2K\" class=\"ft-helper-img-rd\" loading=\"lazy\" fetchpriority=\"auto\"\/><\/p>\n<p class=\"ft-helper-fontColor-quaternary ft-helper-fontSize-body-S ft-helper-spacer-t-xxs\">Antoni Daimiel es una de las voces espa\u00f1olas del NBA 2K  \/ Twitter: @ADaimiel<\/p>\n<p class=\"ft-text\">Por el momento, todos los amantes de la saga <strong>NBA 2K<\/strong> podr\u00e1n seguir disfrutando de la voz de Daimiel en el videojuego, que una campa\u00f1a m\u00e1s, integra el tridente de narradores espa\u00f1oles junto a<strong> Sixto Miguel Serrano y Jorge Quiroga.<\/strong><\/p>\n","protected":false},"excerpt":{"rendered":"Antoni Daimiel atendi\u00f3 la llamada de &#8216;SPORT&#8217; para repasar las novedades del NBA 2K27, el gran videojuego de&hellip;\n","protected":false},"author":2,"featured_media":740521,"comment_status":"","ping_status":"","sticky":false,"template":"","format":"standard","meta":{"footnotes":""},"categories":[269],"tags":[131434,2566,16437,299,298,1177,3010,168,25,24,4627,303,1725,10639,7741,1965,16427,23,167],"class_list":["post-740520","post","type-post","status-publish","format-standard","has-post-thumbnail","category-baloncesto","tag-a-gusto","tag-antes","tag-antoni","tag-baloncesto","tag-basketball","tag-cuanto","tag-daimiel","tag-deportes","tag-es","tag-espana","tag-mal","tag-movistar","tag-nba","tag-pasando","tag-plus","tag-salida","tag-salir","tag-spain","tag-sports"],"share_on_mastodon":{"url":"https:\/\/pubeurope.com\/@es\/117190975897323491","error":""},"_links":{"self":[{"href":"https:\/\/www.europesays.com\/es\/wp-json\/wp\/v2\/posts\/740520","targetHints":{"allow":["GET"]}}],"collection":[{"href":"https:\/\/www.europesays.com\/es\/wp-json\/wp\/v2\/posts"}],"about":[{"href":"https:\/\/www.europesays.com\/es\/wp-json\/wp\/v2\/types\/post"}],"author":[{"embeddable":true,"href":"https:\/\/www.europesays.com\/es\/wp-json\/wp\/v2\/users\/2"}],"replies":[{"embeddable":true,"href":"https:\/\/www.europesays.com\/es\/wp-json\/wp\/v2\/comments?post=740520"}],"version-history":[{"count":0,"href":"https:\/\/www.europesays.com\/es\/wp-json\/wp\/v2\/posts\/740520\/revisions"}],"wp:featuredmedia":[{"embeddable":true,"href":"https:\/\/www.europesays.com\/es\/wp-json\/wp\/v2\/media\/740521"}],"wp:attachment":[{"href":"https:\/\/www.europesays.com\/es\/wp-json\/wp\/v2\/media?parent=740520"}],"wp:term":[{"taxonomy":"category","embeddable":true,"href":"https:\/\/www.europesays.com\/es\/wp-json\/wp\/v2\/categories?post=740520"},{"taxonomy":"post_tag","embeddable":true,"href":"https:\/\/www.europesays.com\/es\/wp-json\/wp\/v2\/tags?post=740520"}],"curies":[{"name":"wp","href":"https:\/\/api.w.org\/{rel}","templated":true}]}}