{"id":740530,"date":"2026-08-31T16:11:17","date_gmt":"2026-08-31T16:11:17","guid":{"rendered":"https:\/\/www.europesays.com\/es\/740530\/"},"modified":"2026-08-31T16:11:17","modified_gmt":"2026-08-31T16:11:17","slug":"otro-fin-de-semana-de-mas-de-7-millones-de-euros-en-los-cines-espanoles-28-30-de-agosto-de-2026-buena-noticia","status":"publish","type":"post","link":"https:\/\/www.europesays.com\/es\/740530\/","title":{"rendered":"Otro fin de semana de m\u00e1s de 7 millones de euros en los cines espa\u00f1oles (28-30 de agosto de 2026). Buena noticia"},"content":{"rendered":"<p><img loading=\"lazy\" decoding=\"async\" src=\"https:\/\/www.europesays.com\/es\/wp-content\/uploads\/2026\/08\/u4389523797_PHILOSOPHICAL_SCIENCE_FICTION_CARTOON__REALISTIC__a51e3c06-312f-4d67-bc03-91d95e8b03b9_3.webp\" class=\"aligncenter size-medium wp-image-152910 lazyload\" alt=\"\" width=\"660\" height=\"660\"\/>Buen fin de semana para los cine espa\u00f1oles, con varias pel\u00edculas, de diferentes g\u00e9nero y estilos. Se han vuelto a superar los 7 millones de euros de recaudaci\u00f3n total. Ma\u00f1ana lo concretaremos.<\/p>\n<p>Liderato, tal y como estaba cantado para la pel\u00edcula espa\u00f1ola de animaci\u00f3n \u00abTadeo Jones y la l\u00e1mpara maravillosa\u00bb. En sus primeros cinco d\u00edas en nuestros cines (hay que recordar que se estren\u00f3 el pasado mi\u00e9rcoles) ha recaudado 2.872.378 \u20ac. Ha vendido 434.708 entradas, por lo que el precio medio del ticket ha sido de 6,60 \u20ac (el mi\u00e9rcoles es el d\u00eda del espectador, el precio es m\u00e1s barato). En el fin de semana ha recaudado 1.486.616 \u20ac. Media de 3.608 \u20ac<\/p>\n<p>\u00abLa Odisea\u00bb sigue llenando sesiones. Este fin de semana ha recuperado posiciones y ha sido la segunda en el ranking espa\u00f1ol de taquilla con 916.861 \u20ac y una ca\u00edda muy moderada, del 28 %, para ser su 7\u00ba fin de semana. 2.939 \u20ac de media por cine. Ya lleva en Espa\u00f1a 34.190.628 \u20ac.<\/p>\n<p>Tercera posici\u00f3n con 907.000 \u20ac para el reestreno con motivo de su 25 aniversario para \u00abHarry Potter y la piedra filosofal\u00bb. 3.502 \u20ac de media por local<\/p>\n<p>\u00abSpider-Man: Brand New Day\u00bb cay\u00f3 hasta la cuarta posici\u00f3n. En su 5\u00ba fin de semana recaud\u00f3 901.739 \u20ac, logrando una media por complejo de 2.845 \u20ac.<\/p>\n<p>Pese a que cay\u00f3 un un 56 %, en su segundo fin de semana, la secuela de terror \u00abInsidious: fuera del m\u00e1s all\u00e1\u00bb logr\u00f3 entrar en el top 5, con 743.780 \u20ac. Media por complejo de 2.583 \u20ac<\/p>\n<p>\u00abEl ser querido\u00bb es una pel\u00edcula magn\u00edfica, quiz\u00e1 la mejor hasta ahora del t\u00e1ndem que forman Rodrigo Sorogoyen e Isabel Pe\u00f1a. Espero que se mantenga bien, porque ha tenido un arranque muy lejos de lo que se merece (gran banda sonora de Olivier Arson, extraordinarias interpretaci\u00f3n de Javier Bardem y Victoria Luengo, un gui\u00f3n magistral y 3 secuencias extraordinarias: la de apertura, la del rodaje y una casi al final entre los dos protagonistas). En sus primeros 5 d\u00edas recaud\u00f3 878.383 \u20ac. En el fin de semana hizo 578.139 \u20ac. Media de 1.784 \u20ac por cine. Sexta posici\u00f3n<\/p>\n<p>S\u00e9ptima posici\u00f3n para la nueva pel\u00edcula de Ridley Scott, \u00abLa conspiraci\u00f3n del perro\u00bb con 555.324 \u20ac y una media por cine de 1.821 \u20ac. En sus primeros 5 d\u00edas hizo 835.795 \u20ac, son casi 50.000 \u20ac menos que el ser querido.<\/p>\n<p>Ma\u00f1ana ampliaremos la informaci\u00f3n.<\/p>\n<p>Continuar\u00e1\u2026<\/p>\n<p> <img decoding=\"async\" class=\"author-img\" src=\"https:\/\/www.europesays.com\/es\/wp-content\/uploads\/2026\/08\/1788192677_385_JLP-camisetta-nosolocine-ok-1.-Foto-by-Bianca-Baust-scaled.jpg\" alt=\"\"\/><\/p>\n<p>Jos\u00e9 L\u00f3pez P\u00e9rez Cineasta, escritor. Director y creador de www.nosolocine.net<\/p>\n<p style=\"text-align: center;\">@JLPnosolocine<\/p>\n","protected":false},"excerpt":{"rendered":"Buen fin de semana para los cine espa\u00f1oles, con varias pel\u00edculas, de diferentes g\u00e9nero y estilos. Se han&hellip;\n","protected":false},"author":2,"featured_media":740531,"comment_status":"","ping_status":"","sticky":false,"template":"","format":"standard","meta":{"footnotes":""},"categories":[169],"tags":[117355,177,81572,146,147,25,24,176,117356,130955,28201,175,23,131435,4314],"class_list":["post-740530","post","type-post","status-publish","format-standard","has-post-thumbnail","category-cine","tag-bianca-baust","tag-cine","tag-el-ser-querido","tag-entertainment","tag-entretenimiento","tag-es","tag-espana","tag-film","tag-jose-lopez-perez","tag-la-constelacion-del-perro","tag-la-odisea","tag-movies","tag-spain","tag-tadeo-jones-y-la-lampara-maravillosa","tag-taquilla"],"share_on_mastodon":{"url":"https:\/\/pubeurope.com\/@es\/117191003371217483","error":""},"_links":{"self":[{"href":"https:\/\/www.europesays.com\/es\/wp-json\/wp\/v2\/posts\/740530","targetHints":{"allow":["GET"]}}],"collection":[{"href":"https:\/\/www.europesays.com\/es\/wp-json\/wp\/v2\/posts"}],"about":[{"href":"https:\/\/www.europesays.com\/es\/wp-json\/wp\/v2\/types\/post"}],"author":[{"embeddable":true,"href":"https:\/\/www.europesays.com\/es\/wp-json\/wp\/v2\/users\/2"}],"replies":[{"embeddable":true,"href":"https:\/\/www.europesays.com\/es\/wp-json\/wp\/v2\/comments?post=740530"}],"version-history":[{"count":0,"href":"https:\/\/www.europesays.com\/es\/wp-json\/wp\/v2\/posts\/740530\/revisions"}],"wp:featuredmedia":[{"embeddable":true,"href":"https:\/\/www.europesays.com\/es\/wp-json\/wp\/v2\/media\/740531"}],"wp:attachment":[{"href":"https:\/\/www.europesays.com\/es\/wp-json\/wp\/v2\/media?parent=740530"}],"wp:term":[{"taxonomy":"category","embeddable":true,"href":"https:\/\/www.europesays.com\/es\/wp-json\/wp\/v2\/categories?post=740530"},{"taxonomy":"post_tag","embeddable":true,"href":"https:\/\/www.europesays.com\/es\/wp-json\/wp\/v2\/tags?post=740530"}],"curies":[{"name":"wp","href":"https:\/\/api.w.org\/{rel}","templated":true}]}}