{"id":740552,"date":"2026-08-31T16:28:08","date_gmt":"2026-08-31T16:28:08","guid":{"rendered":"https:\/\/www.europesays.com\/es\/740552\/"},"modified":"2026-08-31T16:28:08","modified_gmt":"2026-08-31T16:28:08","slug":"el-ajax-presenta-una-oferta-a-osasuna-por-boyomo","status":"publish","type":"post","link":"https:\/\/www.europesays.com\/es\/740552\/","title":{"rendered":"El Ajax presenta una oferta a Osasuna por Boyomo"},"content":{"rendered":"<p class=\"paragraph\">Los movimientos en el mercado de Osasuna son intensos en las \u00faltimas horas. Uno de los frentes que est\u00e1 abierto es el de <b>Enzo Boyomo<\/b>, cuya continuidad no est\u00e1 confirmada. El club navarro ha recibido una oferta por \u00e9l del <b>Ajax <\/b>de \u00c1msterdam que consiste en una cesi\u00f3n pagada hasta el 30 de junio a la que se a\u00f1ade una opci\u00f3n de compra. El equipo neerland\u00e9s est\u00e1 dirigido por el espa\u00f1ol M\u00edchel S\u00e1nchez, ex del Girona y que conoce bien al futbolista internacional con Camer\u00fan.<\/p>\n<p class=\"paragraph\">Si Boyomo se marcha, el club deber\u00eda incorporar un defensa central de aqu\u00ed a ma\u00f1ana a las doce de la noche, cuando expire el mercado de fichajes. <b>La venta abrir\u00eda la llave para acometer alguna otra incorporaci\u00f3n<\/b>. Es un puzle abierto ahora el que tiene Osasuna.<\/p>\n","protected":false},"excerpt":{"rendered":"Los movimientos en el mercado de Osasuna son intensos en las \u00faltimas horas. Uno de los frentes que&hellip;\n","protected":false},"author":2,"featured_media":740553,"comment_status":"","ping_status":"","sticky":false,"template":"","format":"standard","meta":{"footnotes":""},"categories":[268],"tags":[40215,5130,168,25,24,280,282,6046,621,2782,281,23,167],"class_list":["post-740552","post","type-post","status-publish","format-standard","has-post-thumbnail","category-futbol","tag-ajax","tag-boyomo","tag-deportes","tag-es","tag-espana","tag-football","tag-futbol","tag-oferta","tag-osasuna","tag-presenta","tag-soccer","tag-spain","tag-sports"],"share_on_mastodon":{"url":"https:\/\/pubeurope.com\/@es\/117191069463885281","error":""},"_links":{"self":[{"href":"https:\/\/www.europesays.com\/es\/wp-json\/wp\/v2\/posts\/740552","targetHints":{"allow":["GET"]}}],"collection":[{"href":"https:\/\/www.europesays.com\/es\/wp-json\/wp\/v2\/posts"}],"about":[{"href":"https:\/\/www.europesays.com\/es\/wp-json\/wp\/v2\/types\/post"}],"author":[{"embeddable":true,"href":"https:\/\/www.europesays.com\/es\/wp-json\/wp\/v2\/users\/2"}],"replies":[{"embeddable":true,"href":"https:\/\/www.europesays.com\/es\/wp-json\/wp\/v2\/comments?post=740552"}],"version-history":[{"count":0,"href":"https:\/\/www.europesays.com\/es\/wp-json\/wp\/v2\/posts\/740552\/revisions"}],"wp:featuredmedia":[{"embeddable":true,"href":"https:\/\/www.europesays.com\/es\/wp-json\/wp\/v2\/media\/740553"}],"wp:attachment":[{"href":"https:\/\/www.europesays.com\/es\/wp-json\/wp\/v2\/media?parent=740552"}],"wp:term":[{"taxonomy":"category","embeddable":true,"href":"https:\/\/www.europesays.com\/es\/wp-json\/wp\/v2\/categories?post=740552"},{"taxonomy":"post_tag","embeddable":true,"href":"https:\/\/www.europesays.com\/es\/wp-json\/wp\/v2\/tags?post=740552"}],"curies":[{"name":"wp","href":"https:\/\/api.w.org\/{rel}","templated":true}]}}