{"id":740568,"date":"2026-08-31T16:38:14","date_gmt":"2026-08-31T16:38:14","guid":{"rendered":"https:\/\/www.europesays.com\/es\/740568\/"},"modified":"2026-08-31T16:38:14","modified_gmt":"2026-08-31T16:38:14","slug":"asi-seria-el-iphone-20-de-apple-su-gran-rediseno-se-parece-muchisimo-a-un-google-pixel","status":"publish","type":"post","link":"https:\/\/www.europesays.com\/es\/740568\/","title":{"rendered":"As\u00ed ser\u00eda el iPhone 20 de Apple: su gran redise\u00f1o se parece much\u00edsimo a un Google Pixel"},"content":{"rendered":"<p>Apple podr\u00eda cambiar bastante el aspecto de su m\u00f3vil m\u00e1s conocido cuando llegue el iPhone 20. Las im\u00e1genes difundidas por Jon Prosser muestran <b>un iPhone 20 con barra de c\u00e1maras al estilo Pixel<\/b>, adem\u00e1s de laterales curvados en lugar de los bordes planos que Apple recuper\u00f3 con el iPhone 12 y mantiene desde entonces.<\/p>\n<p>La informaci\u00f3n procede de Android Headlines, que recoge el material publicado por Prosser y Front Page Tech. No hay im\u00e1genes oficiales ni detalles aportados por Apple, as\u00ed que conviene tratarlo como lo que es: <b>una filtraci\u00f3n sobre el posible gran redise\u00f1o del iPhone 20<\/b>, con cambios que recordar\u00edan al salto que dio el iPhone X en 2017.<\/p>\n<p><b>Una trasera muy Pixel y el regreso de los laterales curvos<\/b><\/p>\n<p>El cambio m\u00e1s visible estar\u00eda detr\u00e1s. Seg\u00fan las im\u00e1genes, <b>el iPhone 20 b\u00e1sico estrenar\u00eda una barra horizontal para las c\u00e1maras<\/b> que recuerda mucho a la utilizada por Google en los Pixel 11, en lugar del m\u00f3dulo colocado en una esquina que Apple lleva empleando durante varias generaciones. El parecido, visto desde atr\u00e1s, resulta dif\u00edcil de pasar por alto.<\/p>\n<p>Ese dise\u00f1o llegar\u00eda acompa\u00f1ado por <b>el regreso de los laterales curvados al iPhone<\/b>, dejando atr\u00e1s los cantos planos que Apple introdujo de nuevo con el iPhone 12. La idea encaja con filtraciones anteriores sobre <a href=\"https:\/\/www.larazon.es\/tecnologia-consumo\/apple\/iphone-20-aniversario-rediseno-especificaciones-lanzamiento_202605216a0eec353ce3f96345ce80cb.html\" rel=\"nofollow noopener\" target=\"_blank\">cristal curvo y marcos m\u00ednimos<\/a>, aunque por ahora ninguna de estas decisiones puede darse por cerrada.<\/p>\n<p>Prosser tambi\u00e9n apunta a que no todos los modelos seguir\u00edan exactamente el mismo camino. <b>El iPhone 20 Pro podr\u00eda conservar el m\u00f3dulo trasero escalonado<\/b> introducido con el iPhone 17 Pro, mientras que el modelo normal ser\u00eda el que adoptar\u00eda esa barra m\u00e1s cercana a los Pixel. La diferencia entre ambos, por tanto, tambi\u00e9n se notar\u00eda a simple vista.<\/p>\n<p>Que Apple mire a ideas visuales presentes en Android tampoco ser\u00eda nuevo. Hubo rumores de que los <a href=\"https:\/\/www.larazon.es\/tecnologia-consumo\/apple\/el-rediseno-de-los-iphone-18-pro-les-resultara-muy-familiar-a-los-usuarios-de-android_2026011569933f869243cc133c4c1137.html\" rel=\"nofollow noopener\" target=\"_blank\">iPhone 18 Pro cambiar\u00edan su frontal<\/a>, y <b>la referencia ser\u00eda mucho m\u00e1s evidente en la trasera<\/b>. Android Headlines lo resume as\u00ed: \u00abApple ha visto lo inteligente que es ese dise\u00f1o de barra de c\u00e1mara y ha decidido utilizarlo en el iPhone 20\u00bb.<\/p>\n<p><b>El silicio-carbono abre la puerta a m\u00e1s autonom\u00eda o menos grosor<\/b><img loading=\"lazy\" decoding=\"async\" src=\"https:\/\/www.europesays.com\/es\/wp-content\/uploads\/2026\/08\/screenshot-2026-08-31-at-104741-am-1420x705-639237886237363505.webp\" alt=\"Pantalla del iPhone XX\" width=\"1420\" height=\"705\"\/>Pantalla del iPhone XX<\/p>\n<p>Los cambios no se quedar\u00edan en la carcasa. La filtraci\u00f3n habla tambi\u00e9n de <b>bater\u00edas de silicio-carbono para ganar autonom\u00eda o reducir grosor<\/b>, una tecnolog\u00eda que permite almacenar m\u00e1s energ\u00eda sin aumentar el tama\u00f1o en la misma proporci\u00f3n. Para quien use mucho el m\u00f3vil, eso podr\u00eda traducirse en m\u00e1s tiempo lejos del cargador sin convertir el tel\u00e9fono en un ladrillo.<\/p>\n<p>La fuente a\u00f1ade que los iPhone actuales ya quedan por encima de muchos m\u00f3viles Android en autonom\u00eda, con una excepci\u00f3n cada vez m\u00e1s visible: algunos fabricantes chinos est\u00e1n montando <b>bater\u00edas de 7.000 mAh o incluso mayores<\/b>. Apple podr\u00eda aprovechar el silicio-carbono para recortar esa diferencia, aunque el material filtrado no dice qu\u00e9 capacidad concreta tendr\u00eda el futuro iPhone 20.<\/p>\n<p>En los modelos Pro tambi\u00e9n aparecer\u00eda <b>un A21 Pro fabricado por TSMC en 2 nan\u00f3metros<\/b>. No hay cifras de rendimiento ni de consumo que permitan ir m\u00e1s all\u00e1, de modo que cualquier conclusi\u00f3n ser\u00eda prematura. Prosser compara este redise\u00f1o con el del iPhone X, pero el material disponible todav\u00eda no permite saber cu\u00e1nto de esa idea llegar\u00e1 al producto final.<\/p>\n<p>\u00a0<\/p>\n","protected":false},"excerpt":{"rendered":"Apple podr\u00eda cambiar bastante el aspecto de su m\u00f3vil m\u00e1s conocido cuando llegue el iPhone 20. Las im\u00e1genes&hellip;\n","protected":false},"author":2,"featured_media":740569,"comment_status":"","ping_status":"","sticky":false,"template":"","format":"standard","meta":{"footnotes":""},"categories":[81],"tags":[2823,119,123,124,25,24,117,121,122,1604,23,118,120,682],"class_list":["post-740568","post","type-post","status-publish","format-standard","has-post-thumbnail","category-ciencia-y-tecnologia","tag-apple","tag-ciencia","tag-ciencia-y-tecnologia","tag-cienciaytecnologia","tag-es","tag-espana","tag-science","tag-science-and-technology","tag-scienceandtechnology","tag-smartphone","tag-spain","tag-technology","tag-tecnologia","tag-tecnologu00eda"],"share_on_mastodon":{"url":"https:\/\/pubeurope.com\/@es\/117191109464036109","error":""},"_links":{"self":[{"href":"https:\/\/www.europesays.com\/es\/wp-json\/wp\/v2\/posts\/740568","targetHints":{"allow":["GET"]}}],"collection":[{"href":"https:\/\/www.europesays.com\/es\/wp-json\/wp\/v2\/posts"}],"about":[{"href":"https:\/\/www.europesays.com\/es\/wp-json\/wp\/v2\/types\/post"}],"author":[{"embeddable":true,"href":"https:\/\/www.europesays.com\/es\/wp-json\/wp\/v2\/users\/2"}],"replies":[{"embeddable":true,"href":"https:\/\/www.europesays.com\/es\/wp-json\/wp\/v2\/comments?post=740568"}],"version-history":[{"count":0,"href":"https:\/\/www.europesays.com\/es\/wp-json\/wp\/v2\/posts\/740568\/revisions"}],"wp:featuredmedia":[{"embeddable":true,"href":"https:\/\/www.europesays.com\/es\/wp-json\/wp\/v2\/media\/740569"}],"wp:attachment":[{"href":"https:\/\/www.europesays.com\/es\/wp-json\/wp\/v2\/media?parent=740568"}],"wp:term":[{"taxonomy":"category","embeddable":true,"href":"https:\/\/www.europesays.com\/es\/wp-json\/wp\/v2\/categories?post=740568"},{"taxonomy":"post_tag","embeddable":true,"href":"https:\/\/www.europesays.com\/es\/wp-json\/wp\/v2\/tags?post=740568"}],"curies":[{"name":"wp","href":"https:\/\/api.w.org\/{rel}","templated":true}]}}