{"id":740572,"date":"2026-08-31T16:40:15","date_gmt":"2026-08-31T16:40:15","guid":{"rendered":"https:\/\/www.europesays.com\/es\/740572\/"},"modified":"2026-08-31T16:40:15","modified_gmt":"2026-08-31T16:40:15","slug":"marta-luisa-de-noruega-devastada-tras-la-muerte-de-su-padre-mientras-su-esposo-se-recupera-de-un-trasplante-de-rinon","status":"publish","type":"post","link":"https:\/\/www.europesays.com\/es\/740572\/","title":{"rendered":"Marta Luisa de Noruega, devastada tras la muerte de su padre mientras su esposo se recupera de un trasplante de ri\u00f1\u00f3n"},"content":{"rendered":"<p class=\"ft-text\">Momentos agridulces y muy complicados para Marta Luisa de Noruega, que completamente devastada por<strong> el fallecimiento de su padre, el Rey Harald,<\/strong> el pasado viernes a los 89 a\u00f1os tras sufrir un grave empeoramiento en su estado a causa de una infecci\u00f3n bacteriana en el torrente sangu\u00edneo tras su ingreso de urgencia en el Hospital Nacional de Oslo el 17 de agosto debido a acumulaci\u00f3n de l\u00edquido en el cuerpo por la anemia hemol\u00edtica que padec\u00eda, celebra este lunes su segundo aniversario de boda con Durek Verrett.<\/p>\n<p class=\"ft-text\">El 31 de agosto de 2024, despu\u00e9s de un noviazgo rodeado por la pol\u00e9mica y por el que <strong>la hermana mayor del ahora Rey Haakon no dud\u00f3 en renunciar a su t\u00edtulo y a sus obligaciones reales, <\/strong>Marta Luisa y el controvertido cham\u00e1n se daban el &#8216;s\u00ed quiero&#8217; en una rom\u00e1ntica ceremonia celebrada en Geiranger con la presencia y apoyo incondicional de su padre, que siempre defendi\u00f3 que sus hijos no sufrir\u00edan lo mismo que \u00e9l y la Reina Sonia para poder vivir su amor con libertad, seg\u00fan Chance. <\/p>\n<p class=\"ft-text\">Y dos a\u00f1os despu\u00e9s de su boda, la princesa noruega llora desolada la muerte del que fue uno de sus grandes pilares con la vista puesta en la salud de su marido, ya que coincidiendo con el ingreso del Rey Harald en el Rikshospitalet de Oslo, <strong>Durek Verret se somet\u00eda en el mismo hospital a un trasplante de ri\u00f1\u00f3n despu\u00e9s de varios a\u00f1os lidiando con graves problemas renales<\/strong>, y en estos momentos todav\u00eda se encuentra recuper\u00e1ndose de la intervenci\u00f3n.<\/p>\n<p class=\"ft-text\"><strong>Destrozada por la p\u00e9rdida de su padre<\/strong>, Marta Luisa se ha convertido -junto a la ahora Reina Mette-Marit, que contin\u00faa muy d\u00e9bil tras el trasplante de pulm\u00f3n que afront\u00f3 el 17 de julio debido a la fibrosis pulmonar que padece desde 2018- en una de las grandes ausencias en la primera misa en honor al Monarca de Noruega en los \u00faltimos 35 a\u00f1os que se ha celebrado este domingo en la iglesia de Asker y que ha estado encabezada por el Rey Haakon, su madre la Reina Sonia, y sus hijos, la Princesa heredera Ingrid Alexandra y el Pr\u00edncipe Sverre Magnus.<\/p>\n<p class=\"ft-text\">Mientras la Familia Real recordaba al Rey Harald en Skaugum, <strong>Marta Luisa ha optado por quedarse en el Palacio Real de Oslo para velar en la intimidad los restos mortales de su padre arropada en todo momento por sus tres hijas, Maud Angelica (23), Leah Isadora (21) y Emma Tallulah (17), fruto de su matrimonio con Ari Behn, <\/strong>que se quitaba la vida el 25 de diciembre de 2019 a causa de una grave depresi\u00f3n dos a\u00f1os despu\u00e9s de su divorcio de la princesa noruega.<\/p>\n<p class=\"ft-text\">Se espera que la hermana del Rey Haakon s\u00ed asista sin embargo con el resto de su familia, y miembros de diferentes Casas Reales y personalidades -como los Reyes Felipe y Letizia- al funeral de Estado de Harald V que se celebrar\u00e1 el pr\u00f3ximo 9 de septiembre en la Catedral de Oslo, aunque en el aire est\u00e1 si lo har\u00e1 acompa\u00f1ada por su marido Durek Verrett si su salud se lo permite tras el reciente trasplante de ri\u00f1\u00f3n al que se ha sometido.<\/p>\n","protected":false},"excerpt":{"rendered":"Momentos agridulces y muy complicados para Marta Luisa de Noruega, que completamente devastada por el fallecimiento de su&hellip;\n","protected":false},"author":2,"featured_media":740573,"comment_status":"","ping_status":"","sticky":false,"template":"","format":"standard","meta":{"footnotes":""},"categories":[42],"tags":[17,18,106571,62868,13,14,11,563,61,62,63,64,19,20,31581,14494,4920,9,4907,10,15,16,12,21,22,65,66,67],"class_list":["post-740572","post","type-post","status-publish","format-standard","has-post-thumbnail","category-internacional","tag-breaking-news","tag-breakingnews","tag-devastada","tag-el-principe","tag-featured-news","tag-featurednews","tag-headlines","tag-hijos","tag-internacional","tag-international","tag-international-news","tag-internationalnews","tag-latest-news","tag-latestnews","tag-luisa","tag-marta","tag-muerte","tag-news","tag-noruega","tag-noticias","tag-noticias-destacadas","tag-noticiasdestacadas","tag-titulares","tag-ultimas-noticias","tag-ultimasnoticias","tag-world","tag-world-news","tag-worldnews"],"share_on_mastodon":{"url":"https:\/\/pubeurope.com\/@es\/117191116615767973","error":""},"_links":{"self":[{"href":"https:\/\/www.europesays.com\/es\/wp-json\/wp\/v2\/posts\/740572","targetHints":{"allow":["GET"]}}],"collection":[{"href":"https:\/\/www.europesays.com\/es\/wp-json\/wp\/v2\/posts"}],"about":[{"href":"https:\/\/www.europesays.com\/es\/wp-json\/wp\/v2\/types\/post"}],"author":[{"embeddable":true,"href":"https:\/\/www.europesays.com\/es\/wp-json\/wp\/v2\/users\/2"}],"replies":[{"embeddable":true,"href":"https:\/\/www.europesays.com\/es\/wp-json\/wp\/v2\/comments?post=740572"}],"version-history":[{"count":0,"href":"https:\/\/www.europesays.com\/es\/wp-json\/wp\/v2\/posts\/740572\/revisions"}],"wp:featuredmedia":[{"embeddable":true,"href":"https:\/\/www.europesays.com\/es\/wp-json\/wp\/v2\/media\/740573"}],"wp:attachment":[{"href":"https:\/\/www.europesays.com\/es\/wp-json\/wp\/v2\/media?parent=740572"}],"wp:term":[{"taxonomy":"category","embeddable":true,"href":"https:\/\/www.europesays.com\/es\/wp-json\/wp\/v2\/categories?post=740572"},{"taxonomy":"post_tag","embeddable":true,"href":"https:\/\/www.europesays.com\/es\/wp-json\/wp\/v2\/tags?post=740572"}],"curies":[{"name":"wp","href":"https:\/\/api.w.org\/{rel}","templated":true}]}}