{"id":740574,"date":"2026-08-31T16:41:08","date_gmt":"2026-08-31T16:41:08","guid":{"rendered":"https:\/\/www.europesays.com\/es\/740574\/"},"modified":"2026-08-31T16:41:08","modified_gmt":"2026-08-31T16:41:08","slug":"israel-acusa-a-pedro-sanchez-de-mentir-sobre-ceuta","status":"publish","type":"post","link":"https:\/\/www.europesays.com\/es\/740574\/","title":{"rendered":"Israel acusa a Pedro S\u00e1nchez de mentir sobre Ceuta"},"content":{"rendered":"<p>El ministro de Exteriores de Israel, <strong>Gideon Saar <\/strong>ha acusado este lunes a Pedro S\u00e1nchez, presidente del Gobierno, de \u00ab<strong>mentir descaradamente<\/strong>\u00bb al insinuar que <strong>Israel <\/strong>o <strong>Rusia <\/strong>hab\u00edan tratado de desestabilizar al Estado espa\u00f1ol con la entrada de decenas de <strong>miles de migrantes en Ceuta<\/strong> el mes de julio.<\/p>\n<p>\u00abVolvi\u00f3 a mentir, acusando asombrosamente a Israel de difundir informaci\u00f3n falsa sobre los sucesos de Ceuta\u00bb, ha escrito <strong>Saar <\/strong>en una publicaci\u00f3n de X. \u00abEsto es una mentira descarada\u00bb, ha continuado. <\/p>\n<p>Seg\u00fan el ministro israel\u00ed, se trata de una maniobra del presidente espa\u00f1ol para desviar la atenci\u00f3n del \u00ab<strong>fracaso vergonzoso<\/strong>\u00bb de su gesti\u00f3n del pa\u00eds. Ya en 2024, cuando el l\u00edder del Ejecutivo reconoci\u00f3 al <strong>Estado palestino<\/strong>, el Gobierno de <strong>Benjam\u00edn Netanyahu <\/strong>retir\u00f3 a su <strong>embajadora de Madrid<\/strong>. S\u00e1nchez hizo lo mismo y en marzo de 2026 degrad\u00f3 la Embajada espa\u00f1ola de Israel. Tras estas decisiones por parte de ambos pa\u00edses, las representaciones las llevan a cabo las <strong>encargadas de negocios<\/strong>. <\/p>\n<p>Ha sido una de ellas, la encargada de negocios israel\u00ed en Espa\u00f1a, <strong>Dana Erlich<\/strong>, quien ha compartido un mensaje similar al de Saar. Un texto en el que avisa que \u00abla desinformaci\u00f3n ha que combatirla. No se puede seguir usando a Israel como <strong>cortina de humo<\/strong>\u00ab, ha criticado.<\/p>\n<p>Pedro S\u00e1nchez involucra a ambos pa\u00edses en el origen de los sucedido en Ceuta<\/p>\n<p><strong><a href=\"https:\/\/www.rtve.es\/noticias\/20260831\/sanchez-anuncia-rey-visitara-ceuta-defiende-marruecos\/17206526.shtml\" target=\"_blank\" rel=\"nofollow noopener\">S\u00e1nchez<\/a><\/strong><a href=\"https:\/\/www.rtve.es\/noticias\/20260831\/sanchez-anuncia-rey-visitara-ceuta-defiende-marruecos\/17206526.shtml\" target=\"_blank\" rel=\"nofollow noopener\"> <\/a>ha hecho menci\u00f3n a <strong>Rusia <\/strong>e <strong>Israel <\/strong>durante la entrevista de este lunes con la Cadena Ser, en la que aseguraba que \u00absi Rusia se mete a desinformar sobre esta cuesti\u00f3n o Israel tambi\u00e9n desinforma criticando al Gobierno de Espa\u00f1a, no ser\u00e1 porque les preocupa la migraci\u00f3n en Espa\u00f1a o en Europa, sino por las posiciones pol\u00edticas que estamos manteniendo, yo creo que valientes, respecto al genocidio en Gaza o respecto a la invasi\u00f3n de Putin en Ucrania\u00bb.<\/p>\n<p>El mandatario ha asegurado que los bulos que impulsaron la entrada masiva se difundieron en redes sociales \u201c<strong>asociadas tanto a Rusia como a Israel<\/strong> y a una<strong> internacional ultraderechista <\/strong>que utiliza siempre la migraci\u00f3n, no solamente para atacar a <strong>Espa\u00f1a <\/strong>sino tambi\u00e9n a <strong>Europa<\/strong>\u201d. Sin embargo, aclara que no quiere decir \u201cque tenga que venir de un <strong>actor estatal<\/strong>\u201d y que todav\u00eda se tiene que seguir investigando el suceso porque \u201cdesgraciadamente no tenemos un conocimiento completo de lo que ocurri\u00f3\u201d y tambi\u00e9n ha explicado que, a ra\u00edz de las investigaciones, no hay \u00ab<strong>ninguna informaci\u00f3n<\/strong>\u00bb que apunte a la implicaci\u00f3n de <strong>Marruecos <\/strong>como impulsor de la entrada masiva de migrantes a Ceuta. <\/p>\n","protected":false},"excerpt":{"rendered":"El ministro de Exteriores de Israel, Gideon Saar ha acusado este lunes a Pedro S\u00e1nchez, presidente del Gobierno,&hellip;\n","protected":false},"author":2,"featured_media":740575,"comment_status":"","ping_status":"","sticky":false,"template":"","format":"standard","meta":{"footnotes":""},"categories":[8],"tags":[17,18,25,24,13,14,11,19,20,9,10,15,16,23,12,21,22],"class_list":["post-740574","post","type-post","status-publish","format-standard","has-post-thumbnail","category-espana","tag-breaking-news","tag-breakingnews","tag-es","tag-espana","tag-featured-news","tag-featurednews","tag-headlines","tag-latest-news","tag-latestnews","tag-news","tag-noticias","tag-noticias-destacadas","tag-noticiasdestacadas","tag-spain","tag-titulares","tag-ultimas-noticias","tag-ultimasnoticias"],"share_on_mastodon":{"url":"https:\/\/pubeurope.com\/@es\/117191120607116468","error":""},"_links":{"self":[{"href":"https:\/\/www.europesays.com\/es\/wp-json\/wp\/v2\/posts\/740574","targetHints":{"allow":["GET"]}}],"collection":[{"href":"https:\/\/www.europesays.com\/es\/wp-json\/wp\/v2\/posts"}],"about":[{"href":"https:\/\/www.europesays.com\/es\/wp-json\/wp\/v2\/types\/post"}],"author":[{"embeddable":true,"href":"https:\/\/www.europesays.com\/es\/wp-json\/wp\/v2\/users\/2"}],"replies":[{"embeddable":true,"href":"https:\/\/www.europesays.com\/es\/wp-json\/wp\/v2\/comments?post=740574"}],"version-history":[{"count":0,"href":"https:\/\/www.europesays.com\/es\/wp-json\/wp\/v2\/posts\/740574\/revisions"}],"wp:featuredmedia":[{"embeddable":true,"href":"https:\/\/www.europesays.com\/es\/wp-json\/wp\/v2\/media\/740575"}],"wp:attachment":[{"href":"https:\/\/www.europesays.com\/es\/wp-json\/wp\/v2\/media?parent=740574"}],"wp:term":[{"taxonomy":"category","embeddable":true,"href":"https:\/\/www.europesays.com\/es\/wp-json\/wp\/v2\/categories?post=740574"},{"taxonomy":"post_tag","embeddable":true,"href":"https:\/\/www.europesays.com\/es\/wp-json\/wp\/v2\/tags?post=740574"}],"curies":[{"name":"wp","href":"https:\/\/api.w.org\/{rel}","templated":true}]}}