{"id":740576,"date":"2026-08-31T16:42:15","date_gmt":"2026-08-31T16:42:15","guid":{"rendered":"https:\/\/www.europesays.com\/es\/740576\/"},"modified":"2026-08-31T16:42:15","modified_gmt":"2026-08-31T16:42:15","slug":"mas-de-200-inmigrantes-han-sido-expulsados-por-delinquir-en-ceuta-donde-la-fiscalia-ha-registrado-23-agresiones-sexuales","status":"publish","type":"post","link":"https:\/\/www.europesays.com\/es\/740576\/","title":{"rendered":"M\u00e1s de 200 inmigrantes han sido expulsados por delinquir en Ceuta, donde la Fiscal\u00eda ha registrado 23 agresiones sexuales"},"content":{"rendered":"<p class=\"c-paragraph\">El ministro responsable del mando \u00fanico para la gesti\u00f3n de la crisis migratoria en Ceuta, <a href=\"https:\/\/www.20minutos.es\/tags\/personas\/angel-victor-torres.html\" title=\"\u00c1ngel V\u00edctor Torres\" target=\"_blank\" rel=\"nofollow noopener\">\u00c1ngel V\u00edctor Torres<\/a>, ha asegurado este lunes que <b>200 inmigrantes han sido expulsados <\/b>tras ser detenidos en la ciudad aut\u00f3noma como presuntos autores de distintos delitos. Asimismo, la <a href=\"https:\/\/www.20minutos.es\/tags\/temas\/la-fiscalia.html\" title=\"La Fiscal\u00eda\" target=\"_blank\" rel=\"nofollow noopener\">Fiscal\u00eda General del Estado<\/a>\u00a0afirma que se han registrado 23 agresiones sexuales en Ceuta en el \u00faltimo mes, si bien solo se ha identificado a ocho autores:<b> cuatro marroqu\u00edes, tres espa\u00f1oles y un ciudadano belga.\u00a0<\/b><\/p>\n<p class=\"c-paragraph\">De acuerdo con la informaci\u00f3n proporcionada por el Ministerio Fiscal, cinco de las agresiones denunciadas han sido violaciones y <b>nueve de las v\u00edctimas son menores de edad, de entre 14 y 17 a\u00f1os. <\/b>El Gobierno ha aprobado este lunes un segundo refuerzo para el Tribunal de Instancia de Ceuta, de manera que un nuevo juez se incorporar\u00e1 para instruir causas relacionadas con violencia sobre la mujer, de acuerdo con el Ministerio de Justicia.\u00a0<\/p>\n<p class=\"c-paragraph\">El ministro de Pol\u00edtica Territorial ha garantizado durante una entrevista en Antena 3\u00a0que las autoridades espa\u00f1olas son<b> \u00ababsolutamente intransigentes\u00bb con la comisi\u00f3n de delitos en Ceuta<\/b>, donde seg\u00fan el Ejecutivo a\u00fan permanecen 5.000 de los hasta 80.000 inmigrantes que llegaron desde Marruecos a finales de julio.\u00a0<\/p>\n<p class=\"c-paragraph\">La cifra que ha ofrecido \u00c1ngel V\u00edctor Torres duplica la que report\u00f3 el 28 de agosto el ministro del Interior, <a href=\"https:\/\/www.20minutos.es\/tags\/personas\/fernando-grande-marlaska.html\" title=\"Fernando Grande-Marlaska\" rel=\"nofollow noopener\" target=\"_blank\">Fernando Grande-Marlaska<\/a>. El titular de Interior limit\u00f3 a 100 el n\u00famero de expulsados por la comisi\u00f3n de supuestos delitos y fuentes de su ministerio apuntaron que <b>tres de ellos tienen antecedentes por delitos vinculados al yihadismo.<\/b> Este lunes, \u00c1ngel V\u00edctor Torres ha elevado la cifra a 200 expulsados.\u00a0<\/p>\n<p class=\"c-paragraph\">Tambi\u00e9n este lunes, la Fiscal\u00eda ha informado de la comisi\u00f3n de 23 presuntas agresiones sexuales en la ciudad aut\u00f3noma que desde hace un mes est\u00e1 sumida en una crisis migratoria. El pasado jueves, cuando se hab\u00edan registrado un total de 16 agresiones sexuales, la fiscal general del Estado, Teresa Peramato, incidi\u00f3 en la<b> \u00abespecial vulnerabilidad\u00bb de las menores migrantes <\/b>que se encuentran en la ciudad aut\u00f3noma. A\u00f1adi\u00f3 que en Ceuta seha registrado tambi\u00e9n un \u00abincremento en los delitos contra el patrimonio\u00bb, as\u00ed como en los de \u00abatentado y resistencia a los agentes de la autoridad\u00bb.\u00a0<\/p>\n<p class=\"c-paragraph\">La Delegaci\u00f3n del Gobierno contra la Violencia de G\u00e9nero en la ciudad aut\u00f3noma activ\u00f3 un plan de contingencia el pasado 4 de agosto, con el objetivo de reforzar la atenci\u00f3n de las mujeres en protecci\u00f3n e implementar la atenci\u00f3n y protecci\u00f3n de las mujeres y ni\u00f1as migrantes que han llegado a Ceuta tras el 30 de julio. Asimismo, el Ejecutivo ha colaborado con las ONG que trabajan sobre el terreno para i<b>nformar del servicio 016,<\/b>\u00a0que atiende en 53 idiomas, de acuerdo con informaci\u00f3n de Europa Press.\u00a0<\/p>\n<p class=\"c-paragraph\">El Ministerio de Igualdad asegura que se ha coordinado de forma constante con el Ejecutivo ceut\u00ed para poner a su disposici\u00f3n todos los \u00abinstrumentos de protecci\u00f3n\u00bb, entre ellos el Centro de Crisis 24 horas que cuenta con 14 plazas para acoger a v\u00edctimas de violencia sexual las 24 horas del d\u00eda. La ministra de Igualdad, Ana Redondo, ha explicado este lunes en el Congreso que, en su di\u00e1logo con el Gobierno de Ceuta, se ha acordado ampliar la estancia de las v\u00edctimas m\u00e1s all\u00e1 de las 72 horas habituales.\u00a0<\/p>\n<p class=\"c-paragraph\">Por otro lado, el Consejo General del Poder Judicial ha tramitado una comisi\u00f3n de servicio para reforzar el Tribunal de Instancia de Ceuta y prestar apoyo a la plaza con competencia en materia de violencia sobre la mujer. El plazo para presentar las solicitudes a dicha plaza culmin\u00f3 el pasado viernes a las 23.59 horas, y el Gobierno ha aprobado el refuerzo este mismo lunes, seg\u00fan ha comunicado el Ministerio de Justicia.\u00a0<\/p>\n","protected":false},"excerpt":{"rendered":"El ministro responsable del mando \u00fanico para la gesti\u00f3n de la crisis migratoria en Ceuta, \u00c1ngel V\u00edctor Torres,&hellip;\n","protected":false},"author":2,"featured_media":740577,"comment_status":"","ping_status":"","sticky":false,"template":"","format":"standard","meta":{"footnotes":""},"categories":[5],"tags":[15093,17508,17,18,8369,25,24,13,14,4767,11,4207,19,20,9,10,15,16,23,12,21,22],"class_list":["post-740576","post","type-post","status-publish","format-standard","has-post-thumbnail","category-titulares","tag-15093","tag-agresiones","tag-breaking-news","tag-breakingnews","tag-eleva","tag-es","tag-espana","tag-featured-news","tag-featurednews","tag-fiscalia","tag-headlines","tag-las","tag-latest-news","tag-latestnews","tag-news","tag-noticias","tag-noticias-destacadas","tag-noticiasdestacadas","tag-spain","tag-titulares","tag-ultimas-noticias","tag-ultimasnoticias"],"share_on_mastodon":{"url":"https:\/\/pubeurope.com\/@es\/117191124256517380","error":""},"_links":{"self":[{"href":"https:\/\/www.europesays.com\/es\/wp-json\/wp\/v2\/posts\/740576","targetHints":{"allow":["GET"]}}],"collection":[{"href":"https:\/\/www.europesays.com\/es\/wp-json\/wp\/v2\/posts"}],"about":[{"href":"https:\/\/www.europesays.com\/es\/wp-json\/wp\/v2\/types\/post"}],"author":[{"embeddable":true,"href":"https:\/\/www.europesays.com\/es\/wp-json\/wp\/v2\/users\/2"}],"replies":[{"embeddable":true,"href":"https:\/\/www.europesays.com\/es\/wp-json\/wp\/v2\/comments?post=740576"}],"version-history":[{"count":0,"href":"https:\/\/www.europesays.com\/es\/wp-json\/wp\/v2\/posts\/740576\/revisions"}],"wp:featuredmedia":[{"embeddable":true,"href":"https:\/\/www.europesays.com\/es\/wp-json\/wp\/v2\/media\/740577"}],"wp:attachment":[{"href":"https:\/\/www.europesays.com\/es\/wp-json\/wp\/v2\/media?parent=740576"}],"wp:term":[{"taxonomy":"category","embeddable":true,"href":"https:\/\/www.europesays.com\/es\/wp-json\/wp\/v2\/categories?post=740576"},{"taxonomy":"post_tag","embeddable":true,"href":"https:\/\/www.europesays.com\/es\/wp-json\/wp\/v2\/tags?post=740576"}],"curies":[{"name":"wp","href":"https:\/\/api.w.org\/{rel}","templated":true}]}}