{"id":740578,"date":"2026-08-31T16:48:27","date_gmt":"2026-08-31T16:48:27","guid":{"rendered":"https:\/\/www.europesays.com\/es\/740578\/"},"modified":"2026-08-31T16:48:27","modified_gmt":"2026-08-31T16:48:27","slug":"el-proyecto-del-gran-canaria-bike-team-mucho-mas-que-un-equipo","status":"publish","type":"post","link":"https:\/\/www.europesays.com\/es\/740578\/","title":{"rendered":"El proyecto del Gran Canaria Bike Team: mucho m\u00e1s que un equipo"},"content":{"rendered":"<p class=\"v-ath__p v-ath__p--1\">\nCANARIAS7\n<\/p>\n<p class=\"v-ath__p v-ath__p--2\">\nLas Palmas xde Gran Canaria\n<\/p>\n<p>30\/08\/2026 a las 21:38h.<\/p>\n<p class=\"v-d-p\" style=\"\">Nadie les dijo que iba a ser una tarea tit\u00e1nica. Seguramente, de haberlo sabido, alguno no estar\u00eda en el proyecto en la actualidad. Pero los que est\u00e1n derrochan pasi\u00f3n, energ\u00eda y capacidad. Y lo que es m\u00e1s importante, el ambiente en los cimientos de la estructura es el de una familia.<\/p>\n<p class=\"v-d-p\" style=\"\">Dicho coloquialmente<strong>, lo que est\u00e1 ocurriendo en la actual temporada con el Gran Canaria Bike Team es de locos<\/strong>. El presente verano ha supuesto la eclosi\u00f3n de una serie de corredores que no han salido de la nada, que son la consecuencia de un proyecto que lleva tiempo construy\u00e9ndose sobre una idea muy concreta: <strong>trabajo profesional para formar ciclistas profesionales.<\/strong><\/p>\n<p class=\"v-d-p\" style=\"\">El objetivo no es s\u00f3lo ganar carreras. El prop\u00f3sito es crear las condiciones para que los j\u00f3venes ciclistas puedan desarrollar todo su potencial y, llegado el momento, dar el salto al cielo deportivo. Y hacerlo desde Canarias, pese a las dificultades a\u00f1adidas que supone la insularidad.<strong> El proyecto mira incluso m\u00e1s lejos: que el propio GCBT pueda convertirse en un equipo profesional en un futuro no muy lejano.<\/strong><\/p>\n<p class=\"v-d-p\" style=\"\">Para alcanzar ese objetivo no basta con tener buenos corredores. Hace falta una estructura capaz de sostenerlos, una planificaci\u00f3n que no deje nada al azar y una forma de entender el deporte en la que cada detalle se mire con lupa.<\/p>\n<p class=\"v-d-p\" style=\"\"><strong>Una maquinaria sin descanso<\/strong><\/p>\n<p class=\"v-d-p\" style=\"\">Hay un dato que ayuda a comprender la dimensi\u00f3n del proyecto: salvo los corredores vascos que integran el Gran Canaria-EKD Bike Team en categor\u00eda sub-23, todos lo ciclistas del equipo capitalino proceden o viven en las islas Canarias<strong>. Competir al m\u00e1ximo nivel supone asumir una dificultad que sus rivales peninsulares no tienen: <\/strong>cada carrera comienza con un desplazamiento y exige organizar las vidas de unos chicos que han de soportar estancias largas lejos de casa.<\/p>\n<p><img decoding=\"async\" loading=\"lazy\" src=\"https:\/\/www.europesays.com\/es\/wp-content\/uploads\/2026\/08\/principal2-kVBB--680x476@Canarias7.jpg\" class=\"v-a-img\" width=\"680\" height=\"478\" alt=\"\" data-voc-vtm-id=\"in-text-traffic\"\/><\/p>\n<p class=\"v-d-p\" style=\"\">Convertir esa dificultad en una rutina perfecta y fluida es uno de los grandes retos del GCBT. <strong>Durante casi diez meses al a\u00f1o, la estructura se desplaza por casi 140 localidades de toda Espa\u00f1a, con varios equipos que muchas veces compiten simult\u00e1neamente en diferentes puntos del pa\u00eds.<\/strong> Barcos, vuelos, hoteles, veh\u00edculos, comidas y concentraciones forman parte de una compleja maquinaria en la que cada pieza debe estar en su sitio.<\/p>\n<p class=\"v-d-p\" style=\"\">Cuando terminan las clases, la exigencia log\u00edstica aumenta a\u00fan m\u00e1s. Durante el \u00faltimo mes y medio de la temporada, casi todos sus equipos permanecen concentrados en la Pen\u00ednsula para poder <strong>afrontar las carreras en condiciones similares a las de sus rivales continentales.<\/strong><\/p>\n<p class=\"v-d-p\" style=\"\">Es un dispositivo humano perfecto que permanece pr\u00e1cticamente invisible cuando el corredor cruza la l\u00ednea de meta, pero que resulta imprescindible para que pueda estar all\u00ed. Dispositivo que incrementa su valor si se tiene en cuenta el delicado equilibrio que Lola Santana, la tesorera del equipo, hace para cuadrar los n\u00fameros a pesar del just\u00edsimo presupuesto que maneja. El crecimiento y desarrollo de la idea depender\u00e1 mucho de lograr disponer de mayor financiaci\u00f3n.<strong> El GCBT ha demostrado que puede y sabe c\u00f3mo crecer, pero eso requiere disponer de mayores recursos econ\u00f3micos. <\/strong><\/p>\n<p><img decoding=\"async\" loading=\"lazy\" src=\"https:\/\/www.europesays.com\/es\/wp-content\/uploads\/2026\/08\/rodando-kVBB--680x476@Canarias7.png\" class=\"v-a-img\" width=\"680\" height=\"478\" alt=\"\" data-voc-vtm-id=\"in-text-traffic\"\/><\/p>\n<p class=\"v-d-p\" style=\"\">Pero el trabajo no termina en el desplazamiento. El Gran Canaria Bike Team ha construido alrededor de sus corredores un modelo que incorpora preparaci\u00f3n deportiva, seguimiento m\u00e9dico, nutrici\u00f3n y psicolog\u00eda. El apoyo del Hospital Perpetuo Socorro permite realizar controles m\u00e9dicos y conocer con precisi\u00f3n la evoluci\u00f3n y las capacidades f\u00edsicas de los ciclistas, mientras que el seguimiento nutricional y psicol\u00f3gico completa el entorno necesario para el desarrollo del deportista. Pero m\u00e1s importante a\u00fan y algo que da m\u00e1s valor al proyecto es que la exigencia no se limita a la excelencia deportiva, tambi\u00e9n alcanza al comportamiento exquisito, al compromiso con el equipo, a la convivencia durante las concentraciones y competiciones y al rendimiento acad\u00e9mico. El club entiende que formar a un deportista joven significa ayudarle a crecer como persona. Por eso el seguimiento escolar forma parte igualmente de la metodolog\u00eda.<\/p>\n<p class=\"v-d-p\" style=\"\"><strong>Cultura de equipo<\/strong><\/p>\n<p class=\"v-d-p\" style=\"\">Sobre la parcela estrictamente deportiva se encuentra el director deportiv<strong>o, Yojanan Reyes, responsable de trasladar al terreno de entrenamiento y competici\u00f3n esa filosof\u00eda de trabajo<\/strong>.<\/p>\n<p class=\"v-d-p\" style=\"\">Su manera de entender la formaci\u00f3n tiene una caracter\u00edstica especialmente importante cuando se trabaja con corredores j\u00f3venes: exigir, y exigir mucho, pero hacerlo desde la cercan\u00eda. Entender al deportista, acompa\u00f1arlo, protegerlo cuando lo necesita y, al mismo tiempo, pedirle que d\u00e9 un paso m\u00e1s. <\/p>\n<p class=\"v-d-p\" style=\"\">Conseguir que el corredor conf\u00ede en su entrenador y que esa confianza sea la base sobre la que construir la exigencia. Yojan, as\u00ed le llaman sus corredores, es una rara avis en el deporte base y un lujo para cualquier organizaci\u00f3n.<\/p>\n<p class=\"v-d-p\" style=\"\"><strong>Pero si hay una persona alrededor de la cual gira todo ese engranaje, esa es Noelia P\u00e9rez<\/strong>.<\/p>\n<p class=\"v-d-p\" style=\"\">Presidenta del Gran Canaria Bike Team, impulsora y generadora de ideas, Noelia re\u00fane adem\u00e1s una experiencia deportiva poco habitual. Fue tenista profesional y form\u00f3 parte del equipo espa\u00f1ol de Copa Federaci\u00f3n, la actual Billie Jean King Cup. En 1992 integr\u00f3 la selecci\u00f3n espa\u00f1ola que se enfrent\u00f3, entre otras, a Argentina y B\u00e9lgica. Su trayectoria profesional en el tenis incluy\u00f3 adem\u00e1s la participaci\u00f3n en el US Open de 1992 y el Open de Australia de 1993. <\/p>\n<p class=\"v-d-p\" style=\"\">Pero quiz\u00e1 su mayor virtud aplicada ahora al ciclismo, adem\u00e1s del incalculable valor de su carrera deportiva en el m\u00e1ximo nivel, sea su capacidad para detectar talento humano. Para identificar qu\u00e9 profesional necesita el proyecto en cada \u00e1rea, convencerlo para que se incorpore y conseguir que todas esas piezas terminen funcionando como una sola estructura.<\/p>\n<p class=\"v-d-p\" style=\"\">Noelia es, sin ninguna duda, el punto desde el que se proyecta el esp\u00edritu del equipo. La persona que imagina hacia d\u00f3nde quiere llegar y que despu\u00e9s busca a quienes pueden ayudar a convertir esa idea en realidad, si olvidar su otra gran virtud, su inagotable capacidad de trabajo.<\/p>\n<p class=\"v-d-p\" style=\"\">Y esa combinaci\u00f3n de visi\u00f3n, exigencia deportiva, cuidado del deportista y capacidad organizativa empieza a<strong> tener una respuesta que confirma la direcci\u00f3n del proyecto: los resultados.<\/strong><\/p>\n","protected":false},"excerpt":{"rendered":"CANARIAS7 Las Palmas xde Gran Canaria 30\/08\/2026 a las 21:38h. Nadie les dijo que iba a ser una&hellip;\n","protected":false},"author":2,"featured_media":740579,"comment_status":"","ping_status":"","sticky":false,"template":"","format":"standard","meta":{"footnotes":""},"categories":[273],"tags":[323,7221,313,312,168,622,25,24,3956,5568,23,167,1222],"class_list":["post-740578","post","type-post","status-publish","format-standard","has-post-thumbnail","category-ciclismo","tag-bike","tag-canaria","tag-ciclismo","tag-cycling","tag-deportes","tag-equipo","tag-es","tag-espana","tag-gran","tag-proyecto","tag-spain","tag-sports","tag-team"],"share_on_mastodon":{"url":"https:\/\/pubeurope.com\/@es\/117191148873357057","error":""},"_links":{"self":[{"href":"https:\/\/www.europesays.com\/es\/wp-json\/wp\/v2\/posts\/740578","targetHints":{"allow":["GET"]}}],"collection":[{"href":"https:\/\/www.europesays.com\/es\/wp-json\/wp\/v2\/posts"}],"about":[{"href":"https:\/\/www.europesays.com\/es\/wp-json\/wp\/v2\/types\/post"}],"author":[{"embeddable":true,"href":"https:\/\/www.europesays.com\/es\/wp-json\/wp\/v2\/users\/2"}],"replies":[{"embeddable":true,"href":"https:\/\/www.europesays.com\/es\/wp-json\/wp\/v2\/comments?post=740578"}],"version-history":[{"count":0,"href":"https:\/\/www.europesays.com\/es\/wp-json\/wp\/v2\/posts\/740578\/revisions"}],"wp:featuredmedia":[{"embeddable":true,"href":"https:\/\/www.europesays.com\/es\/wp-json\/wp\/v2\/media\/740579"}],"wp:attachment":[{"href":"https:\/\/www.europesays.com\/es\/wp-json\/wp\/v2\/media?parent=740578"}],"wp:term":[{"taxonomy":"category","embeddable":true,"href":"https:\/\/www.europesays.com\/es\/wp-json\/wp\/v2\/categories?post=740578"},{"taxonomy":"post_tag","embeddable":true,"href":"https:\/\/www.europesays.com\/es\/wp-json\/wp\/v2\/tags?post=740578"}],"curies":[{"name":"wp","href":"https:\/\/api.w.org\/{rel}","templated":true}]}}