{"id":740580,"date":"2026-08-31T16:50:47","date_gmt":"2026-08-31T16:50:47","guid":{"rendered":"https:\/\/www.europesays.com\/es\/740580\/"},"modified":"2026-08-31T16:50:47","modified_gmt":"2026-08-31T16:50:47","slug":"primera-toma-de-contacto-del-nuevo-meins-avenida-con-el-wurzburg-silvia-dominguez","status":"publish","type":"post","link":"https:\/\/www.europesays.com\/es\/740580\/","title":{"rendered":"Primera toma de contacto del nuevo Meins Avenida con el W\u00fcrzburg Silvia Dom\u00ednguez"},"content":{"rendered":"<p class=\"v-d-p\" style=\"\"><strong>Meins Avenida<\/strong> ha comenzado los entrenamientos en el W\u00fcrzburg Silvia Dom\u00ednguez con siete jugadoras de la primera plantilla y cinco &#8216;vinculadas&#8217;<\/p>\n<p class=\"v-d-p\" style=\"\">Despu\u00e9s de un largo verano, con las semanas de incertidumbre sobre el futuro del equipo, Meins Avenida 2026\/27 ya es una realidad. Este lunes, en el pabell\u00f3n W\u00fcrzburg Silvia Dom\u00ednguez, ha comenzado los entrenamientos de pretemporada a las \u00f3rdenes de <strong>Pablo Garc\u00eda<\/strong>, con Eva Oliva y Sergio Moreta como ayudantes.<\/p>\n<p class=\"v-d-p\" style=\"\"><strong>Claudia Soriano<\/strong>, la nueva capitana, la salmantina In\u00e9s Santib\u00e1\u00f1ez, Marta Canella, Davinia \u00c1ngel, Sara Roumy, Emma Johansson y Rebeka Mikulasikova, han sido las presentes del primer equipo. Que han estado acompa\u00f1adas por las jugadoras del conjunto vinculado de la Universidad de Salamanca Elena Benito y Paula Oliva, ya habituales en otras campa\u00f1as, Daniela Gil, Nerea Guti\u00e9rrez y Paula Sans.<\/p>\n<p class=\"v-d-p\" style=\"\">Tanto la capitana como el entrenador han sentado las bases de este nuevo proyecto, coincidiendo ambos en que no tienen que marcarse objetivos m\u00e1s all\u00e1 del d\u00eda, pero tambi\u00e9n en que <strong>est\u00e1n convencidos de que va a ser una temporada muy positiva<\/strong>, adem\u00e1s de dar las primeras caracter\u00edsticas de la idea de juego, con intensidad, mucha defensa y un juego alegre en ataque.<\/p>\n<p>                <img decoding=\"async\" loading=\"lazy\" src=\"https:\/\/www.europesays.com\/es\/wp-content\/uploads\/2026\/08\/WhatsApp Image 2026-08-31 at 17.55.14 (1).jpeg\" class=\"v-a-img\" alt=\"Primera toma de contacto del nuevo Meins Avenida con el W\u00fcrzburg Silvia Dom\u00ednguez\"\/><\/p>\n<p>                <img decoding=\"async\" loading=\"lazy\" src=\"https:\/\/www.europesays.com\/es\/wp-content\/uploads\/2026\/08\/WhatsApp Image 2026-08-31 at 17.55.14.jpeg\" class=\"v-a-img\" alt=\"Primera toma de contacto del nuevo Meins Avenida con el W\u00fcrzburg Silvia Dom\u00ednguez\"\/><\/p>\n<p>                <img decoding=\"async\" loading=\"lazy\" src=\"https:\/\/www.europesays.com\/es\/wp-content\/uploads\/2026\/08\/WhatsApp Image 2026-08-31 at 17.55.13 (7).jpeg\" class=\"v-a-img\" alt=\"Primera toma de contacto del nuevo Meins Avenida con el W\u00fcrzburg Silvia Dom\u00ednguez\"\/><\/p>\n<p>                <img decoding=\"async\" loading=\"lazy\" src=\"https:\/\/www.europesays.com\/es\/wp-content\/uploads\/2026\/08\/WhatsApp Image 2026-08-31 at 17.55.13 (6).jpeg\" class=\"v-a-img\" alt=\"Primera toma de contacto del nuevo Meins Avenida con el W\u00fcrzburg Silvia Dom\u00ednguez\"\/><\/p>\n<p>                <img decoding=\"async\" loading=\"lazy\" src=\"https:\/\/www.europesays.com\/es\/wp-content\/uploads\/2026\/08\/WhatsApp Image 2026-08-31 at 17.55.13 (5).jpeg\" class=\"v-a-img\" alt=\"Primera toma de contacto del nuevo Meins Avenida con el W\u00fcrzburg Silvia Dom\u00ednguez\"\/><\/p>\n<p>                <img decoding=\"async\" loading=\"lazy\" src=\"https:\/\/www.europesays.com\/es\/wp-content\/uploads\/2026\/08\/WhatsApp Image 2026-08-31 at 17.55.13 (4).jpeg\" class=\"v-a-img\" alt=\"Primera toma de contacto del nuevo Meins Avenida con el W\u00fcrzburg Silvia Dom\u00ednguez\"\/><\/p>\n<p>                <img decoding=\"async\" loading=\"lazy\" src=\"https:\/\/www.europesays.com\/es\/wp-content\/uploads\/2026\/08\/WhatsApp Image 2026-08-31 at 17.55.13 (3).jpeg\" class=\"v-a-img\" alt=\"Primera toma de contacto del nuevo Meins Avenida con el W\u00fcrzburg Silvia Dom\u00ednguez\"\/><\/p>\n<p>                <img decoding=\"async\" loading=\"lazy\" src=\"https:\/\/www.europesays.com\/es\/wp-content\/uploads\/2026\/08\/WhatsApp Image 2026-08-31 at 17.55.13 (2).jpeg\" class=\"v-a-img\" alt=\"Primera toma de contacto del nuevo Meins Avenida con el W\u00fcrzburg Silvia Dom\u00ednguez\"\/><\/p>\n<p>                <img decoding=\"async\" loading=\"lazy\" src=\"https:\/\/www.europesays.com\/es\/wp-content\/uploads\/2026\/08\/WhatsApp Image 2026-08-31 at 17.55.13 (1).jpeg\" class=\"v-a-img\" alt=\"Primera toma de contacto del nuevo Meins Avenida con el W\u00fcrzburg Silvia Dom\u00ednguez\"\/><\/p>\n<p>                <img decoding=\"async\" loading=\"lazy\" src=\"https:\/\/www.europesays.com\/es\/wp-content\/uploads\/2026\/08\/WhatsApp Image 2026-08-31 at 17.55.13_20260831180240.jpeg\" class=\"v-a-img\" alt=\"Primera toma de contacto del nuevo Meins Avenida con el W\u00fcrzburg Silvia Dom\u00ednguez\"\/><\/p>\n<p>                <img decoding=\"async\" loading=\"lazy\" src=\"https:\/\/www.europesays.com\/es\/wp-content\/uploads\/2026\/08\/WhatsApp Image 2026-08-31 at 18.13.37 (4).jpeg\" class=\"v-a-img\" alt=\"Primera toma de contacto del nuevo Meins Avenida con el W\u00fcrzburg Silvia Dom\u00ednguez\"\/><\/p>\n<p>                <img decoding=\"async\" loading=\"lazy\" src=\"https:\/\/www.europesays.com\/es\/wp-content\/uploads\/2026\/08\/WhatsApp Image 2026-08-31 at 18.13.37 (3).jpeg\" class=\"v-a-img\" alt=\"Primera toma de contacto del nuevo Meins Avenida con el W\u00fcrzburg Silvia Dom\u00ednguez\"\/><\/p>\n<p>                <img decoding=\"async\" loading=\"lazy\" src=\"https:\/\/www.europesays.com\/es\/wp-content\/uploads\/2026\/08\/WhatsApp Image 2026-08-31 at 18.13.37 (2).jpeg\" class=\"v-a-img\" alt=\"Primera toma de contacto del nuevo Meins Avenida con el W\u00fcrzburg Silvia Dom\u00ednguez\"\/><\/p>\n<p>                <img decoding=\"async\" loading=\"lazy\" src=\"https:\/\/www.europesays.com\/es\/wp-content\/uploads\/2026\/08\/WhatsApp Image 2026-08-31 at 18.13.37 (1).jpeg\" class=\"v-a-img\" alt=\"Primera toma de contacto del nuevo Meins Avenida con el W\u00fcrzburg Silvia Dom\u00ednguez\"\/><\/p>\n<p>                <img decoding=\"async\" loading=\"lazy\" src=\"https:\/\/www.europesays.com\/es\/wp-content\/uploads\/2026\/08\/WhatsApp Image 2026-08-31 at 18.13.37.jpeg\" class=\"v-a-img\" alt=\"Primera toma de contacto del nuevo Meins Avenida con el W\u00fcrzburg Silvia Dom\u00ednguez\"\/><\/p>\n<p>                <img decoding=\"async\" loading=\"lazy\" src=\"https:\/\/www.europesays.com\/es\/wp-content\/uploads\/2026\/08\/WhatsApp Image 2026-08-31 at 18.13.36 (7).jpeg\" class=\"v-a-img\" alt=\"Primera toma de contacto del nuevo Meins Avenida con el W\u00fcrzburg Silvia Dom\u00ednguez\"\/><\/p>\n<p>                <img decoding=\"async\" loading=\"lazy\" src=\"https:\/\/www.europesays.com\/es\/wp-content\/uploads\/2026\/08\/WhatsApp Image 2026-08-31 at 18.13.36 (6).jpeg\" class=\"v-a-img\" alt=\"Primera toma de contacto del nuevo Meins Avenida con el W\u00fcrzburg Silvia Dom\u00ednguez\"\/><\/p>\n<p>                <img decoding=\"async\" loading=\"lazy\" src=\"https:\/\/www.europesays.com\/es\/wp-content\/uploads\/2026\/08\/WhatsApp Image 2026-08-31 at 18.13.36 (5).jpeg\" class=\"v-a-img\" alt=\"Primera toma de contacto del nuevo Meins Avenida con el W\u00fcrzburg Silvia Dom\u00ednguez\"\/><\/p>\n<p>                <img decoding=\"async\" loading=\"lazy\" src=\"https:\/\/www.europesays.com\/es\/wp-content\/uploads\/2026\/08\/WhatsApp Image 2026-08-31 at 18.13.36 (4).jpeg\" class=\"v-a-img\" alt=\"Primera toma de contacto del nuevo Meins Avenida con el W\u00fcrzburg Silvia Dom\u00ednguez\"\/><\/p>\n<p>                <img decoding=\"async\" loading=\"lazy\" src=\"https:\/\/www.europesays.com\/es\/wp-content\/uploads\/2026\/08\/WhatsApp Image 2026-08-31 at 18.13.36 (3).jpeg\" class=\"v-a-img\" alt=\"Primera toma de contacto del nuevo Meins Avenida con el W\u00fcrzburg Silvia Dom\u00ednguez\"\/><\/p>\n<p>                <img decoding=\"async\" loading=\"lazy\" src=\"https:\/\/www.europesays.com\/es\/wp-content\/uploads\/2026\/08\/WhatsApp Image 2026-08-31 at 18.13.36 (2).jpeg\" class=\"v-a-img\" alt=\"Primera toma de contacto del nuevo Meins Avenida con el W\u00fcrzburg Silvia Dom\u00ednguez\"\/><\/p>\n<p>                <img decoding=\"async\" loading=\"lazy\" src=\"https:\/\/www.europesays.com\/es\/wp-content\/uploads\/2026\/08\/WhatsApp Image 2026-08-31 at 18.13.36 (1).jpeg\" class=\"v-a-img\" alt=\"Primera toma de contacto del nuevo Meins Avenida con el W\u00fcrzburg Silvia Dom\u00ednguez\"\/><\/p>\n<p>                <img decoding=\"async\" loading=\"lazy\" src=\"https:\/\/www.europesays.com\/es\/wp-content\/uploads\/2026\/08\/WhatsApp Image 2026-08-31 at 18.13.36.jpeg\" class=\"v-a-img\" alt=\"Primera toma de contacto del nuevo Meins Avenida con el W\u00fcrzburg Silvia Dom\u00ednguez\"\/><\/p>\n<p>                <img decoding=\"async\" loading=\"lazy\" src=\"https:\/\/www.europesays.com\/es\/wp-content\/uploads\/2026\/08\/WhatsApp Image 2026-08-31 at 18.13.35 (6).jpeg\" class=\"v-a-img\" alt=\"Primera toma de contacto del nuevo Meins Avenida con el W\u00fcrzburg Silvia Dom\u00ednguez\"\/><\/p>\n<p>                <img decoding=\"async\" loading=\"lazy\" src=\"https:\/\/www.europesays.com\/es\/wp-content\/uploads\/2026\/08\/WhatsApp Image 2026-08-31 at 18.13.35 (5).jpeg\" class=\"v-a-img\" alt=\"Primera toma de contacto del nuevo Meins Avenida con el W\u00fcrzburg Silvia Dom\u00ednguez\"\/><\/p>\n<p>                <img decoding=\"async\" loading=\"lazy\" src=\"https:\/\/www.europesays.com\/es\/wp-content\/uploads\/2026\/08\/WhatsApp Image 2026-08-31 at 18.13.35 (4).jpeg\" class=\"v-a-img\" alt=\"Primera toma de contacto del nuevo Meins Avenida con el W\u00fcrzburg Silvia Dom\u00ednguez\"\/><\/p>\n<p>                <img decoding=\"async\" loading=\"lazy\" src=\"https:\/\/www.europesays.com\/es\/wp-content\/uploads\/2026\/08\/WhatsApp Image 2026-08-31 at 18.13.35 (3).jpeg\" class=\"v-a-img\" alt=\"Primera toma de contacto del nuevo Meins Avenida con el W\u00fcrzburg Silvia Dom\u00ednguez\"\/><\/p>\n<p>                <img decoding=\"async\" loading=\"lazy\" src=\"https:\/\/www.europesays.com\/es\/wp-content\/uploads\/2026\/08\/WhatsApp Image 2026-08-31 at 18.13.35 (2).jpeg\" class=\"v-a-img\" alt=\"Primera toma de contacto del nuevo Meins Avenida con el W\u00fcrzburg Silvia Dom\u00ednguez\"\/><\/p>\n<p>                <img decoding=\"async\" loading=\"lazy\" src=\"https:\/\/www.europesays.com\/es\/wp-content\/uploads\/2026\/08\/WhatsApp Image 2026-08-31 at 18.13.35 (1).jpeg\" class=\"v-a-img\" alt=\"Primera toma de contacto del nuevo Meins Avenida con el W\u00fcrzburg Silvia Dom\u00ednguez\"\/><\/p>\n<p>                <img decoding=\"async\" loading=\"lazy\" src=\"https:\/\/www.europesays.com\/es\/wp-content\/uploads\/2026\/08\/WhatsApp Image 2026-08-31 at 18.13.35.jpeg\" class=\"v-a-img\" alt=\"Primera toma de contacto del nuevo Meins Avenida con el W\u00fcrzburg Silvia Dom\u00ednguez\"\/><\/p>\n","protected":false},"excerpt":{"rendered":"Meins Avenida ha comenzado los entrenamientos en el W\u00fcrzburg Silvia Dom\u00ednguez con siete jugadoras de la primera plantilla&hellip;\n","protected":false},"author":2,"featured_media":740581,"comment_status":"","ping_status":"","sticky":false,"template":"","format":"standard","meta":{"footnotes":""},"categories":[269],"tags":[14092,299,298,20170,168,4061,25,24,108095,524,1078,15615,23,167,4350,66794],"class_list":["post-740580","post","type-post","status-publish","format-standard","has-post-thumbnail","category-baloncesto","tag-avenida","tag-baloncesto","tag-basketball","tag-contacto","tag-deportes","tag-dominguez","tag-es","tag-espana","tag-meins","tag-nuevo","tag-primera","tag-silvia","tag-spain","tag-sports","tag-toma","tag-wurzburg"],"share_on_mastodon":{"url":"https:\/\/pubeurope.com\/@es\/117191158545968319","error":""},"_links":{"self":[{"href":"https:\/\/www.europesays.com\/es\/wp-json\/wp\/v2\/posts\/740580","targetHints":{"allow":["GET"]}}],"collection":[{"href":"https:\/\/www.europesays.com\/es\/wp-json\/wp\/v2\/posts"}],"about":[{"href":"https:\/\/www.europesays.com\/es\/wp-json\/wp\/v2\/types\/post"}],"author":[{"embeddable":true,"href":"https:\/\/www.europesays.com\/es\/wp-json\/wp\/v2\/users\/2"}],"replies":[{"embeddable":true,"href":"https:\/\/www.europesays.com\/es\/wp-json\/wp\/v2\/comments?post=740580"}],"version-history":[{"count":0,"href":"https:\/\/www.europesays.com\/es\/wp-json\/wp\/v2\/posts\/740580\/revisions"}],"wp:featuredmedia":[{"embeddable":true,"href":"https:\/\/www.europesays.com\/es\/wp-json\/wp\/v2\/media\/740581"}],"wp:attachment":[{"href":"https:\/\/www.europesays.com\/es\/wp-json\/wp\/v2\/media?parent=740580"}],"wp:term":[{"taxonomy":"category","embeddable":true,"href":"https:\/\/www.europesays.com\/es\/wp-json\/wp\/v2\/categories?post=740580"},{"taxonomy":"post_tag","embeddable":true,"href":"https:\/\/www.europesays.com\/es\/wp-json\/wp\/v2\/tags?post=740580"}],"curies":[{"name":"wp","href":"https:\/\/api.w.org\/{rel}","templated":true}]}}